{"id":671610,"date":"2023-12-21T11:43:51","date_gmt":"2023-12-21T07:43:51","guid":{"rendered":"https:\/\/arantv.az\/?p=671610"},"modified":"2023-12-21T11:43:51","modified_gmt":"2023-12-21T07:43:51","slug":"turkiy%c9%99li-nazir-az%c9%99rbaycan-orta-d%c9%99hlizin-on%c9%99mli-olk%c9%99l%c9%99rind%c9%99dir","status":"publish","type":"post","link":"https:\/\/arantv.az\/?p=671610","title":{"rendered":"T\u00fcrkiy\u0259li nazir: \u201cAz\u0259rbaycan Orta D\u0259hlizin \u00f6n\u0259mli \u00f6lk\u0259l\u0259rind\u0259dir\u201d"},"content":{"rendered":"<p>\u201cZ\u0259ng\u0259zur d\u0259hlizinin a\u00e7\u0131lmas\u0131 il\u0259 T\u00fcrkiy\u0259 il\u0259 Az\u0259rbaycan aras\u0131nda Nax\u00e7\u0131van \u00fcz\u0259rind\u0259n quru yol ba\u011flant\u0131s\u0131 olacaq\u201d.<\/p>\n<p>\u201cReport\u201d x\u0259b\u0259r verir ki, bunu T\u00fcrkiy\u0259nin ticar\u0259t naziri \u00d6m\u0259r Bolat Bak\u0131da ke\u00e7iril\u0259n, \u00fcmummilli lider Heyd\u0259r \u018fliyevin v\u0259 T\u00fcrkiy\u0259 C\u00fcmhuriyy\u0259tinin 100 illiyin\u0259 h\u0259sr edilmi\u015f Az\u0259rbaycan-T\u00fcrkiy\u0259 \u0130nvestisiya Forumunda bildirib.<\/p>\n<p>Nazir qeyd edib ki, Nax\u00e7\u0131van T\u00fcrkiy\u0259 \u00fc\u00e7\u00fcn \u00e7ox \u00f6n\u0259mlidir:<\/p>\n<p>\u201cNax\u00e7\u0131van\u0131n iqtisadiyyat\u0131n\u0131n geni\u015fl\u0259ndirilm\u0259sini arzu edilir\u201d.<\/p>\n<p>O deyib ki, Az\u0259rbaycan Orta D\u0259hlizin \u00f6n\u0259mli \u00f6lk\u0259l\u0259rind\u0259dir:<\/p>\n<p>\u201c\u0130stanbuldan Bak\u0131ya y\u00fck da\u015f\u0131man\u0131 rahat v\u0259 r\u0259qab\u0259tqabiliyy\u0259tli olmas\u0131n\u0131 arzu edirik. Bunun \u00fc\u00e7\u00fcn T\u00fcrkiy\u0259 olaraq h\u0259r c\u00fcr d\u0259st\u0259yi verm\u0259y\u0259 haz\u0131r\u0131q\u201d.<\/p>\n","protected":false},"excerpt":{"rendered":"<p>\u201cZ\u0259ng\u0259zur d\u0259hlizinin a\u00e7\u0131lmas\u0131 il\u0259 T\u00fcrkiy\u0259 il\u0259 Az\u0259rbaycan aras\u0131nda Nax\u00e7\u0131van \u00fcz\u0259rind\u0259n quru yol ba\u011flant\u0131s\u0131 olacaq\u201d. \u201cReport\u201d x\u0259b\u0259r verir ki, bunu T\u00fcrkiy\u0259nin ticar\u0259t naziri \u00d6m\u0259r Bolat Bak\u0131da ke\u00e7iril\u0259n, \u00fcmummilli lider Heyd\u0259r \u018fliyevin v\u0259 T\u00fcrkiy\u0259 C\u00fcmhuriyy\u0259tinin 100 illiyin\u0259 h\u0259sr edilmi\u015f Az\u0259rbaycan-T\u00fcrkiy\u0259 \u0130nvestisiya Forumunda bildirib. Nazir qeyd edib ki, Nax\u00e7\u0131van T\u00fcrkiy\u0259 \u00fc\u00e7\u00fcn \u00e7ox \u00f6n\u0259mlidir: \u201cNax\u00e7\u0131van\u0131n iqtisadiyyat\u0131n\u0131n geni\u015fl\u0259ndirilm\u0259sini arzu edilir\u201d. O deyib ki, Az\u0259rbaycan Orta D\u0259hlizin \u00f6n\u0259mli \u00f6lk\u0259l\u0259rind\u0259dir: \u201c\u0130stanbuldan Bak\u0131ya y\u00fck da\u015f\u0131man\u0131 rahat v\u0259 r\u0259qab\u0259tqabiliyy\u0259tli olmas\u0131n\u0131 arzu edirik. Bunun \u00fc\u00e7\u00fcn T\u00fcrkiy\u0259 olaraq h\u0259r c\u00fcr d\u0259st\u0259yi verm\u0259y\u0259 haz\u0131r\u0131q\u201d.<\/p>\n","protected":false},"author":2,"featured_media":671611,"comment_status":"closed","ping_status":"closed","sticky":false,"template":"","format":"standard","meta":{"om_disable_all_campaigns":false,"_monsterinsights_skip_tracking":false,"_monsterinsights_sitenote_active":false,"_monsterinsights_sitenote_note":"","_monsterinsights_sitenote_category":0},"categories":[19],"tags":[],"aioseo_notices":[],"gutentor_comment":0,"rttpg_featured_image_url":{"full":["https:\/\/arantv.az\/wp-content\/uploads\/2023\/12\/cdeb799b-83b7-3a8c-aa70-fd160d41e232_850.jpg",620,413,false],"landscape":["https:\/\/arantv.az\/wp-content\/uploads\/2023\/12\/cdeb799b-83b7-3a8c-aa70-fd160d41e232_850.jpg",620,413,false],"portraits":["https:\/\/arantv.az\/wp-content\/uploads\/2023\/12\/cdeb799b-83b7-3a8c-aa70-fd160d41e232_850.jpg",620,413,false],"thumbnail":["https:\/\/arantv.az\/wp-content\/uploads\/2023\/12\/cdeb799b-83b7-3a8c-aa70-fd160d41e232_850-500x280.jpg",500,280,true],"medium":["https:\/\/arantv.az\/wp-content\/uploads\/2023\/12\/cdeb799b-83b7-3a8c-aa70-fd160d41e232_850-548x365.jpg",548,365,true],"large":["https:\/\/arantv.az\/wp-content\/uploads\/2023\/12\/cdeb799b-83b7-3a8c-aa70-fd160d41e232_850.jpg",620,413,false],"1536x1536":["https:\/\/arantv.az\/wp-content\/uploads\/2023\/12\/cdeb799b-83b7-3a8c-aa70-fd160d41e232_850.jpg",620,413,false],"2048x2048":["https:\/\/arantv.az\/wp-content\/uploads\/2023\/12\/cdeb799b-83b7-3a8c-aa70-fd160d41e232_850.jpg",620,413,false],"post-thumbnail":["https:\/\/arantv.az\/wp-content\/uploads\/2023\/12\/cdeb799b-83b7-3a8c-aa70-fd160d41e232_850-240x172.jpg",240,172,true],"advps-thumb-one":["https:\/\/arantv.az\/wp-content\/uploads\/2023\/12\/cdeb799b-83b7-3a8c-aa70-fd160d41e232_850.jpg",620,413,false]},"rttpg_author":{"display_name":"V\u00fcsal Rafiqo\u011flu","author_link":"https:\/\/arantv.az\/?author=2"},"rttpg_comment":0,"rttpg_category":"<a href=\"https:\/\/arantv.az\/?cat=19\" rel=\"category\">G\u00fcnd\u0259m<\/a>","rttpg_excerpt":"\u201cZ\u0259ng\u0259zur d\u0259hlizinin a\u00e7\u0131lmas\u0131 il\u0259 T\u00fcrkiy\u0259 il\u0259 Az\u0259rbaycan aras\u0131nda Nax\u00e7\u0131van \u00fcz\u0259rind\u0259n quru yol ba\u011flant\u0131s\u0131 olacaq\u201d. \u201cReport\u201d x\u0259b\u0259r verir ki, bunu T\u00fcrkiy\u0259nin ticar\u0259t naziri \u00d6m\u0259r Bolat Bak\u0131da ke\u00e7iril\u0259n, \u00fcmummilli lider Heyd\u0259r \u018fliyevin v\u0259 T\u00fcrkiy\u0259 C\u00fcmhuriyy\u0259tinin 100 illiyin\u0259 h\u0259sr edilmi\u015f Az\u0259rbaycan-T\u00fcrkiy\u0259 \u0130nvestisiya Forumunda bildirib. Nazir qeyd edib ki, Nax\u00e7\u0131van T\u00fcrkiy\u0259 \u00fc\u00e7\u00fcn \u00e7ox \u00f6n\u0259mlidir: \u201cNax\u00e7\u0131van\u0131n iqtisadiyyat\u0131n\u0131n geni\u015fl\u0259ndirilm\u0259sini arzu edilir\u201d.&hellip;","_links":{"self":[{"href":"https:\/\/arantv.az\/index.php?rest_route=\/wp\/v2\/posts\/671610"}],"collection":[{"href":"https:\/\/arantv.az\/index.php?rest_route=\/wp\/v2\/posts"}],"about":[{"href":"https:\/\/arantv.az\/index.php?rest_route=\/wp\/v2\/types\/post"}],"author":[{"embeddable":true,"href":"https:\/\/arantv.az\/index.php?rest_route=\/wp\/v2\/users\/2"}],"replies":[{"embeddable":true,"href":"https:\/\/arantv.az\/index.php?rest_route=%2Fwp%2Fv2%2Fcomments&post=671610"}],"version-history":[{"count":0,"href":"https:\/\/arantv.az\/index.php?rest_route=\/wp\/v2\/posts\/671610\/revisions"}],"wp:featuredmedia":[{"embeddable":true,"href":"https:\/\/arantv.az\/index.php?rest_route=\/wp\/v2\/media\/671611"}],"wp:attachment":[{"href":"https:\/\/arantv.az\/index.php?rest_route=%2Fwp%2Fv2%2Fmedia&parent=671610"}],"wp:term":[{"taxonomy":"category","embeddable":true,"href":"https:\/\/arantv.az\/index.php?rest_route=%2Fwp%2Fv2%2Fcategories&post=671610"},{"taxonomy":"post_tag","embeddable":true,"href":"https:\/\/arantv.az\/index.php?rest_route=%2Fwp%2Fv2%2Ftags&post=671610"}],"curies":[{"name":"wp","href":"https:\/\/api.w.org\/{rel}","templated":true}]}}