{"id":67176,"date":"2019-06-17T15:31:27","date_gmt":"2019-06-17T12:31:27","guid":{"rendered":"http:\/\/arantv.az\/?p=67176"},"modified":"2019-06-17T15:31:27","modified_gmt":"2019-06-17T12:31:27","slug":"elcib%c9%99y-m%c9%99n%c9%99-bas-nazir-heyd%c9%99r-%c9%99liyev-is%c9%99-bas-nazirin-muavini-v%c9%99zif%c9%99sini-t%c9%99klif-etdi","status":"publish","type":"post","link":"https:\/\/arantv.az\/?p=67176","title":{"rendered":"&#8220;El\u00e7ib\u0259y m\u0259n\u0259 ba\u015f nazir, Heyd\u0259r \u018fliyev is\u0259 ba\u015f nazirin m\u00fcavini v\u0259zif\u0259sini t\u0259klif etdi&#8221;"},"content":{"rendered":"<p>1993-c\u00fc ilin bu g\u00fcnl\u0259rind\u0259 Az\u0259rbaycanda ba\u015f ver\u0259n ziddiyy\u0259tli olaylarda \u00fczd\u0259 olan fiqurlardan biri d\u0259 sabiq AM\u0130P lideri Etibar M\u0259mm\u0259dov olub. O d\u00f6vrd\u0259 E. M\u0259mm\u0259dova m\u00fcxt\u0259lif v\u0259zif\u0259l\u0259r t\u0259klif olunmas\u0131, lakin onun raz\u0131la\u015fmamas\u0131 haqda s\u00f6z-s\u00f6hb\u0259tl\u0259r dola\u015f\u0131rd\u0131. B\u0259s o g\u00fcnl\u0259rd\u0259 Az\u0259rbaycan\u0131n apar\u0131c\u0131 m\u00fcxalif siyasi liderl\u0259rind\u0259n olan bu \u015f\u0259xs n\u0259d\u0259n v\u0259zif\u0259siz qal\u0131b?<\/p>\n<p><b>ARANTV.AZ\u00a0<\/b>\u00a0x\u0259b\u0259r verir ki, Etibar M\u0259mm\u0259dov Moderator.az-a a\u00e7\u0131qlamas\u0131nda h\u0259min m\u0259s\u0259l\u0259l\u0259r\u0259 m\u00fcnasib\u0259t bildirib<\/p>\n<p>-Etibar b\u0259y, 1993-c\u00fc ilin iyununda AXC iqtidar\u0131 v\u0259 Heyd\u0259r \u018fliyevl\u0259 hakimiyy\u0259t b\u00f6lg\u00fcs\u00fc m\u00fczakir\u0259l\u0259rind\u0259 sizin i\u015ftirak\u0131n\u0131z nec\u0259 olub?<br \/>\n&#8211; O d\u00f6vrd\u0259 m\u0259n\u0259 m\u00fcxt\u0259lif t\u0259klifl\u0259r edilib. El\u00e7ib\u0259y K\u0259l\u0259kiy\u0259 getm\u0259mi\u015fd\u0259n \u00f6nc\u0259 Ba\u015f nazir v\u0259zif\u0259si t\u0259klif etmi\u015fdi. H\u0259tta ax\u0131r\u0131nc\u0131 g\u00fcn, y\u0259ni iyunun 17-d\u0259 g\u00fcnd\u00fcz m\u0259n m\u00fc\u0259yy\u0259n \u015f\u0259rtl\u0259r ir\u0259li s\u00fcrm\u00fc\u015fd\u00fcm, onlar da raz\u0131la\u015fd\u0131r\u0131lm\u0131\u015fd\u0131 v\u0259 m\u0259n h\u00f6kum\u0259t ba\u015f\u0131nda durma\u011fa raz\u0131l\u0131q vermi\u015fdim. Lakin h\u0259min gec\u0259 El\u00e7ib\u0259y \u00e7\u0131x\u0131b getdi v\u0259 bununla da m\u0259s\u0259l\u0259l\u0259r d\u0259yi\u015fdi. Heyd\u0259r \u018fliyev d\u0259 v\u0259zif\u0259l\u0259r t\u0259klif edib m\u0259n\u0259. Sad\u0259c\u0259, ona da bildirmi\u015f\u0259m ki, m\u0259nim m\u0259qs\u0259dim v\u0259zif\u0259 x\u0259trin\u0259 post tutmaq deyil. M\u0259n sizinl\u0259 \u00f6lk\u0259niin inki\u015faf\u0131 haqda m\u00fc\u0259yy\u0259n raz\u0131la\u015fmaya g\u0259lm\u0259liy\u0259m, bilm\u0259liy\u0259m ki, siz \u00f6lk\u0259ni hans\u0131 istiqam\u0259t\u0259 aparacaqs\u0131n\u0131z. \u018fsas t\u0259l\u0259bim d\u0259 ondan ibar\u0259t olub ki, Konstitusiyada d\u0259yi\u015fiklik edilm\u0259li, yenid\u0259n parlament se\u00e7kil\u0259ri ke\u00e7irilm\u0259li, yaln\u0131z bundan sonra prezident se\u00e7kil\u0259ri ke\u00e7irilm\u0259lidir. Lakin Heyd\u0259r \u018fliyev h\u0259min \u015f\u0259rtl\u0259rl\u0259 raz\u0131la\u015fmad\u0131 v\u0259 ona g\u00f6r\u0259 d\u0259 m\u0259n he\u00e7 bir v\u0259zif\u0259ni q\u0259bul etm\u0259dim. Burada gizlin bir \u015fey yoxdur&#8230;<\/p>\n<p>-Ba\u015f nazir v\u0259zif\u0259sini El\u00e7ib\u0259y \u00f6z\u00fc \u015f\u0259xs\u0259n t\u0259klif etdi siz\u0259?<br \/>\n-B\u0259li. Heyd\u0259r \u018fliyevl\u0259 birlikd\u0259 s\u00f6hb\u0259t zaman\u0131. \u018fvv\u0259lc\u0259 iyunun 15-d\u0259, sonra 16-da t\u0259klif edilib. \u0130yunun 17-d\u0259 g\u00fcnorta saatlar\u0131nda is\u0259 dediyim kimi, El\u00e7ib\u0259yl\u0259 t\u0259kb\u0259t\u0259k g\u00f6r\u00fc\u015f\u0259nd\u0259 o, ba\u015f nazir olma\u011f\u0131m bar\u0259d\u0259 t\u0259klifi verib v\u0259 h\u0259tta deyib ki, bu haqda f\u0259rman da haz\u0131rd\u0131r. Ax\u015fam da yenid\u0259n g\u00f6r\u00fc\u015f\u00fcb raz\u0131l\u0131\u011fa g\u0259lmi\u015fik&#8230;<\/p>\n<p>-B\u0259s \u018fb\u00fclf\u0259z b\u0259y K\u0259l\u0259kiy\u0259 getdikd\u0259n sonra Heyd\u0259r \u018fliyev \u00f6z\u00fc ayr\u0131l\u0131qda hans\u0131 v\u0259zif\u0259ni t\u0259klif etdi?<br \/>\n-Heyd\u0259r \u018fliyev Ali Sovetin s\u0259dri olanda m\u0259n\u0259 1-ci m\u00fcavin v\u0259zif\u0259sini t\u0259klif edib. Daha sonra is\u0259 ba\u015f nazirin 1-ci m\u00fcavini v\u0259 xarici i\u015fl\u0259r naziri v\u0259zif\u0259l\u0259rini&#8230; Lakin dediyim kimi, m\u0259nim \u015f\u0259rtl\u0259rim q\u0259bul edilm\u0259diyimd\u0259n bunlar\u0131n he\u00e7 biri il\u0259 raz\u0131la\u015fmam\u0131\u015fam.<\/p>\n<p>-Bel\u0259 \u00e7\u0131x\u0131r ki, siz o d\u00f6vrd\u0259 Az\u0259rbaycanda yaranm\u0131\u015f xaotik situasiyada Heyd\u0259r \u018fliyevin hakimiyy\u0259t\u0259 qay\u0131d\u0131\u015f\u0131 il\u0259 raz\u0131la\u015fm\u0131s\u0131n\u0131z?<br \/>\n-Bilirsiz, Heyd\u0259r \u018fliyev o d\u00f6vrd\u0259 h\u0259lledici fiqurlardan biri idi. Lakin yen\u0259 deyir\u0259m, Heyd\u0259r \u018fliyevi Bak\u0131ya m\u0259n d\u0259v\u0259t etm\u0259mi\u015f\u0259m. Bu, AXC liderl\u0259rinin \u00f6zl\u0259rinin t\u0259\u015f\u0259bb\u00fcs\u00fc il\u0259 olub. Onlar y\u0131\u011f\u0131\u015f\u0131b bel\u0259 q\u0259rara g\u0259libl\u0259r ki, Heyd\u0259r \u018fliyevi Bak\u0131ya d\u0259v\u0259t etsinl\u0259r v\u0259 ona hakimiyy\u0259t b\u00f6lg\u00fcs\u00fcn\u00fc d\u0259 t\u0259klif etsinl\u0259r. \u0130ndiy\u0259d\u0259k bunu d\u0259f\u0259l\u0259rl\u0259 \u0130sa Q\u0259mb\u0259r, P\u0259nah H\u00fcseyn v\u0259 dig\u0259rl\u0259ri d\u0259 etiraf edib ki, biz o vaxt topland\u0131q v\u0259 bel\u0259 q\u0259rara g\u0259ldik. Hakimiyy\u0259td\u0259kil\u0259r bel\u0259 bir q\u0259rara g\u0259ldikd\u0259n sonra m\u0259\u0259n niy\u0259 etiraz etm\u0259li idim?..<\/p>\n","protected":false},"excerpt":{"rendered":"<p>1993-c\u00fc ilin bu g\u00fcnl\u0259rind\u0259 Az\u0259rbaycanda ba\u015f ver\u0259n ziddiyy\u0259tli olaylarda \u00fczd\u0259 olan fiqurlardan biri d\u0259 sabiq AM\u0130P lideri Etibar M\u0259mm\u0259dov olub. O d\u00f6vrd\u0259 E. M\u0259mm\u0259dova m\u00fcxt\u0259lif v\u0259zif\u0259l\u0259r t\u0259klif olunmas\u0131, lakin onun raz\u0131la\u015fmamas\u0131 haqda s\u00f6z-s\u00f6hb\u0259tl\u0259r dola\u015f\u0131rd\u0131. B\u0259s o g\u00fcnl\u0259rd\u0259 Az\u0259rbaycan\u0131n apar\u0131c\u0131 m\u00fcxalif siyasi liderl\u0259rind\u0259n olan bu \u015f\u0259xs n\u0259d\u0259n v\u0259zif\u0259siz qal\u0131b? ARANTV.AZ\u00a0\u00a0x\u0259b\u0259r verir ki, Etibar M\u0259mm\u0259dov Moderator.az-a a\u00e7\u0131qlamas\u0131nda h\u0259min m\u0259s\u0259l\u0259l\u0259r\u0259 m\u00fcnasib\u0259t bildirib -Etibar b\u0259y, 1993-c\u00fc ilin iyununda AXC iqtidar\u0131 v\u0259 Heyd\u0259r \u018fliyevl\u0259 hakimiyy\u0259t b\u00f6lg\u00fcs\u00fc m\u00fczakir\u0259l\u0259rind\u0259 sizin i\u015ftirak\u0131n\u0131z nec\u0259 olub? &#8211; O d\u00f6vrd\u0259 m\u0259n\u0259 m\u00fcxt\u0259lif t\u0259klifl\u0259r edilib. El\u00e7ib\u0259y K\u0259l\u0259kiy\u0259 getm\u0259mi\u015fd\u0259n \u00f6nc\u0259 Ba\u015f nazir v\u0259zif\u0259si&hellip;<\/p>\n","protected":false},"author":2,"featured_media":67177,"comment_status":"closed","ping_status":"closed","sticky":false,"template":"","format":"standard","meta":{"om_disable_all_campaigns":false,"_monsterinsights_skip_tracking":false,"_monsterinsights_sitenote_active":false,"_monsterinsights_sitenote_note":"","_monsterinsights_sitenote_category":0},"categories":[1],"tags":[],"aioseo_notices":[],"gutentor_comment":0,"rttpg_featured_image_url":{"full":["https:\/\/arantv.az\/wp-content\/uploads\/2019\/06\/1560772452_untitled-1.jpg",549,366,false],"landscape":["https:\/\/arantv.az\/wp-content\/uploads\/2019\/06\/1560772452_untitled-1.jpg",549,366,false],"portraits":["https:\/\/arantv.az\/wp-content\/uploads\/2019\/06\/1560772452_untitled-1.jpg",549,366,false],"thumbnail":["https:\/\/arantv.az\/wp-content\/uploads\/2019\/06\/1560772452_untitled-1-150x150.jpg",150,150,true],"medium":["https:\/\/arantv.az\/wp-content\/uploads\/2019\/06\/1560772452_untitled-1-300x200.jpg",300,200,true],"large":["https:\/\/arantv.az\/wp-content\/uploads\/2019\/06\/1560772452_untitled-1.jpg",549,366,false],"1536x1536":["https:\/\/arantv.az\/wp-content\/uploads\/2019\/06\/1560772452_untitled-1.jpg",549,366,false],"2048x2048":["https:\/\/arantv.az\/wp-content\/uploads\/2019\/06\/1560772452_untitled-1.jpg",549,366,false],"post-thumbnail":["https:\/\/arantv.az\/wp-content\/uploads\/2019\/06\/1560772452_untitled-1-240x172.jpg",240,172,true],"advps-thumb-one":["https:\/\/arantv.az\/wp-content\/uploads\/2019\/06\/1560772452_untitled-1.jpg",549,366,false]},"rttpg_author":{"display_name":"V\u00fcsal Rafiqo\u011flu","author_link":"https:\/\/arantv.az\/?author=2"},"rttpg_comment":0,"rttpg_category":"<a href=\"https:\/\/arantv.az\/?cat=1\" rel=\"category\">C\u0259miyy\u0259t<\/a>","rttpg_excerpt":"1993-c\u00fc ilin bu g\u00fcnl\u0259rind\u0259 Az\u0259rbaycanda ba\u015f ver\u0259n ziddiyy\u0259tli olaylarda \u00fczd\u0259 olan fiqurlardan biri d\u0259 sabiq AM\u0130P lideri Etibar M\u0259mm\u0259dov olub. O d\u00f6vrd\u0259 E. M\u0259mm\u0259dova m\u00fcxt\u0259lif v\u0259zif\u0259l\u0259r t\u0259klif olunmas\u0131, lakin onun raz\u0131la\u015fmamas\u0131 haqda s\u00f6z-s\u00f6hb\u0259tl\u0259r dola\u015f\u0131rd\u0131. B\u0259s o g\u00fcnl\u0259rd\u0259 Az\u0259rbaycan\u0131n apar\u0131c\u0131 m\u00fcxalif siyasi liderl\u0259rind\u0259n olan bu \u015f\u0259xs n\u0259d\u0259n v\u0259zif\u0259siz qal\u0131b? ARANTV.AZ\u00a0\u00a0x\u0259b\u0259r verir ki, Etibar M\u0259mm\u0259dov Moderator.az-a a\u00e7\u0131qlamas\u0131nda&hellip;","_links":{"self":[{"href":"https:\/\/arantv.az\/index.php?rest_route=\/wp\/v2\/posts\/67176"}],"collection":[{"href":"https:\/\/arantv.az\/index.php?rest_route=\/wp\/v2\/posts"}],"about":[{"href":"https:\/\/arantv.az\/index.php?rest_route=\/wp\/v2\/types\/post"}],"author":[{"embeddable":true,"href":"https:\/\/arantv.az\/index.php?rest_route=\/wp\/v2\/users\/2"}],"replies":[{"embeddable":true,"href":"https:\/\/arantv.az\/index.php?rest_route=%2Fwp%2Fv2%2Fcomments&post=67176"}],"version-history":[{"count":0,"href":"https:\/\/arantv.az\/index.php?rest_route=\/wp\/v2\/posts\/67176\/revisions"}],"wp:featuredmedia":[{"embeddable":true,"href":"https:\/\/arantv.az\/index.php?rest_route=\/wp\/v2\/media\/67177"}],"wp:attachment":[{"href":"https:\/\/arantv.az\/index.php?rest_route=%2Fwp%2Fv2%2Fmedia&parent=67176"}],"wp:term":[{"taxonomy":"category","embeddable":true,"href":"https:\/\/arantv.az\/index.php?rest_route=%2Fwp%2Fv2%2Fcategories&post=67176"},{"taxonomy":"post_tag","embeddable":true,"href":"https:\/\/arantv.az\/index.php?rest_route=%2Fwp%2Fv2%2Ftags&post=67176"}],"curies":[{"name":"wp","href":"https:\/\/api.w.org\/{rel}","templated":true}]}}