{"id":67194,"date":"2019-06-17T16:37:58","date_gmt":"2019-06-17T13:37:58","guid":{"rendered":"http:\/\/arantv.az\/?p=67194"},"modified":"2019-06-17T16:37:58","modified_gmt":"2019-06-17T13:37:58","slug":"istifad%c9%99y%c9%99-yararsiz-%c9%99t-askar-edilib","status":"publish","type":"post","link":"https:\/\/arantv.az\/?p=67194","title":{"rendered":"\u0130stifad\u0259y\u0259 yarars\u0131z \u0259t a\u015fkar edilib"},"content":{"rendered":"<p><strong>\u018fhalinin \u0259rzaq t\u0259hl\u00fck\u0259sizliyinin t\u0259min edilm\u0259si, insan sa\u011flaml\u0131\u011f\u0131na ciddi z\u0259r\u0259r vuran, istifad\u0259y\u0259 yarars\u0131z yeyinti m\u0259hsullar\u0131n\u0131n sat\u0131\u015f\u0131n\u0131n qar\u015f\u0131s\u0131n\u0131n al\u0131nmas\u0131 istiqam\u0259tind\u0259 polis orqanlar\u0131n\u0131n aidiyyat\u0131 qurumlarla birg\u0259\u00a0t\u0259dbirl\u0259ri davam etdirilir.<\/strong><\/p>\n<p><b>ARANTV.AZ\u00a0<\/b>x\u0259b\u0259r verir ki, N\u00f6vb\u0259ti bel\u0259 t\u0259dbir iyunun 16-da Daxili \u0130\u015fl\u0259r Nazirliyi \u0259m\u0259kda\u015flar\u0131n\u0131n v\u0259 Qida T\u0259hl\u00fck\u0259sizliyi Agentliyinin n\u00fcmay\u0259nd\u0259l\u0259rinin i\u015ftirak\u0131 il\u0259\u00a0<a class=\"kw-link\" title=\"A\u011fdam x\u0259b\u0259rl\u0259ri\" href=\"https:\/\/metbuat.az\/news\/search?q=a%C4%9Fdam\" target=\"_blank\" rel=\"noopener\">A\u011fdam<\/a>rayonu \u0259razisind\u0259 ke\u00e7irilib.<\/p>\n<article id=\"maincontent\" class=\"normal-text\">Maqsudlu k\u0259nd sakini Yav\u0259r Azadovun idar\u0259 etdiyi \u201cQAZ-2410\u201d markal\u0131 avtomobil\u0259 bax\u0131\u015f zaman\u0131<strong>\u00a0<\/strong>m\u0259n\u015f\u0259yi m\u0259lum olmayan, nat\u0259miz v\u0259ziyy\u0259td\u0259 v\u0259 istifad\u0259y\u0259 yarars\u0131z 120 kiloqram \u00e7\u0259kid\u0259 mal \u0259ti a\u015fkar edilib.<\/p>\n<p>\u018ftd\u0259n g\u00f6t\u00fcr\u00fclm\u00fc\u015f n\u00fcmun\u0259l\u0259r m\u00fcvafiq ekspertizan\u0131n ke\u00e7irilm\u0259si \u00fc\u00e7\u00fcn Qida T\u0259hl\u00fck\u0259sizliyi Agentliyinin laboratoriyas\u0131na t\u0259hvil verilib.<\/p>\n<p>Ara\u015fd\u0131rmalar apar\u0131l\u0131r.<\/p>\n<div id=\"fb-root\" class=\" fb_reset\">\n<div>\n<div><\/div>\n<div><\/div>\n<\/div>\n<\/div>\n<div class=\"fb-like fb_iframe_widget\" data-href=\"\/news\/1209073\/istifadeye-yararsiz-et-askar-edilib.html\" data-show_faces=\"false\" data-layout=\"button_count\"><\/div>\n<\/article>\n<div class=\"news_in_other_images\">\n<div class=\"row\">\n<div class=\"col-xs-6 col-lg-3\"><\/div>\n<div>Metbuat.az<\/div>\n<\/div>\n<\/div>\n","protected":false},"excerpt":{"rendered":"<p>\u018fhalinin \u0259rzaq t\u0259hl\u00fck\u0259sizliyinin t\u0259min edilm\u0259si, insan sa\u011flaml\u0131\u011f\u0131na ciddi z\u0259r\u0259r vuran, istifad\u0259y\u0259 yarars\u0131z yeyinti m\u0259hsullar\u0131n\u0131n sat\u0131\u015f\u0131n\u0131n qar\u015f\u0131s\u0131n\u0131n al\u0131nmas\u0131 istiqam\u0259tind\u0259 polis orqanlar\u0131n\u0131n aidiyyat\u0131 qurumlarla birg\u0259\u00a0t\u0259dbirl\u0259ri davam etdirilir. ARANTV.AZ\u00a0x\u0259b\u0259r verir ki, N\u00f6vb\u0259ti bel\u0259 t\u0259dbir iyunun 16-da Daxili \u0130\u015fl\u0259r Nazirliyi \u0259m\u0259kda\u015flar\u0131n\u0131n v\u0259 Qida T\u0259hl\u00fck\u0259sizliyi Agentliyinin n\u00fcmay\u0259nd\u0259l\u0259rinin i\u015ftirak\u0131 il\u0259\u00a0A\u011fdamrayonu \u0259razisind\u0259 ke\u00e7irilib. Maqsudlu k\u0259nd sakini Yav\u0259r Azadovun idar\u0259 etdiyi \u201cQAZ-2410\u201d markal\u0131 avtomobil\u0259 bax\u0131\u015f zaman\u0131\u00a0m\u0259n\u015f\u0259yi m\u0259lum olmayan, nat\u0259miz v\u0259ziyy\u0259td\u0259 v\u0259 istifad\u0259y\u0259 yarars\u0131z 120 kiloqram \u00e7\u0259kid\u0259 mal \u0259ti a\u015fkar edilib. \u018ftd\u0259n g\u00f6t\u00fcr\u00fclm\u00fc\u015f n\u00fcmun\u0259l\u0259r m\u00fcvafiq ekspertizan\u0131n ke\u00e7irilm\u0259si \u00fc\u00e7\u00fcn Qida T\u0259hl\u00fck\u0259sizliyi Agentliyinin laboratoriyas\u0131na t\u0259hvil verilib. Ara\u015fd\u0131rmalar apar\u0131l\u0131r. Metbuat.az<\/p>\n","protected":false},"author":2,"featured_media":67195,"comment_status":"closed","ping_status":"closed","sticky":false,"template":"","format":"standard","meta":{"om_disable_all_campaigns":false,"_monsterinsights_skip_tracking":false,"_monsterinsights_sitenote_active":false,"_monsterinsights_sitenote_note":"","_monsterinsights_sitenote_category":0},"categories":[1],"tags":[],"aioseo_notices":[],"gutentor_comment":0,"rttpg_featured_image_url":{"full":["https:\/\/arantv.az\/wp-content\/uploads\/2019\/06\/1209073.jpg",734,529,false],"landscape":["https:\/\/arantv.az\/wp-content\/uploads\/2019\/06\/1209073.jpg",734,529,false],"portraits":["https:\/\/arantv.az\/wp-content\/uploads\/2019\/06\/1209073.jpg",734,529,false],"thumbnail":["https:\/\/arantv.az\/wp-content\/uploads\/2019\/06\/1209073-150x150.jpg",150,150,true],"medium":["https:\/\/arantv.az\/wp-content\/uploads\/2019\/06\/1209073-300x216.jpg",300,216,true],"large":["https:\/\/arantv.az\/wp-content\/uploads\/2019\/06\/1209073.jpg",640,461,false],"1536x1536":["https:\/\/arantv.az\/wp-content\/uploads\/2019\/06\/1209073.jpg",734,529,false],"2048x2048":["https:\/\/arantv.az\/wp-content\/uploads\/2019\/06\/1209073.jpg",734,529,false],"post-thumbnail":["https:\/\/arantv.az\/wp-content\/uploads\/2019\/06\/1209073-240x172.jpg",240,172,true],"advps-thumb-one":["https:\/\/arantv.az\/wp-content\/uploads\/2019\/06\/1209073.jpg",734,529,false]},"rttpg_author":{"display_name":"V\u00fcsal Rafiqo\u011flu","author_link":"https:\/\/arantv.az\/?author=2"},"rttpg_comment":0,"rttpg_category":"<a href=\"https:\/\/arantv.az\/?cat=1\" rel=\"category\">C\u0259miyy\u0259t<\/a>","rttpg_excerpt":"\u018fhalinin \u0259rzaq t\u0259hl\u00fck\u0259sizliyinin t\u0259min edilm\u0259si, insan sa\u011flaml\u0131\u011f\u0131na ciddi z\u0259r\u0259r vuran, istifad\u0259y\u0259 yarars\u0131z yeyinti m\u0259hsullar\u0131n\u0131n sat\u0131\u015f\u0131n\u0131n qar\u015f\u0131s\u0131n\u0131n al\u0131nmas\u0131 istiqam\u0259tind\u0259 polis orqanlar\u0131n\u0131n aidiyyat\u0131 qurumlarla birg\u0259\u00a0t\u0259dbirl\u0259ri davam etdirilir. ARANTV.AZ\u00a0x\u0259b\u0259r verir ki, N\u00f6vb\u0259ti bel\u0259 t\u0259dbir iyunun 16-da Daxili \u0130\u015fl\u0259r Nazirliyi \u0259m\u0259kda\u015flar\u0131n\u0131n v\u0259 Qida T\u0259hl\u00fck\u0259sizliyi Agentliyinin n\u00fcmay\u0259nd\u0259l\u0259rinin i\u015ftirak\u0131 il\u0259\u00a0A\u011fdamrayonu \u0259razisind\u0259 ke\u00e7irilib. Maqsudlu k\u0259nd sakini Yav\u0259r Azadovun idar\u0259 etdiyi \u201cQAZ-2410\u201d markal\u0131&hellip;","_links":{"self":[{"href":"https:\/\/arantv.az\/index.php?rest_route=\/wp\/v2\/posts\/67194"}],"collection":[{"href":"https:\/\/arantv.az\/index.php?rest_route=\/wp\/v2\/posts"}],"about":[{"href":"https:\/\/arantv.az\/index.php?rest_route=\/wp\/v2\/types\/post"}],"author":[{"embeddable":true,"href":"https:\/\/arantv.az\/index.php?rest_route=\/wp\/v2\/users\/2"}],"replies":[{"embeddable":true,"href":"https:\/\/arantv.az\/index.php?rest_route=%2Fwp%2Fv2%2Fcomments&post=67194"}],"version-history":[{"count":0,"href":"https:\/\/arantv.az\/index.php?rest_route=\/wp\/v2\/posts\/67194\/revisions"}],"wp:featuredmedia":[{"embeddable":true,"href":"https:\/\/arantv.az\/index.php?rest_route=\/wp\/v2\/media\/67195"}],"wp:attachment":[{"href":"https:\/\/arantv.az\/index.php?rest_route=%2Fwp%2Fv2%2Fmedia&parent=67194"}],"wp:term":[{"taxonomy":"category","embeddable":true,"href":"https:\/\/arantv.az\/index.php?rest_route=%2Fwp%2Fv2%2Fcategories&post=67194"},{"taxonomy":"post_tag","embeddable":true,"href":"https:\/\/arantv.az\/index.php?rest_route=%2Fwp%2Fv2%2Ftags&post=67194"}],"curies":[{"name":"wp","href":"https:\/\/api.w.org\/{rel}","templated":true}]}}