{"id":67197,"date":"2019-06-17T16:46:27","date_gmt":"2019-06-17T13:46:27","guid":{"rendered":"http:\/\/arantv.az\/?p=67197"},"modified":"2019-06-17T16:46:27","modified_gmt":"2019-06-17T13:46:27","slug":"dunya-cempionumuz-yeni-qurum-yaratdi","status":"publish","type":"post","link":"https:\/\/arantv.az\/?p=67197","title":{"rendered":"D\u00fcnya \u00e7empionumuz yeni qurum yaratd\u0131"},"content":{"rendered":"<p>Az\u0259rbaycanda yeni ictimai birlik yarad\u0131l\u0131b.<\/p>\n<p><b>ARANTV.AZ<\/b>-\u0131n x\u0259b\u0259rin\u0259 g\u00f6r\u0259, \u0130dman\u00e7\u0131lar \u0130ctimai Birliyinin r\u0259hb\u0259ri m\u0259\u015fhur karate\u00e7imiz, d\u00fcnya v\u0259 Avropa \u00e7empionumuz Rafael A\u011fayevdir.<\/p>\n<p>Bu qurumun vitse-prezidenti d\u0259 m\u0259\u015fhur simad\u0131r. Bel\u0259 ki, s\u0259rb\u0259st g\u00fcl\u0259\u015f \u00fczr\u0259 d\u00fcnya v\u0259 Avropa \u00e7empionumuz Hac\u0131 \u018fliyev R.A\u011fayevin m\u00fcavini olacaq. Bu qurumun ba\u015f katibi is\u0259 R\u00f6v\u015f\u0259n Acalovdur.<\/p>\n<p>Qeyd ed\u0259k ki, sabah Milli Olimpiya Komit\u0259sind\u0259 bu birliyin t\u0259qdimat\u0131 ke\u00e7iril\u0259c\u0259k.oxu.az<\/p>\n","protected":false},"excerpt":{"rendered":"<p>Az\u0259rbaycanda yeni ictimai birlik yarad\u0131l\u0131b. ARANTV.AZ-\u0131n x\u0259b\u0259rin\u0259 g\u00f6r\u0259, \u0130dman\u00e7\u0131lar \u0130ctimai Birliyinin r\u0259hb\u0259ri m\u0259\u015fhur karate\u00e7imiz, d\u00fcnya v\u0259 Avropa \u00e7empionumuz Rafael A\u011fayevdir. Bu qurumun vitse-prezidenti d\u0259 m\u0259\u015fhur simad\u0131r. Bel\u0259 ki, s\u0259rb\u0259st g\u00fcl\u0259\u015f \u00fczr\u0259 d\u00fcnya v\u0259 Avropa \u00e7empionumuz Hac\u0131 \u018fliyev R.A\u011fayevin m\u00fcavini olacaq. Bu qurumun ba\u015f katibi is\u0259 R\u00f6v\u015f\u0259n Acalovdur. Qeyd ed\u0259k ki, sabah Milli Olimpiya Komit\u0259sind\u0259 bu birliyin t\u0259qdimat\u0131 ke\u00e7iril\u0259c\u0259k.oxu.az<\/p>\n","protected":false},"author":2,"featured_media":67198,"comment_status":"closed","ping_status":"closed","sticky":false,"template":"","format":"standard","meta":{"om_disable_all_campaigns":false,"_monsterinsights_skip_tracking":false,"_monsterinsights_sitenote_active":false,"_monsterinsights_sitenote_note":"","_monsterinsights_sitenote_category":0},"categories":[6],"tags":[],"aioseo_notices":[],"gutentor_comment":0,"rttpg_featured_image_url":{"full":["https:\/\/arantv.az\/wp-content\/uploads\/2019\/06\/rafael.jpg",620,413,false],"landscape":["https:\/\/arantv.az\/wp-content\/uploads\/2019\/06\/rafael.jpg",620,413,false],"portraits":["https:\/\/arantv.az\/wp-content\/uploads\/2019\/06\/rafael.jpg",620,413,false],"thumbnail":["https:\/\/arantv.az\/wp-content\/uploads\/2019\/06\/rafael-150x150.jpg",150,150,true],"medium":["https:\/\/arantv.az\/wp-content\/uploads\/2019\/06\/rafael-300x200.jpg",300,200,true],"large":["https:\/\/arantv.az\/wp-content\/uploads\/2019\/06\/rafael.jpg",620,413,false],"1536x1536":["https:\/\/arantv.az\/wp-content\/uploads\/2019\/06\/rafael.jpg",620,413,false],"2048x2048":["https:\/\/arantv.az\/wp-content\/uploads\/2019\/06\/rafael.jpg",620,413,false],"post-thumbnail":["https:\/\/arantv.az\/wp-content\/uploads\/2019\/06\/rafael-240x172.jpg",240,172,true],"advps-thumb-one":["https:\/\/arantv.az\/wp-content\/uploads\/2019\/06\/rafael.jpg",620,413,false]},"rttpg_author":{"display_name":"V\u00fcsal Rafiqo\u011flu","author_link":"https:\/\/arantv.az\/?author=2"},"rttpg_comment":0,"rttpg_category":"<a href=\"https:\/\/arantv.az\/?cat=6\" rel=\"category\">\u0130dman<\/a>","rttpg_excerpt":"Az\u0259rbaycanda yeni ictimai birlik yarad\u0131l\u0131b. ARANTV.AZ-\u0131n x\u0259b\u0259rin\u0259 g\u00f6r\u0259, \u0130dman\u00e7\u0131lar \u0130ctimai Birliyinin r\u0259hb\u0259ri m\u0259\u015fhur karate\u00e7imiz, d\u00fcnya v\u0259 Avropa \u00e7empionumuz Rafael A\u011fayevdir. Bu qurumun vitse-prezidenti d\u0259 m\u0259\u015fhur simad\u0131r. Bel\u0259 ki, s\u0259rb\u0259st g\u00fcl\u0259\u015f \u00fczr\u0259 d\u00fcnya v\u0259 Avropa \u00e7empionumuz Hac\u0131 \u018fliyev R.A\u011fayevin m\u00fcavini olacaq. Bu qurumun ba\u015f katibi is\u0259 R\u00f6v\u015f\u0259n Acalovdur. Qeyd ed\u0259k ki, sabah Milli Olimpiya Komit\u0259sind\u0259 bu&hellip;","_links":{"self":[{"href":"https:\/\/arantv.az\/index.php?rest_route=\/wp\/v2\/posts\/67197"}],"collection":[{"href":"https:\/\/arantv.az\/index.php?rest_route=\/wp\/v2\/posts"}],"about":[{"href":"https:\/\/arantv.az\/index.php?rest_route=\/wp\/v2\/types\/post"}],"author":[{"embeddable":true,"href":"https:\/\/arantv.az\/index.php?rest_route=\/wp\/v2\/users\/2"}],"replies":[{"embeddable":true,"href":"https:\/\/arantv.az\/index.php?rest_route=%2Fwp%2Fv2%2Fcomments&post=67197"}],"version-history":[{"count":0,"href":"https:\/\/arantv.az\/index.php?rest_route=\/wp\/v2\/posts\/67197\/revisions"}],"wp:featuredmedia":[{"embeddable":true,"href":"https:\/\/arantv.az\/index.php?rest_route=\/wp\/v2\/media\/67198"}],"wp:attachment":[{"href":"https:\/\/arantv.az\/index.php?rest_route=%2Fwp%2Fv2%2Fmedia&parent=67197"}],"wp:term":[{"taxonomy":"category","embeddable":true,"href":"https:\/\/arantv.az\/index.php?rest_route=%2Fwp%2Fv2%2Fcategories&post=67197"},{"taxonomy":"post_tag","embeddable":true,"href":"https:\/\/arantv.az\/index.php?rest_route=%2Fwp%2Fv2%2Ftags&post=67197"}],"curies":[{"name":"wp","href":"https:\/\/api.w.org\/{rel}","templated":true}]}}