{"id":672637,"date":"2023-12-23T09:20:33","date_gmt":"2023-12-23T05:20:33","guid":{"rendered":"https:\/\/arantv.az\/?p=672637"},"modified":"2023-12-23T09:20:33","modified_gmt":"2023-12-23T05:20:33","slug":"icma-nat%c9%99vanin-fransadaki-abid%c9%99si-il%c9%99-bagli-unesco-ya-cagiris-edib","status":"publish","type":"post","link":"https:\/\/arantv.az\/?p=672637","title":{"rendered":"\u0130cma Nat\u0259van\u0131n Fransadak\u0131 abid\u0259si il\u0259 ba\u011fl\u0131 UNESCO-ya \u00e7a\u011f\u0131r\u0131\u015f edib"},"content":{"rendered":"<p>\u201cFransan\u0131n Evian \u015f\u0259h\u0259rind\u0259 Xur\u015fidbanu Nat\u0259van\u0131n abid\u0259sinin yerl\u0259\u015fdiyi park \u0259traf\u0131nda yaranm\u0131\u015f v\u0259ziyy\u0259t frans\u0131z c\u0259miyy\u0259tini \u00e7ul\u011falayan az\u0259rbaycanofobiyan\u0131n art\u0131q absurd s\u0259viyy\u0259y\u0259 \u00e7atd\u0131\u011f\u0131n\u0131 g\u00f6st\u0259rir\u201d.<\/p>\n<p>Bu bar\u0259d\u0259 Q\u0259rbi Az\u0259rbaycan \u0130cmas\u0131n\u0131n b\u0259yanat\u0131nda bildirilib.<\/p>\n<p>\u201cQ\u0259rbi Az\u0259rbaycan \u0130cmas\u0131 bu vandalizm \u0259m\u0259lini, m\u0259d\u0259ni irsin da\u011f\u0131d\u0131lmas\u0131n\u0131, islamofob h\u0259r\u0259k\u0259ti k\u0259skin \u015f\u0259kild\u0259 pisl\u0259yir v\u0259 UNESCO-nu m\u0259s\u0259l\u0259y\u0259 d\u0259rhal reaksiya verm\u0259y\u0259 \u00e7a\u011f\u0131r\u0131r.<\/p>\n<p>\u0130\u015f\u011fal d\u00f6n\u0259mind\u0259 Nat\u0259van\u0131n m\u0259zar\u0131 da\u011f\u0131d\u0131lm\u0131\u015fd\u0131. Bu g\u00fcn Fransada Nat\u0259van\u0131n abid\u0259sinin s\u00f6k\u00fclm\u0259si t\u0259hl\u00fck\u0259si erm\u0259ni v\u0259 frans\u0131z c\u0259miyy\u0259tinin hans\u0131 \u201cortaq d\u0259y\u0259rl\u0259r\u201d\u0259 malik olmas\u0131n\u0131 n\u00fcmayi\u015f etdirir. Az\u0259rbaycan\u0131 Qaraba\u011fda guya \u201cerm\u0259ni irsini da\u011f\u0131tmaq\u201dda ittiham ed\u0259n irq\u00e7i frans\u0131z siyas\u0259t\u00e7il\u0259r, deputatlar, merl\u0259r, jurnalistl\u0259r x\u0259cal\u0259t hissi ke\u00e7irm\u0259lidirl\u0259r.<\/p>\n<p>Lakin irq\u00e7ilik m\u0259r\u0259zind\u0259n qurtula bilm\u0259y\u0259n Fransan\u0131n n\u0259 etm\u0259sind\u0259n as\u0131l\u0131 olmayaraq, bu g\u00fcn xan q\u0131z\u0131 Nat\u0259van\u0131n ruhu \u015fadd\u0131r. \u015eu\u015fa da, Xank\u0259ndi d\u0259, onun d\u0259fn edildiyi A\u011fdam da &#8211; b\u00fct\u00fcn Qaraba\u011f azadd\u0131r\u201d, &#8211; b\u0259yanatda vur\u011fulan\u0131b.<\/p>\n","protected":false},"excerpt":{"rendered":"<p>\u201cFransan\u0131n Evian \u015f\u0259h\u0259rind\u0259 Xur\u015fidbanu Nat\u0259van\u0131n abid\u0259sinin yerl\u0259\u015fdiyi park \u0259traf\u0131nda yaranm\u0131\u015f v\u0259ziyy\u0259t frans\u0131z c\u0259miyy\u0259tini \u00e7ul\u011falayan az\u0259rbaycanofobiyan\u0131n art\u0131q absurd s\u0259viyy\u0259y\u0259 \u00e7atd\u0131\u011f\u0131n\u0131 g\u00f6st\u0259rir\u201d. Bu bar\u0259d\u0259 Q\u0259rbi Az\u0259rbaycan \u0130cmas\u0131n\u0131n b\u0259yanat\u0131nda bildirilib. \u201cQ\u0259rbi Az\u0259rbaycan \u0130cmas\u0131 bu vandalizm \u0259m\u0259lini, m\u0259d\u0259ni irsin da\u011f\u0131d\u0131lmas\u0131n\u0131, islamofob h\u0259r\u0259k\u0259ti k\u0259skin \u015f\u0259kild\u0259 pisl\u0259yir v\u0259 UNESCO-nu m\u0259s\u0259l\u0259y\u0259 d\u0259rhal reaksiya verm\u0259y\u0259 \u00e7a\u011f\u0131r\u0131r. \u0130\u015f\u011fal d\u00f6n\u0259mind\u0259 Nat\u0259van\u0131n m\u0259zar\u0131 da\u011f\u0131d\u0131lm\u0131\u015fd\u0131. Bu g\u00fcn Fransada Nat\u0259van\u0131n abid\u0259sinin s\u00f6k\u00fclm\u0259si t\u0259hl\u00fck\u0259si erm\u0259ni v\u0259 frans\u0131z c\u0259miyy\u0259tinin hans\u0131 \u201cortaq d\u0259y\u0259rl\u0259r\u201d\u0259 malik olmas\u0131n\u0131 n\u00fcmayi\u015f etdirir. Az\u0259rbaycan\u0131 Qaraba\u011fda guya \u201cerm\u0259ni irsini da\u011f\u0131tmaq\u201dda ittiham ed\u0259n irq\u00e7i frans\u0131z siyas\u0259t\u00e7il\u0259r, deputatlar, merl\u0259r, jurnalistl\u0259r x\u0259cal\u0259t hissi ke\u00e7irm\u0259lidirl\u0259r. Lakin irq\u00e7ilik&hellip;<\/p>\n","protected":false},"author":2,"featured_media":672144,"comment_status":"closed","ping_status":"closed","sticky":false,"template":"","format":"standard","meta":{"om_disable_all_campaigns":false,"_monsterinsights_skip_tracking":false,"_monsterinsights_sitenote_active":false,"_monsterinsights_sitenote_note":"","_monsterinsights_sitenote_category":0},"categories":[4],"tags":[],"aioseo_notices":[],"gutentor_comment":0,"rttpg_featured_image_url":{"full":["https:\/\/arantv.az\/wp-content\/uploads\/2023\/12\/photo_97905.jpg",750,511,false],"landscape":["https:\/\/arantv.az\/wp-content\/uploads\/2023\/12\/photo_97905.jpg",750,511,false],"portraits":["https:\/\/arantv.az\/wp-content\/uploads\/2023\/12\/photo_97905.jpg",750,511,false],"thumbnail":["https:\/\/arantv.az\/wp-content\/uploads\/2023\/12\/photo_97905-500x280.jpg",500,280,true],"medium":["https:\/\/arantv.az\/wp-content\/uploads\/2023\/12\/photo_97905-536x365.jpg",536,365,true],"large":["https:\/\/arantv.az\/wp-content\/uploads\/2023\/12\/photo_97905.jpg",640,436,false],"1536x1536":["https:\/\/arantv.az\/wp-content\/uploads\/2023\/12\/photo_97905.jpg",750,511,false],"2048x2048":["https:\/\/arantv.az\/wp-content\/uploads\/2023\/12\/photo_97905.jpg",750,511,false],"post-thumbnail":["https:\/\/arantv.az\/wp-content\/uploads\/2023\/12\/photo_97905-240x172.jpg",240,172,true],"advps-thumb-one":["https:\/\/arantv.az\/wp-content\/uploads\/2023\/12\/photo_97905.jpg",750,511,false]},"rttpg_author":{"display_name":"V\u00fcsal Rafiqo\u011flu","author_link":"https:\/\/arantv.az\/?author=2"},"rttpg_comment":0,"rttpg_category":"<a href=\"https:\/\/arantv.az\/?cat=4\" rel=\"category\">Siyas\u0259t<\/a>","rttpg_excerpt":"\u201cFransan\u0131n Evian \u015f\u0259h\u0259rind\u0259 Xur\u015fidbanu Nat\u0259van\u0131n abid\u0259sinin yerl\u0259\u015fdiyi park \u0259traf\u0131nda yaranm\u0131\u015f v\u0259ziyy\u0259t frans\u0131z c\u0259miyy\u0259tini \u00e7ul\u011falayan az\u0259rbaycanofobiyan\u0131n art\u0131q absurd s\u0259viyy\u0259y\u0259 \u00e7atd\u0131\u011f\u0131n\u0131 g\u00f6st\u0259rir\u201d. Bu bar\u0259d\u0259 Q\u0259rbi Az\u0259rbaycan \u0130cmas\u0131n\u0131n b\u0259yanat\u0131nda bildirilib. \u201cQ\u0259rbi Az\u0259rbaycan \u0130cmas\u0131 bu vandalizm \u0259m\u0259lini, m\u0259d\u0259ni irsin da\u011f\u0131d\u0131lmas\u0131n\u0131, islamofob h\u0259r\u0259k\u0259ti k\u0259skin \u015f\u0259kild\u0259 pisl\u0259yir v\u0259 UNESCO-nu m\u0259s\u0259l\u0259y\u0259 d\u0259rhal reaksiya verm\u0259y\u0259 \u00e7a\u011f\u0131r\u0131r. \u0130\u015f\u011fal d\u00f6n\u0259mind\u0259 Nat\u0259van\u0131n m\u0259zar\u0131 da\u011f\u0131d\u0131lm\u0131\u015fd\u0131. Bu g\u00fcn&hellip;","_links":{"self":[{"href":"https:\/\/arantv.az\/index.php?rest_route=\/wp\/v2\/posts\/672637"}],"collection":[{"href":"https:\/\/arantv.az\/index.php?rest_route=\/wp\/v2\/posts"}],"about":[{"href":"https:\/\/arantv.az\/index.php?rest_route=\/wp\/v2\/types\/post"}],"author":[{"embeddable":true,"href":"https:\/\/arantv.az\/index.php?rest_route=\/wp\/v2\/users\/2"}],"replies":[{"embeddable":true,"href":"https:\/\/arantv.az\/index.php?rest_route=%2Fwp%2Fv2%2Fcomments&post=672637"}],"version-history":[{"count":0,"href":"https:\/\/arantv.az\/index.php?rest_route=\/wp\/v2\/posts\/672637\/revisions"}],"wp:featuredmedia":[{"embeddable":true,"href":"https:\/\/arantv.az\/index.php?rest_route=\/wp\/v2\/media\/672144"}],"wp:attachment":[{"href":"https:\/\/arantv.az\/index.php?rest_route=%2Fwp%2Fv2%2Fmedia&parent=672637"}],"wp:term":[{"taxonomy":"category","embeddable":true,"href":"https:\/\/arantv.az\/index.php?rest_route=%2Fwp%2Fv2%2Fcategories&post=672637"},{"taxonomy":"post_tag","embeddable":true,"href":"https:\/\/arantv.az\/index.php?rest_route=%2Fwp%2Fv2%2Ftags&post=672637"}],"curies":[{"name":"wp","href":"https:\/\/api.w.org\/{rel}","templated":true}]}}