{"id":672653,"date":"2023-12-23T16:48:55","date_gmt":"2023-12-23T12:48:55","guid":{"rendered":"https:\/\/arantv.az\/?p=672653"},"modified":"2023-12-23T16:48:55","modified_gmt":"2023-12-23T12:48:55","slug":"fransa-k%c9%99sfiyyatinin-ifsasi-az%c9%99rbaycanin-prosesl%c9%99rd%c9%99ki-muhum-yeri-burkina-fasoda-dord-agentin-h%c9%99bsi-t%c9%99hlil","status":"publish","type":"post","link":"https:\/\/arantv.az\/?p=672653","title":{"rendered":"Fransa k\u0259\u015ffiyyat\u0131n\u0131n if\u015fas\u0131, Az\u0259rbaycan\u0131n prosesl\u0259rd\u0259ki m\u00fch\u00fcm yeri, Burkina-Fasoda d\u00f6rd agentin h\u0259bsi &#8211; T\u018fHL\u0130L"},"content":{"rendered":"<p>Fransan\u0131n xaricd\u0259ki k\u0259\u015ffiyyat f\u0259aliyy\u0259tl\u0259rini Xarici T\u0259hl\u00fck\u0259sizlik Ba\u015f \u0130dar\u0259si (DGSE) kurasiya edir.<\/p>\n<p>Fransa x\u00fcsusi xidm\u0259t orqanlar\u0131n\u0131n elitas\u0131 say\u0131lan DGSE \u00f6z\u00fc bel\u0259 hesab edir ki, onu kims\u0259 if\u015fa ed\u0259 bilm\u0259z. H\u0259r halda, Fransan\u0131n ali m\u0259xfi xidm\u0259tinin \u00f6z\u00fcn\u00fcn sayt\u0131nda qeyd olunan x\u0259b\u0259rdarl\u0131q bel\u0259 t\u0259\u0259ss\u00fcrat yarad\u0131r.<\/p>\n<p>Lakin iki g\u00fcn \u00f6nc\u0259 Az\u0259rbaycan medias\u0131nda Fransan\u0131n agentura \u015f\u0259b\u0259k\u0259sinin if\u015fa edilm\u0259si bar\u0259d\u0259 m\u0259lumatlar \u00e7\u0131xd\u0131, bu, t\u0259bii ki, Bak\u0131n\u0131n geni\u015fspektrli k\u0259\u015ffiyyat m\u00fcbadil\u0259si kanallar\u0131 vasit\u0259sil\u0259 \u0259ld\u0259 etdiyi informasiyalar\u0131n aynas\u0131 kimi \u015f\u0259rh oluna bil\u0259r.<\/p>\n<p>\u00c7ox b\u00f6y\u00fck ehtimalla Fransa:<\/p>\n<p>&#8211; Az\u0259rbaycan x\u00fcsusi xidm\u0259t orqanlar\u0131n\u0131n f\u0259aliyy\u0259ti il\u0259,<\/p>\n<p>&#8211; Az\u0259rbaycan\u0131n strateji m\u00fctt\u0259fiqi T\u00fcrkiy\u0259nin Milli \u0130stihbarat T\u0259\u015fkilat\u0131n\u0131n k\u00f6m\u0259kliyi il\u0259,<\/p>\n<p>&#8211; Bak\u0131n\u0131n t\u0259r\u0259fda\u015flar\u0131ndan ibar\u0259t k\u0259\u015ffiyyat came\u0259sinin d\u0259st\u0259yi il\u0259 Fransan\u0131 if\u015fa ed\u0259n sxeml\u0259r\u0259 yiy\u0259l\u0259nib.<\/p>\n<p>Bu, casus \u015f\u0259b\u0259k\u0259sind\u0259ki \u015fifr\u0259l\u0259rin q\u0131r\u0131lmas\u0131 fonunda diqq\u0259t\u00e7\u0259k\u0259n b\u00f6y\u00fck bir i\u015fdir. \u00c7\u00fcnki proses daha geni\u015f bucaqda Fransan\u0131n postsovet m\u0259kan\u0131nda, Afrika regionunda koordinasiyal\u0131 k\u0259\u015ffiyyat strukturunun ax\u0131n\u0131na vurulan z\u0259rb\u0259dir.<\/p>\n<p>M\u0259lumatlar\u0131n do\u011frulu\u011funa \u015f\u00fcbh\u0259 etm\u0259m\u0259k \u00fc\u00e7\u00fcn vacib bir \u0259sas\u0131 qeyd etm\u0259kd\u0259 fayda var. H\u0259l\u0259 bu ilin oktyabr\u0131nda Az\u0259rbaycan Prezidenti\u00a0<strong>\u0130lham \u018fliyev<\/strong>\u00a0MDB x\u00fcsusi xidm\u0259t orqanlar\u0131n\u0131n r\u0259hb\u0259rl\u0259ri il\u0259 g\u00f6r\u00fc\u015fd\u0259 Fransan\u0131n regional t\u0259xribat planlar\u0131 bar\u0259d\u0259 b\u0259yanat s\u0259sl\u0259ndirmi\u015fdi.<\/p>\n<p>H\u0259l\u0259 o zamandan Az\u0259rbaycanda Fransan\u0131n geni\u015fmiqyasl\u0131 k\u0259\u015ffiyyat v\u0259 \u0259ks-k\u0259\u015ffiyyat h\u0259ml\u0259l\u0259ri il\u0259 h\u0259r\u0259k\u0259t etdiyin\u0259 dair m\u0259lumatlar olub. G\u00fcman ki, \u0130lham \u018fliyev ona m\u0259ruz\u0259 olunan \u00e7ox m\u00fch\u00fcm k\u0259\u015ffiyyat m\u0259lumatlar\u0131n\u0131 diplomatik-siyasi t\u0259rzd\u0259 emal ed\u0259r\u0259k m\u0259s\u0259l\u0259nin ciddiliyi bar\u0259d\u0259 ismar\u0131\u015f \u00e7atd\u0131rm\u0131\u015fd\u0131.<\/p>\n<p>H\u0259r halda, Az\u0259rbaycan \u0259g\u0259r Fransan\u0131 if\u015fa ed\u0259n kampaniyada i\u015ftirak edirs\u0259, bunun \u00f6z\u00fc Bak\u0131n\u0131n regional geni\u015fl\u0259nm\u0259 siyas\u0259tinin k\u0259\u015ffiyyat aspektl\u0259rini ortaya qoyur.<\/p>\n<p>Halbuki, DGSE \u00f6z\u00fc b\u0259yan edir ki, o, Afrikadan tutmu\u015f Yax\u0131n \u015e\u0259rq\u0259 q\u0259d\u0259r t\u0259r\u0259fda\u015f v\u0259 m\u00fctt\u0259fiql\u0259ri il\u0259 birlikd\u0259 m\u00fcr\u0259kk\u0259b v\u0259 eyni vaxtda g\u00f6zl\u0259nilm\u0259z b\u00f6hranlarla birba\u015fa m\u0259\u015f\u011ful olur. Son hadis\u0259l\u0259rd\u0259n sonra bu imic t\u0259drici \u015f\u0259kild\u0259 pozulur, \u00e7\u00fcnki ortada ciddi m\u0259qamlardan x\u0259b\u0259r ver\u0259n m\u0259tl\u0259bl\u0259r g\u00fcnd\u0259md\u0259dir.<\/p>\n<p>B\u0259li, Az\u0259rbaycan \u00f6z\u00fcn\u00fcn k\u0259\u015ffiyyat\u0131 il\u0259 \u00f6y\u00fcn\u0259n Fransan\u0131n ali m\u0259xfi xidm\u0259tinin f\u0259aliyy\u0259tini if\u015fa edirs\u0259, dem\u0259li, Parisin \u0259laq\u0259l\u0259ri v\u0259 m\u00fctt\u0259fiql\u0259ri il\u0259 i\u015f birliyind\u0259ki gizli m\u00fcdafi\u0259 x\u0259tl\u0259rin\u0259 \u0259h\u0259miyy\u0259tli z\u0259rb\u0259 d\u0259yib.<\/p>\n<p>Fransan\u0131n formala\u015fd\u0131rmaq ist\u0259diyi k\u0259\u015ffiyyat \u015f\u0259b\u0259k\u0259si Parisin geostrateji ambisiyalar\u0131n\u0131 t\u0259min ed\u0259n istiqam\u0259tl\u0259rin \u0259sas\u0131d\u0131r. G\u00f6r\u00fcn\u00fcr ki, Paris h\u0259min istiqam\u0259t\u0259 postsovet m\u0259kan\u0131 \u00fczr\u0259 y\u00fcks\u0259ks\u0259viyy\u0259li h\u0259y\u0259can siqnal\u0131 vermi\u015fdi.<\/p>\n<p>Ancaq if\u015fa dal\u011fas\u0131n\u0131n yaranmas\u0131 Fransa diplomatiyas\u0131 qar\u015f\u0131s\u0131nda \u00e7a\u011f\u0131r\u0131\u015f qoyur ki, d\u00f6vl\u0259tl\u0259r aras\u0131ndak\u0131 k\u0259\u015ffiyyat insidentl\u0259rini minimuma endirm\u0259k \u00fc\u00e7\u00fcn dan\u0131\u015f\u0131q kanallar\u0131na girsin.<\/p>\n<p>Amma Fransa x\u0259fiyy\u0259 xidm\u0259ti el\u0259 bir dal\u011fa il\u0259 \u00fczl\u0259\u015fib ki, h\u0259l\u0259 onun f\u0259sadlar\u0131n\u0131 y\u0131\u011f\u0131\u015fd\u0131rmaqdan \u00f6tr\u00fc inand\u0131r\u0131c\u0131 d\u0259lill\u0259r tapmal\u0131d\u0131r.<\/p>\n<p>\u201cLe Monde\u201d yaz\u0131r ki, Burkina-Fasoda Fransan\u0131n d\u00f6rd agenti h\u0259bs edilib. Bu, Fransa il\u0259 Burkina-Faso m\u00fcnasib\u0259tl\u0259rin\u0259 vurulan son z\u0259rb\u0259 kimi qiym\u0259tl\u0259ndirilir.<\/p>\n<p>Fransa r\u0259smi olaraq casusluq ittihamlar\u0131n\u0131 r\u0259dd edib v\u0259 bildirib ki, diplomatik pasportlara v\u0259 vizalara malik olan m\u0259murlar Burkina-Fasoda Fransa s\u0259firliyinin komp\u00fcterl\u0259rin\u0259 texniki xidm\u0259t g\u00f6st\u0259ribl\u0259r.<\/p>\n<p>Proqnoz s\u0259sl\u0259ndirm\u0259k olar ki, Fransa oturub r\u0259qibl\u0259rinin \u015f\u0259rtl\u0259rin\u0259 cavab ver\u0259n s\u00f6vd\u0259l\u0259\u015fm\u0259y\u0259 getm\u0259s\u0259, onun beyn\u0259lxalq al\u0259md\u0259ki if\u015fa kampaniyas\u0131 davam ed\u0259c\u0259k.<\/p>\n<p>Az\u0259rbaycana qay\u0131daq, onun \u0259lind\u0259 olan m\u0259lumatlar Parisi Bak\u0131n\u0131n maraqlar\u0131n\u0131 n\u0259z\u0259r\u0259 alan n\u00f6qt\u0259d\u0259n s\u0259m\u0259r\u0259li \u0259m\u0259kda\u015fl\u0131\u011fa y\u00f6nl\u0259ndir\u0259 bil\u0259r.<\/p>\n<p>Y\u0259ni indi Fransa Az\u0259rbaycanla eyni masa arxas\u0131nda oturub Bak\u0131n\u0131n strateji regional maraqlar\u0131n\u0131 dinl\u0259yib n\u0259z\u0259r\u0259 almaq m\u0259cburiyy\u0259tini hiss edir.<\/p>\n","protected":false},"excerpt":{"rendered":"<p>Fransan\u0131n xaricd\u0259ki k\u0259\u015ffiyyat f\u0259aliyy\u0259tl\u0259rini Xarici T\u0259hl\u00fck\u0259sizlik Ba\u015f \u0130dar\u0259si (DGSE) kurasiya edir. Fransa x\u00fcsusi xidm\u0259t orqanlar\u0131n\u0131n elitas\u0131 say\u0131lan DGSE \u00f6z\u00fc bel\u0259 hesab edir ki, onu kims\u0259 if\u015fa ed\u0259 bilm\u0259z. H\u0259r halda, Fransan\u0131n ali m\u0259xfi xidm\u0259tinin \u00f6z\u00fcn\u00fcn sayt\u0131nda qeyd olunan x\u0259b\u0259rdarl\u0131q bel\u0259 t\u0259\u0259ss\u00fcrat yarad\u0131r. Lakin iki g\u00fcn \u00f6nc\u0259 Az\u0259rbaycan medias\u0131nda Fransan\u0131n agentura \u015f\u0259b\u0259k\u0259sinin if\u015fa edilm\u0259si bar\u0259d\u0259 m\u0259lumatlar \u00e7\u0131xd\u0131, bu, t\u0259bii ki, Bak\u0131n\u0131n geni\u015fspektrli k\u0259\u015ffiyyat m\u00fcbadil\u0259si kanallar\u0131 vasit\u0259sil\u0259 \u0259ld\u0259 etdiyi informasiyalar\u0131n aynas\u0131 kimi \u015f\u0259rh oluna bil\u0259r. \u00c7ox b\u00f6y\u00fck ehtimalla Fransa: &#8211; Az\u0259rbaycan x\u00fcsusi xidm\u0259t orqanlar\u0131n\u0131n f\u0259aliyy\u0259ti il\u0259, &#8211; Az\u0259rbaycan\u0131n strateji m\u00fctt\u0259fiqi T\u00fcrkiy\u0259nin Milli&hellip;<\/p>\n","protected":false},"author":2,"featured_media":672654,"comment_status":"closed","ping_status":"closed","sticky":false,"template":"","format":"standard","meta":{"om_disable_all_campaigns":false,"_monsterinsights_skip_tracking":false,"_monsterinsights_sitenote_active":false,"_monsterinsights_sitenote_note":"","_monsterinsights_sitenote_category":0},"categories":[4],"tags":[],"aioseo_notices":[],"gutentor_comment":0,"rttpg_featured_image_url":{"full":["https:\/\/arantv.az\/wp-content\/uploads\/2023\/12\/image-22.jpg",620,413,false],"landscape":["https:\/\/arantv.az\/wp-content\/uploads\/2023\/12\/image-22.jpg",620,413,false],"portraits":["https:\/\/arantv.az\/wp-content\/uploads\/2023\/12\/image-22.jpg",620,413,false],"thumbnail":["https:\/\/arantv.az\/wp-content\/uploads\/2023\/12\/image-22-500x280.jpg",500,280,true],"medium":["https:\/\/arantv.az\/wp-content\/uploads\/2023\/12\/image-22-548x365.jpg",548,365,true],"large":["https:\/\/arantv.az\/wp-content\/uploads\/2023\/12\/image-22.jpg",620,413,false],"1536x1536":["https:\/\/arantv.az\/wp-content\/uploads\/2023\/12\/image-22.jpg",620,413,false],"2048x2048":["https:\/\/arantv.az\/wp-content\/uploads\/2023\/12\/image-22.jpg",620,413,false],"post-thumbnail":["https:\/\/arantv.az\/wp-content\/uploads\/2023\/12\/image-22-240x172.jpg",240,172,true],"advps-thumb-one":["https:\/\/arantv.az\/wp-content\/uploads\/2023\/12\/image-22.jpg",620,413,false]},"rttpg_author":{"display_name":"V\u00fcsal Rafiqo\u011flu","author_link":"https:\/\/arantv.az\/?author=2"},"rttpg_comment":0,"rttpg_category":"<a href=\"https:\/\/arantv.az\/?cat=4\" rel=\"category\">Siyas\u0259t<\/a>","rttpg_excerpt":"Fransan\u0131n xaricd\u0259ki k\u0259\u015ffiyyat f\u0259aliyy\u0259tl\u0259rini Xarici T\u0259hl\u00fck\u0259sizlik Ba\u015f \u0130dar\u0259si (DGSE) kurasiya edir. Fransa x\u00fcsusi xidm\u0259t orqanlar\u0131n\u0131n elitas\u0131 say\u0131lan DGSE \u00f6z\u00fc bel\u0259 hesab edir ki, onu kims\u0259 if\u015fa ed\u0259 bilm\u0259z. H\u0259r halda, Fransan\u0131n ali m\u0259xfi xidm\u0259tinin \u00f6z\u00fcn\u00fcn sayt\u0131nda qeyd olunan x\u0259b\u0259rdarl\u0131q bel\u0259 t\u0259\u0259ss\u00fcrat yarad\u0131r. Lakin iki g\u00fcn \u00f6nc\u0259 Az\u0259rbaycan medias\u0131nda Fransan\u0131n agentura \u015f\u0259b\u0259k\u0259sinin if\u015fa edilm\u0259si bar\u0259d\u0259 m\u0259lumatlar&hellip;","_links":{"self":[{"href":"https:\/\/arantv.az\/index.php?rest_route=\/wp\/v2\/posts\/672653"}],"collection":[{"href":"https:\/\/arantv.az\/index.php?rest_route=\/wp\/v2\/posts"}],"about":[{"href":"https:\/\/arantv.az\/index.php?rest_route=\/wp\/v2\/types\/post"}],"author":[{"embeddable":true,"href":"https:\/\/arantv.az\/index.php?rest_route=\/wp\/v2\/users\/2"}],"replies":[{"embeddable":true,"href":"https:\/\/arantv.az\/index.php?rest_route=%2Fwp%2Fv2%2Fcomments&post=672653"}],"version-history":[{"count":0,"href":"https:\/\/arantv.az\/index.php?rest_route=\/wp\/v2\/posts\/672653\/revisions"}],"wp:featuredmedia":[{"embeddable":true,"href":"https:\/\/arantv.az\/index.php?rest_route=\/wp\/v2\/media\/672654"}],"wp:attachment":[{"href":"https:\/\/arantv.az\/index.php?rest_route=%2Fwp%2Fv2%2Fmedia&parent=672653"}],"wp:term":[{"taxonomy":"category","embeddable":true,"href":"https:\/\/arantv.az\/index.php?rest_route=%2Fwp%2Fv2%2Fcategories&post=672653"},{"taxonomy":"post_tag","embeddable":true,"href":"https:\/\/arantv.az\/index.php?rest_route=%2Fwp%2Fv2%2Ftags&post=672653"}],"curies":[{"name":"wp","href":"https:\/\/api.w.org\/{rel}","templated":true}]}}