{"id":672656,"date":"2023-12-23T16:49:40","date_gmt":"2023-12-23T12:49:40","guid":{"rendered":"https:\/\/arantv.az\/?p=672656"},"modified":"2023-12-23T16:49:40","modified_gmt":"2023-12-23T12:49:40","slug":"az%c9%99rbaycanda-prezidentliy%c9%99-namiz%c9%99d-olmaq-ucun-muraci%c9%99tl%c9%99rin-sayi-15-%c9%99-catib","status":"publish","type":"post","link":"https:\/\/arantv.az\/?p=672656","title":{"rendered":"Az\u0259rbaycanda prezidentliy\u0259 namiz\u0259d olmaq \u00fc\u00e7\u00fcn m\u00fcraci\u0259tl\u0259rin say\u0131 15-\u0259 \u00e7at\u0131b"},"content":{"rendered":"<p>\u201cN\u00f6vb\u0259d\u0259nk\u0259nar prezident se\u00e7kisind\u0259 namiz\u0259d olmaq \u00fc\u00e7\u00fcn m\u00fcraci\u0259t ed\u0259nl\u0259rin say\u0131 15 n\u0259f\u0259rdir\u201d.<\/p>\n<p><strong>ARANTV.AZ <\/strong>\u00a0x\u0259b\u0259r verir ki, bunu M\u0259rk\u0259zi Se\u00e7ki Komissiyas\u0131n\u0131n (MSK) s\u0259dri M\u0259zahir P\u0259nahov komissiyan\u0131n bu g\u00fcn ke\u00e7iril\u0259n iclas\u0131nda deyib.<\/p>\n<p>O qeyd edib ki, yeddi namiz\u0259din m\u00fcraci\u0259ti art\u0131q t\u0259sdiql\u0259nib:<\/p>\n<p>\u201cDig\u0259r s\u0259kkiz namiz\u0259din is\u0259 m\u00fcraci\u0259tl\u0259rin\u0259 bax\u0131lacaq\u201d.<\/p>\n","protected":false},"excerpt":{"rendered":"<p>\u201cN\u00f6vb\u0259d\u0259nk\u0259nar prezident se\u00e7kisind\u0259 namiz\u0259d olmaq \u00fc\u00e7\u00fcn m\u00fcraci\u0259t ed\u0259nl\u0259rin say\u0131 15 n\u0259f\u0259rdir\u201d. ARANTV.AZ \u00a0x\u0259b\u0259r verir ki, bunu M\u0259rk\u0259zi Se\u00e7ki Komissiyas\u0131n\u0131n (MSK) s\u0259dri M\u0259zahir P\u0259nahov komissiyan\u0131n bu g\u00fcn ke\u00e7iril\u0259n iclas\u0131nda deyib. O qeyd edib ki, yeddi namiz\u0259din m\u00fcraci\u0259ti art\u0131q t\u0259sdiql\u0259nib: \u201cDig\u0259r s\u0259kkiz namiz\u0259din is\u0259 m\u00fcraci\u0259tl\u0259rin\u0259 bax\u0131lacaq\u201d.<\/p>\n","protected":false},"author":2,"featured_media":672657,"comment_status":"closed","ping_status":"closed","sticky":false,"template":"","format":"standard","meta":{"om_disable_all_campaigns":false,"_monsterinsights_skip_tracking":false,"_monsterinsights_sitenote_active":false,"_monsterinsights_sitenote_note":"","_monsterinsights_sitenote_category":0},"categories":[4],"tags":[],"aioseo_notices":[],"gutentor_comment":0,"rttpg_featured_image_url":{"full":["https:\/\/arantv.az\/wp-content\/uploads\/2023\/12\/trend_election_011115_26-5.jpg",620,413,false],"landscape":["https:\/\/arantv.az\/wp-content\/uploads\/2023\/12\/trend_election_011115_26-5.jpg",620,413,false],"portraits":["https:\/\/arantv.az\/wp-content\/uploads\/2023\/12\/trend_election_011115_26-5.jpg",620,413,false],"thumbnail":["https:\/\/arantv.az\/wp-content\/uploads\/2023\/12\/trend_election_011115_26-5-500x280.jpg",500,280,true],"medium":["https:\/\/arantv.az\/wp-content\/uploads\/2023\/12\/trend_election_011115_26-5-548x365.jpg",548,365,true],"large":["https:\/\/arantv.az\/wp-content\/uploads\/2023\/12\/trend_election_011115_26-5.jpg",620,413,false],"1536x1536":["https:\/\/arantv.az\/wp-content\/uploads\/2023\/12\/trend_election_011115_26-5.jpg",620,413,false],"2048x2048":["https:\/\/arantv.az\/wp-content\/uploads\/2023\/12\/trend_election_011115_26-5.jpg",620,413,false],"post-thumbnail":["https:\/\/arantv.az\/wp-content\/uploads\/2023\/12\/trend_election_011115_26-5-240x172.jpg",240,172,true],"advps-thumb-one":["https:\/\/arantv.az\/wp-content\/uploads\/2023\/12\/trend_election_011115_26-5.jpg",620,413,false]},"rttpg_author":{"display_name":"V\u00fcsal Rafiqo\u011flu","author_link":"https:\/\/arantv.az\/?author=2"},"rttpg_comment":0,"rttpg_category":"<a href=\"https:\/\/arantv.az\/?cat=4\" rel=\"category\">Siyas\u0259t<\/a>","rttpg_excerpt":"\u201cN\u00f6vb\u0259d\u0259nk\u0259nar prezident se\u00e7kisind\u0259 namiz\u0259d olmaq \u00fc\u00e7\u00fcn m\u00fcraci\u0259t ed\u0259nl\u0259rin say\u0131 15 n\u0259f\u0259rdir\u201d. ARANTV.AZ \u00a0x\u0259b\u0259r verir ki, bunu M\u0259rk\u0259zi Se\u00e7ki Komissiyas\u0131n\u0131n (MSK) s\u0259dri M\u0259zahir P\u0259nahov komissiyan\u0131n bu g\u00fcn ke\u00e7iril\u0259n iclas\u0131nda deyib. O qeyd edib ki, yeddi namiz\u0259din m\u00fcraci\u0259ti art\u0131q t\u0259sdiql\u0259nib: \u201cDig\u0259r s\u0259kkiz namiz\u0259din is\u0259 m\u00fcraci\u0259tl\u0259rin\u0259 bax\u0131lacaq\u201d.","_links":{"self":[{"href":"https:\/\/arantv.az\/index.php?rest_route=\/wp\/v2\/posts\/672656"}],"collection":[{"href":"https:\/\/arantv.az\/index.php?rest_route=\/wp\/v2\/posts"}],"about":[{"href":"https:\/\/arantv.az\/index.php?rest_route=\/wp\/v2\/types\/post"}],"author":[{"embeddable":true,"href":"https:\/\/arantv.az\/index.php?rest_route=\/wp\/v2\/users\/2"}],"replies":[{"embeddable":true,"href":"https:\/\/arantv.az\/index.php?rest_route=%2Fwp%2Fv2%2Fcomments&post=672656"}],"version-history":[{"count":0,"href":"https:\/\/arantv.az\/index.php?rest_route=\/wp\/v2\/posts\/672656\/revisions"}],"wp:featuredmedia":[{"embeddable":true,"href":"https:\/\/arantv.az\/index.php?rest_route=\/wp\/v2\/media\/672657"}],"wp:attachment":[{"href":"https:\/\/arantv.az\/index.php?rest_route=%2Fwp%2Fv2%2Fmedia&parent=672656"}],"wp:term":[{"taxonomy":"category","embeddable":true,"href":"https:\/\/arantv.az\/index.php?rest_route=%2Fwp%2Fv2%2Fcategories&post=672656"},{"taxonomy":"post_tag","embeddable":true,"href":"https:\/\/arantv.az\/index.php?rest_route=%2Fwp%2Fv2%2Ftags&post=672656"}],"curies":[{"name":"wp","href":"https:\/\/api.w.org\/{rel}","templated":true}]}}