{"id":672659,"date":"2023-12-23T16:50:18","date_gmt":"2023-12-23T12:50:18","guid":{"rendered":"https:\/\/arantv.az\/?p=672659"},"modified":"2023-12-23T16:50:18","modified_gmt":"2023-12-23T12:50:18","slug":"az%c9%99rbaycan-prezidentinin-unvanina-t%c9%99brikl%c9%99r-g%c9%99lm%c9%99kd%c9%99-davam-edir-yenil%c9%99nir","status":"publish","type":"post","link":"https:\/\/arantv.az\/?p=672659","title":{"rendered":"Az\u0259rbaycan Prezidentinin \u00fcnvan\u0131na t\u0259brikl\u0259r g\u0259lm\u0259kd\u0259 davam edir &#8211; YEN\u0130L\u018fN\u0130R"},"content":{"rendered":"<p>D\u00fcnyan\u0131n m\u00fcxt\u0259lif \u00f6lk\u0259l\u0259rind\u0259n n\u00fcfuzlu \u015f\u0259xsl\u0259rin, d\u00f6vl\u0259t ba\u015f\u00e7\u0131lar\u0131n\u0131n, n\u0259h\u0259ng \u015firk\u0259t v\u0259 t\u0259\u015fkilat r\u0259hb\u0259rl\u0259rinin ad\u0131ndan Az\u0259rbaycan Respublikas\u0131n\u0131n Prezidenti\u00a0<strong>\u0130lham \u018fliyevin<\/strong>\u00a0\u00fcnvan\u0131na t\u0259brik m\u0259ktublar\u0131 g\u0259lm\u0259kd\u0259 davam edir.<\/p>\n<p>Qazax\u0131stan\u0131n Xalq yaz\u0131\u00e7\u0131s\u0131, g\u00f6rk\u0259mli \u015fair v\u0259 ictimai xadim\u00a0<a href=\"https:\/\/president.az\/az\/articles\/view\/62702\" target=\"_blank\" rel=\"noopener\"><strong>Oljas S\u00fcleymenov<\/strong><\/a>\u00a0Prezident \u0130lham \u018fliyev\u0259 yaz\u0131r:<\/p>\n<p>\u201c\u018fziz \u0130lham Heyd\u0259r o\u011flu.<\/p>\n<p>Do\u011fum g\u00fcn\u00fcn\u00fcz m\u00fcnasib\u0259til\u0259 Sizi t\u0259brik edir\u0259m. Siz\u0259 s\u0259mimi-q\u0259lbd\u0259n m\u00f6hk\u0259m cansa\u011fl\u0131\u011f\u0131 v\u0259 Az\u0259rbaycan xalq\u0131n\u0131n rifah\u0131 namin\u0259 f\u0259aliyy\u0259tinizd\u0259 yeni-yeni u\u011furlar arzulay\u0131ram.<\/p>\n<p>Sizi Yeni il m\u00fcnasib\u0259til\u0259 d\u0259 t\u0259brik edir\u0259m. Qoy g\u0259l\u0259n il Az\u0259rbaycan v\u0259 b\u00fct\u00fcn t\u00fcrk d\u00fcnyas\u0131 \u00fc\u00e7\u00fcn q\u0259l\u0259b\u0259l\u0259r ili olsun!<\/p>\n<p>Sizin s\u0259m\u0259r\u0259li f\u0259aliyy\u0259tiniz n\u0259tic\u0259sind\u0259 b\u00fct\u00fcn d\u00fcnya Az\u0259rbaycanla ba\u011fl\u0131 h\u0259qiq\u0259tl\u0259r, \u00f6lk\u0259nizin v\u0259 xalq\u0131n\u0131z\u0131n qazand\u0131\u011f\u0131 nailiyy\u0259tl\u0259r haqq\u0131nda m\u0259lumatl\u0131d\u0131r.<\/p>\n<p>N\u0259tic\u0259l\u0259ri \u00f6lk\u0259niz v\u0259 b\u00fct\u00f6vl\u00fckd\u0259 region \u00fc\u00e7\u00fcn taley\u00fckl\u00fc olacaq n\u00f6vb\u0259d\u0259nk\u0259nar prezident se\u00e7kil\u0259rind\u0259 Siz\u0259 u\u011furlar dil\u0259yir\u0259m\u201d.<\/p>\n<p>Moldova Respublikas\u0131n\u0131n Prezidenti\u00a0<a href=\"https:\/\/president.az\/az\/articles\/view\/62701\" target=\"_blank\" rel=\"noopener\"><strong>Maya Sandu\u00a0<\/strong><\/a>da Az\u0259rbaycan Prezidentini t\u0259brik edib. Onun m\u0259ktubunda deyilir:<\/p>\n<p>\u201cH\u00f6rm\u0259tli c\u0259nab Prezident.<\/p>\n<p>Do\u011fum g\u00fcn\u00fcn\u00fcz m\u00fcnasib\u0259til\u0259 s\u0259mimi t\u0259brikl\u0259rimi q\u0259bul etm\u0259yinizi xahi\u015f edir\u0259m. Siz\u0259 m\u00f6hk\u0259m cansa\u011fl\u0131\u011f\u0131, xo\u015fb\u0259xtlik v\u0259 ali d\u00f6vl\u0259ti f\u0259aliyy\u0259tinizd\u0259 davaml\u0131 u\u011furlar arzulay\u0131ram.<\/p>\n<p>Moldova Respublikas\u0131 il\u0259 Az\u0259rbaycan Respublikas\u0131 aras\u0131nda inki\u015faf ed\u0259n dostluq v\u0259 \u0259m\u0259kda\u015fl\u0131q m\u00fcnasib\u0259tl\u0259ri m\u00f6vcuddur. \u018fmin\u0259m ki, \u00f6lk\u0259l\u0259rimiz aras\u0131nda qar\u015f\u0131l\u0131ql\u0131 h\u00f6rm\u0259t\u0259 v\u0259 etimada \u0259saslanan t\u0259r\u0259fda\u015fl\u0131q daha da m\u00f6hk\u0259ml\u0259n\u0259c\u0259kdir. Ehtiyac duydu\u011fumuz vaxtlarda Az\u0259rbaycan\u0131n v\u0259 \u015f\u0259xs\u0259n Sizin \u00f6lk\u0259miz\u0259 g\u00f6st\u0259rdiyiniz d\u0259st\u0259y\u0259 g\u00f6r\u0259 d\u0259rin minn\u0259tdarl\u0131\u011f\u0131m\u0131 bildirir\u0259m. M\u0259n bunu \u00f6lk\u0259l\u0259rimizin dostlu\u011funun \u0259yani t\u0259sdiqi kimi d\u0259y\u0259rl\u0259ndirir\u0259m. \u018fm\u0259kda\u015fl\u0131\u011f\u0131m\u0131z\u0131n g\u0259l\u0259c\u0259kd\u0259 daha da d\u0259rinl\u0259\u015f\u0259c\u0259yin\u0259 inan\u0131ram. Siz\u0259 u\u011furlar v\u0259 \u00f6lk\u0259niz\u0259 davaml\u0131 inki\u015faf, firavanl\u0131q arzulay\u0131ram.<\/p>\n<p>C\u0259nab Prezident, \u0259n y\u00fcks\u0259k ehtiram\u0131m\u0131 q\u0259bul etm\u0259yinizi xahi\u015f edir\u0259m\u201d.<\/p>\n<p><strong>14:11<\/strong><\/p>\n<p>Rusiya Federasiyas\u0131 T\u0259hl\u00fck\u0259sizlik \u015euras\u0131 s\u0259drinin m\u00fcavini\u00a0<a href=\"https:\/\/president.az\/az\/articles\/view\/62697\" target=\"_blank\" rel=\"noopener\"><strong>Dmitri Medvedevin<\/strong><\/a>\u00a0Az\u0259rbaycan Prezidentin\u0259 \u00fcnvanlad\u0131\u011f\u0131 m\u0259ktubda deyilir:<\/p>\n<p>\u201cH\u00f6rm\u0259tli \u0130lham Heyd\u0259r o\u011flu.<\/p>\n<p>Do\u011fum g\u00fcn\u00fcn\u00fcz m\u00fcnasib\u0259til\u0259 s\u0259mimi t\u0259brikl\u0259rimi q\u0259bul edin.<\/p>\n<p>Bu g\u00fcn Az\u0259rbaycan Respublikas\u0131 siyasi, iqtisadi, sosial, humanitar v\u0259 dig\u0259r sah\u0259l\u0259rd\u0259 b\u00f6y\u00fck u\u011furlar qazanma\u011fa davam edir. D\u00f6vl\u0259t xadimi kimi m\u00fcdrikliyiniz v\u0259 z\u0259ngin h\u0259yat t\u0259cr\u00fcb\u0259niz Siz\u0259 respublikada v\u0259 onun h\u00fcdudlar\u0131ndan k\u0259narda b\u00f6y\u00fck h\u00f6rm\u0259t qazand\u0131r\u0131b.<\/p>\n<p>Sizin C\u0259nubi Qafqazda v\u0259 X\u0259z\u0259r regionunda sabitliyin v\u0259 t\u0259hl\u00fck\u0259sizliyin t\u0259min edilm\u0259sind\u0259 m\u00fch\u00fcm amil olan Rusiya-Az\u0259rbaycan m\u00fctt\u0259fiqlik m\u00fcnasib\u0259tl\u0259rinin m\u00f6hk\u0259ml\u0259ndirilm\u0259sin\u0259 \u015f\u0259xsi t\u00f6hf\u0259nizi x\u00fcsusi qeyd etm\u0259k ist\u0259yir\u0259m. \u018fmin\u0259m ki, \u00f6lk\u0259l\u0259rimiz\u0259 dost olan xalqlar\u0131n maraqlar\u0131 namin\u0259, o c\u00fcml\u0259d\u0259n Q\u0259rbin m\u00fcasir neokolonializm siyas\u0259ti il\u0259 m\u00fcbariz\u0259 \u00e7\u0259r\u00e7iv\u0259sind\u0259 dialoqun ard\u0131c\u0131l sur\u0259td\u0259 inki\u015faf\u0131n\u0131n ciddi perspektivl\u0259ri var.<\/p>\n<p>H\u00f6rm\u0259tli \u0130lham Heyd\u0259r o\u011flu, Siz\u0259 s\u0259mimi-q\u0259lbd\u0259n m\u00f6hk\u0259m cansa\u011fl\u0131\u011f\u0131, \u0259min-amanl\u0131q v\u0259 u\u011furlar dil\u0259yir\u0259m\u201d.<\/p>\n<p><strong>12:32<\/strong><\/p>\n<p>Prezident\u00a0<strong>\u0130lham \u018fliyevin<\/strong>\u00a0\u00fcnvan\u0131na t\u0259brik m\u0259ktublar\u0131 g\u0259lir.<\/p>\n<p><strong>President.az<\/strong>-\u0131n m\u0259lumat\u0131na g\u00f6r\u0259, Rusiyan\u0131n \u201cQazprom\u201d Publik S\u0259hmdar C\u0259miyy\u0259tinin \u0130dar\u0259 Hey\u0259tinin s\u0259dri\u00a0<a href=\"https:\/\/president.az\/az\/articles\/view\/62688\" target=\"_blank\" rel=\"noopener\"><strong>Aleksey Miller<\/strong><\/a>\u00a0Az\u0259rbaycan Prezidentin\u0259 yaz\u0131r:<\/p>\n<p>\u201cH\u00f6rm\u0259tli \u0130lham Heyd\u0259r o\u011flu.<\/p>\n<p>Do\u011fum g\u00fcn\u00fcn\u00fcz m\u00fcnasib\u0259til\u0259 Sizi \u201cQazprom\u201d Publik S\u0259hmdar C\u0259miyy\u0259tinin \u0130dar\u0259 Hey\u0259ti ad\u0131ndan v\u0259 \u015f\u0259xs\u0259n \u00f6z ad\u0131mdan s\u0259mimi-q\u0259lbd\u0259n t\u0259brik edir\u0259m.<\/p>\n<p>Siz\u0259 cansa\u011fl\u0131\u011f\u0131, firavanl\u0131q, Az\u0259rbaycan\u0131n inki\u015faf\u0131 il\u0259 ba\u011fl\u0131 planlar\u0131n\u0131z\u0131n u\u011furla ger\u00e7\u0259kl\u0259\u015fm\u0259sini, b\u00fct\u00fcn Az\u0259rbaycan xalq\u0131n\u0131n rifah\u0131 namin\u0259 s\u0259m\u0259r\u0259li f\u0259aliyy\u0259tinizd\u0259 yeni v\u0259 b\u00f6y\u00fck nailiyy\u0259tl\u0259r arzulay\u0131ram\u201d.<\/p>\n<p>Moldova Respublikas\u0131n\u0131n Qaqauziya Muxtar \u018frazi Qurumunun (Qaqauz Yeri) r\u0259hb\u0259ri\u00a0<a href=\"https:\/\/president.az\/az\/articles\/view\/62689\" target=\"_blank\" rel=\"noopener\"><strong>Yevgeniya Qutsul\u00a0<\/strong><\/a>da \u0130lham \u018fliyevi t\u0259brik edib:<\/p>\n<p>\u201cM\u00f6ht\u0259r\u0259m c\u0259nab Prezident.<\/p>\n<p>\u0130caz\u0259 verin, qaqauz xalq\u0131 ad\u0131ndan v\u0259 \u015f\u0259xs\u0259n \u00f6z ad\u0131mdan do\u011fum g\u00fcn\u00fcn\u00fcz m\u00fcnasib\u0259til\u0259 Siz\u0259 t\u0259brikl\u0259rimi \u00e7atd\u0131r\u0131m.<\/p>\n<p>Bu \u0259lam\u0259tdar g\u00fcn m\u00fcnasib\u0259til\u0259 Siz\u0259 m\u00f6hk\u0259m cansa\u011fl\u0131\u011f\u0131, t\u00fck\u0259nm\u0259z enerji, firavanl\u0131q, Az\u0259rbaycan Respublikas\u0131n\u0131n t\u0259r\u0259qqisi namin\u0259 b\u00fct\u00fcn planlar\u0131n\u0131z\u0131n u\u011furla h\u0259yata ke\u00e7m\u0259sini arzulay\u0131ram.<\/p>\n<p>Sizin z\u0259ngin siyasi t\u0259cr\u00fcb\u0259niz, enerjiniz v\u0259 pe\u015f\u0259karl\u0131\u011f\u0131n\u0131z, el\u0259c\u0259 d\u0259 \u0259n \u00e7\u0259tin m\u0259s\u0259l\u0259l\u0259rd\u0259 d\u00fczg\u00fcn q\u0259rar verm\u0259k bacar\u0131\u011f\u0131n\u0131z say\u0259sind\u0259 Az\u0259rbaycan bu g\u00fcn b\u00f6y\u00fck iqtisadi nailiyy\u0259tl\u0259r qazan\u0131b v\u0259 inki\u015faf etmi\u015f beyn\u0259lxalq subyektl\u0259rd\u0259n biridir.<\/p>\n<p>Eyni zamanda, icaz\u0259 verin, Qaqauz sakinl\u0259rin\u0259 g\u00f6st\u0259ril\u0259n diqq\u0259t\u0259, el\u0259c\u0259 d\u0259 Qaqauz Muxtariyy\u0259ti il\u0259 \u0259m\u0259kda\u015fl\u0131\u011f\u0131n inki\u015faf\u0131na verdiyiniz b\u00f6y\u00fck t\u00f6hf\u0259y\u0259 g\u00f6r\u0259 Siz\u0259 d\u0259rin minn\u0259tdarl\u0131\u011f\u0131m\u0131 bildirim. Qaqauz regionunun t\u0259\u015f\u0259bb\u00fcsl\u0259rin\u0259 Sizin diqq\u0259tiniz etimadl\u0131 qar\u015f\u0131l\u0131ql\u0131 m\u00fcnasib\u0259tl\u0259rin s\u00fcbutudur.<\/p>\n<p>M\u00f6ht\u0259r\u0259m c\u0259nab Prezident, bu xo\u015f f\u00fcrs\u0259td\u0259n istifad\u0259 ed\u0259r\u0259k, Az\u0259rbaycan Respublikas\u0131n\u0131n t\u0259r\u0259qqisi v\u0259 inki\u015faf\u0131 namin\u0259 ali d\u00f6vl\u0259ti f\u0259aliyy\u0259tinizd\u0259 Siz\u0259 m\u00fcv\u0259ff\u0259qiyy\u0259tl\u0259r arzulay\u0131ram\u201d.<\/p>\n<p>bp-nin Az\u0259rbaycan, G\u00fcrc\u00fcstan v\u0259 T\u00fcrkiy\u0259 \u00fczr\u0259 regional prezidenti\u00a0<a href=\"https:\/\/president.az\/az\/articles\/view\/62691\" target=\"_blank\" rel=\"noopener\"><strong>Q\u0259ri Counzdan<\/strong><\/a>\u00a0g\u0259l\u0259n t\u0259brik m\u0259ktubunda deyilir:<\/p>\n<p>\u201cH\u00f6rm\u0259tli c\u0259nab Prezident.<\/p>\n<p>Sizi do\u011fum g\u00fcn\u00fcn\u00fcz m\u00fcnasib\u0259til\u0259 s\u0259mimi-q\u0259lbd\u0259n t\u0259brik edir, Siz\u0259 v\u0259 ail\u0259niz\u0259 m\u00f6hk\u0259m cansa\u011fl\u0131\u011f\u0131, xo\u015fb\u0259xtlik dil\u0259yir\u0259m.<\/p>\n<p>bp \u015firk\u0259ti olaraq biz Az\u0259rbaycanda d\u00fcnyamiqyasl\u0131 enerji layih\u0259l\u0259rinin \u0259m\u0259liyyat\u00e7\u0131s\u0131 olmaqdan q\u00fcrur duyuruq. Bu strateji enerji layih\u0259l\u0259rinin ger\u00e7\u0259kl\u0259\u015fm\u0259si Sizin r\u0259hb\u0259rliyiniz v\u0259 daimi d\u0259st\u0259yiniz say\u0259sind\u0259 m\u00fcmk\u00fcn olub.<\/p>\n<p>Biz Az\u0259rbaycan h\u00f6kum\u0259ti v\u0259 SOCAR il\u0259 s\u0259m\u0259r\u0259li \u0259m\u0259kda\u015fl\u0131\u011f\u0131m\u0131zdan m\u0259mnunluq duyuruq v\u0259 bu strateji t\u0259r\u0259fda\u015fl\u0131\u011f\u0131n uzun ill\u0259r davam ed\u0259c\u0259yin\u0259 \u0259minik.<\/p>\n<p>Bu xo\u015f f\u00fcrs\u0259td\u0259n istifad\u0259 ed\u0259r\u0259k, Sizi v\u0259 Az\u0259rbaycan xalq\u0131n\u0131 D\u00fcnya Az\u0259rbaycanl\u0131lar\u0131n\u0131n H\u0259mr\u0259ylik G\u00fcn\u00fc v\u0259 Yeni il bayram\u0131 m\u00fcnasib\u0259til\u0259 d\u0259 t\u0259brik edir\u0259m. Yeni ild\u0259 Siz\u0259, yax\u0131nlar\u0131n\u0131za v\u0259 Az\u0259rbaycan xalq\u0131na firavanl\u0131q, s\u00fclh v\u0259 rifah arzulay\u0131ram\u201d.<\/p>\n","protected":false},"excerpt":{"rendered":"<p>D\u00fcnyan\u0131n m\u00fcxt\u0259lif \u00f6lk\u0259l\u0259rind\u0259n n\u00fcfuzlu \u015f\u0259xsl\u0259rin, d\u00f6vl\u0259t ba\u015f\u00e7\u0131lar\u0131n\u0131n, n\u0259h\u0259ng \u015firk\u0259t v\u0259 t\u0259\u015fkilat r\u0259hb\u0259rl\u0259rinin ad\u0131ndan Az\u0259rbaycan Respublikas\u0131n\u0131n Prezidenti\u00a0\u0130lham \u018fliyevin\u00a0\u00fcnvan\u0131na t\u0259brik m\u0259ktublar\u0131 g\u0259lm\u0259kd\u0259 davam edir. Qazax\u0131stan\u0131n Xalq yaz\u0131\u00e7\u0131s\u0131, g\u00f6rk\u0259mli \u015fair v\u0259 ictimai xadim\u00a0Oljas S\u00fcleymenov\u00a0Prezident \u0130lham \u018fliyev\u0259 yaz\u0131r: \u201c\u018fziz \u0130lham Heyd\u0259r o\u011flu. Do\u011fum g\u00fcn\u00fcn\u00fcz m\u00fcnasib\u0259til\u0259 Sizi t\u0259brik edir\u0259m. Siz\u0259 s\u0259mimi-q\u0259lbd\u0259n m\u00f6hk\u0259m cansa\u011fl\u0131\u011f\u0131 v\u0259 Az\u0259rbaycan xalq\u0131n\u0131n rifah\u0131 namin\u0259 f\u0259aliyy\u0259tinizd\u0259 yeni-yeni u\u011furlar arzulay\u0131ram. Sizi Yeni il m\u00fcnasib\u0259til\u0259 d\u0259 t\u0259brik edir\u0259m. Qoy g\u0259l\u0259n il Az\u0259rbaycan v\u0259 b\u00fct\u00fcn t\u00fcrk d\u00fcnyas\u0131 \u00fc\u00e7\u00fcn q\u0259l\u0259b\u0259l\u0259r ili olsun! Sizin s\u0259m\u0259r\u0259li f\u0259aliyy\u0259tiniz n\u0259tic\u0259sind\u0259 b\u00fct\u00fcn d\u00fcnya Az\u0259rbaycanla ba\u011fl\u0131 h\u0259qiq\u0259tl\u0259r, \u00f6lk\u0259nizin v\u0259 xalq\u0131n\u0131z\u0131n qazand\u0131\u011f\u0131 nailiyy\u0259tl\u0259r&hellip;<\/p>\n","protected":false},"author":2,"featured_media":672660,"comment_status":"closed","ping_status":"closed","sticky":false,"template":"","format":"standard","meta":{"om_disable_all_campaigns":false,"_monsterinsights_skip_tracking":false,"_monsterinsights_sitenote_active":false,"_monsterinsights_sitenote_note":"","_monsterinsights_sitenote_category":0},"categories":[4],"tags":[],"aioseo_notices":[],"gutentor_comment":0,"rttpg_featured_image_url":{"full":["https:\/\/arantv.az\/wp-content\/uploads\/2023\/12\/1582377633_2b36444c-e2f4-4f0f-be9f-fd5812b90bc6-1.jpg",620,413,false],"landscape":["https:\/\/arantv.az\/wp-content\/uploads\/2023\/12\/1582377633_2b36444c-e2f4-4f0f-be9f-fd5812b90bc6-1.jpg",620,413,false],"portraits":["https:\/\/arantv.az\/wp-content\/uploads\/2023\/12\/1582377633_2b36444c-e2f4-4f0f-be9f-fd5812b90bc6-1.jpg",620,413,false],"thumbnail":["https:\/\/arantv.az\/wp-content\/uploads\/2023\/12\/1582377633_2b36444c-e2f4-4f0f-be9f-fd5812b90bc6-1-500x280.jpg",500,280,true],"medium":["https:\/\/arantv.az\/wp-content\/uploads\/2023\/12\/1582377633_2b36444c-e2f4-4f0f-be9f-fd5812b90bc6-1-548x365.jpg",548,365,true],"large":["https:\/\/arantv.az\/wp-content\/uploads\/2023\/12\/1582377633_2b36444c-e2f4-4f0f-be9f-fd5812b90bc6-1.jpg",620,413,false],"1536x1536":["https:\/\/arantv.az\/wp-content\/uploads\/2023\/12\/1582377633_2b36444c-e2f4-4f0f-be9f-fd5812b90bc6-1.jpg",620,413,false],"2048x2048":["https:\/\/arantv.az\/wp-content\/uploads\/2023\/12\/1582377633_2b36444c-e2f4-4f0f-be9f-fd5812b90bc6-1.jpg",620,413,false],"post-thumbnail":["https:\/\/arantv.az\/wp-content\/uploads\/2023\/12\/1582377633_2b36444c-e2f4-4f0f-be9f-fd5812b90bc6-1-240x172.jpg",240,172,true],"advps-thumb-one":["https:\/\/arantv.az\/wp-content\/uploads\/2023\/12\/1582377633_2b36444c-e2f4-4f0f-be9f-fd5812b90bc6-1.jpg",620,413,false]},"rttpg_author":{"display_name":"V\u00fcsal Rafiqo\u011flu","author_link":"https:\/\/arantv.az\/?author=2"},"rttpg_comment":0,"rttpg_category":"<a href=\"https:\/\/arantv.az\/?cat=4\" rel=\"category\">Siyas\u0259t<\/a>","rttpg_excerpt":"D\u00fcnyan\u0131n m\u00fcxt\u0259lif \u00f6lk\u0259l\u0259rind\u0259n n\u00fcfuzlu \u015f\u0259xsl\u0259rin, d\u00f6vl\u0259t ba\u015f\u00e7\u0131lar\u0131n\u0131n, n\u0259h\u0259ng \u015firk\u0259t v\u0259 t\u0259\u015fkilat r\u0259hb\u0259rl\u0259rinin ad\u0131ndan Az\u0259rbaycan Respublikas\u0131n\u0131n Prezidenti\u00a0\u0130lham \u018fliyevin\u00a0\u00fcnvan\u0131na t\u0259brik m\u0259ktublar\u0131 g\u0259lm\u0259kd\u0259 davam edir. Qazax\u0131stan\u0131n Xalq yaz\u0131\u00e7\u0131s\u0131, g\u00f6rk\u0259mli \u015fair v\u0259 ictimai xadim\u00a0Oljas S\u00fcleymenov\u00a0Prezident \u0130lham \u018fliyev\u0259 yaz\u0131r: \u201c\u018fziz \u0130lham Heyd\u0259r o\u011flu. Do\u011fum g\u00fcn\u00fcn\u00fcz m\u00fcnasib\u0259til\u0259 Sizi t\u0259brik edir\u0259m. Siz\u0259 s\u0259mimi-q\u0259lbd\u0259n m\u00f6hk\u0259m cansa\u011fl\u0131\u011f\u0131 v\u0259 Az\u0259rbaycan xalq\u0131n\u0131n rifah\u0131 namin\u0259 f\u0259aliyy\u0259tinizd\u0259 yeni-yeni&hellip;","_links":{"self":[{"href":"https:\/\/arantv.az\/index.php?rest_route=\/wp\/v2\/posts\/672659"}],"collection":[{"href":"https:\/\/arantv.az\/index.php?rest_route=\/wp\/v2\/posts"}],"about":[{"href":"https:\/\/arantv.az\/index.php?rest_route=\/wp\/v2\/types\/post"}],"author":[{"embeddable":true,"href":"https:\/\/arantv.az\/index.php?rest_route=\/wp\/v2\/users\/2"}],"replies":[{"embeddable":true,"href":"https:\/\/arantv.az\/index.php?rest_route=%2Fwp%2Fv2%2Fcomments&post=672659"}],"version-history":[{"count":0,"href":"https:\/\/arantv.az\/index.php?rest_route=\/wp\/v2\/posts\/672659\/revisions"}],"wp:featuredmedia":[{"embeddable":true,"href":"https:\/\/arantv.az\/index.php?rest_route=\/wp\/v2\/media\/672660"}],"wp:attachment":[{"href":"https:\/\/arantv.az\/index.php?rest_route=%2Fwp%2Fv2%2Fmedia&parent=672659"}],"wp:term":[{"taxonomy":"category","embeddable":true,"href":"https:\/\/arantv.az\/index.php?rest_route=%2Fwp%2Fv2%2Fcategories&post=672659"},{"taxonomy":"post_tag","embeddable":true,"href":"https:\/\/arantv.az\/index.php?rest_route=%2Fwp%2Fv2%2Ftags&post=672659"}],"curies":[{"name":"wp","href":"https:\/\/api.w.org\/{rel}","templated":true}]}}