{"id":672662,"date":"2023-12-23T16:51:06","date_gmt":"2023-12-23T12:51:06","guid":{"rendered":"https:\/\/arantv.az\/?p=672662"},"modified":"2023-12-23T16:51:06","modified_gmt":"2023-12-23T12:51:06","slug":"fifa-az%c9%99rbaycanin-isgaldan-azad-olunmus-%c9%99razil%c9%99rind%c9%99-futbol-infrastrukturu-ucun-pul-ayira-bil%c9%99r","status":"publish","type":"post","link":"https:\/\/arantv.az\/?p=672662","title":{"rendered":"FIFA Az\u0259rbaycan\u0131n i\u015f\u011faldan azad olunmu\u015f \u0259razil\u0259rind\u0259 futbol infrastrukturu \u00fc\u00e7\u00fcn pul ay\u0131ra bil\u0259r"},"content":{"rendered":"<p>\u201cFIFA Forward\u201d Az\u0259rbaycan\u0131n i\u015f\u011faldan azad edil\u0259n rayonlar\u0131na\u00a0maliyy\u0259 d\u0259st\u0259yi ver\u0259 bil\u0259r.<\/p>\n<p>Bu bar\u0259d\u0259 FIFA-n\u0131n Avropa Milli Assosiasiyalar\u0131 \u00fczr\u0259 direktoru Elxan M\u0259mm\u0259dov \u201cAnadolu\u201d agentliyin\u0259 a\u00e7\u0131qlamas\u0131nda deyib.<\/p>\n<p>O\u00a0bildirib ki, assosasiya m\u00fcharib\u0259 v\u0259 g\u0259rginliyin oldu\u011fu\u00a0\u00f6lk\u0259l\u0259rd\u0259 futbolun davaml\u0131 inki\u015faf\u00a0etm\u0259sini ist\u0259yir.<\/p>\n<p>\u201cD\u00f6y\u00fc\u015fl\u0259r zaman\u0131 infrastruktur z\u0259d\u0259l\u0259nir. M\u00fcharib\u0259l\u0259r bitdikd\u0259n sonra z\u0259r\u0259r g\u00f6r\u0259n \u00f6lk\u0259l\u0259r\u0259 d\u0259st\u0259yimizi g\u00f6st\u0259r\u0259c\u0259yik\u201d, &#8211; dey\u0259 funksioner vur\u011fulay\u0131b.<\/p>\n<p>O\u00a0bir g\u00fcn d\u00fcnyaya s\u00fclh g\u0259l\u0259c\u0259yini, futbolla insanlar\u0131n bir olaca\u011f\u0131n\u0131, d\u00fcnyan\u0131n daha qlobal olaca\u011f\u0131na \u00fcmidini ifad\u0259 edib.<\/p>\n<p>Qeyd ed\u0259k ki, \u201cFIFA Forward\u201d d\u00fcnyan\u0131n \u0259n b\u00f6y\u00fck idman investisiya fondudur v\u0259 FIFA \u00fczvl\u0259rinin futbolun inki\u015faf\u0131na s\u0259rmay\u0259 qoymas\u0131 \u00fc\u00e7\u00fcn yarad\u0131l\u0131b. D\u00fcnya futbol assosiasiyalar\u0131n\u0131n yar\u0131dan \u00e7oxu (211 \u00f6lk\u0259d\u0259n 106-s\u0131) \u00f6z \u00f6lk\u0259l\u0259rind\u0259 futbolu inki\u015faf etdirm\u0259k \u00fc\u00e7\u00fcn yaln\u0131z \u201cForward\u201d fondlar\u0131na g\u00fcv\u0259nir. 2016-c\u0131 ild\u0259 t\u0259sis edildikd\u0259n sonra \u201cFIFA Forward\u201d d\u00fcnyan\u0131n 211 \u00f6lk\u0259sind\u0259 milli futbol federasiyalar\u0131 vasit\u0259sil\u0259 s\u0259kkiz\u00a0il \u0259rzind\u0259 2,8 milyard dollar s\u0259rmay\u0259 qoyub.<\/p>\n","protected":false},"excerpt":{"rendered":"<p>\u201cFIFA Forward\u201d Az\u0259rbaycan\u0131n i\u015f\u011faldan azad edil\u0259n rayonlar\u0131na\u00a0maliyy\u0259 d\u0259st\u0259yi ver\u0259 bil\u0259r. Bu bar\u0259d\u0259 FIFA-n\u0131n Avropa Milli Assosiasiyalar\u0131 \u00fczr\u0259 direktoru Elxan M\u0259mm\u0259dov \u201cAnadolu\u201d agentliyin\u0259 a\u00e7\u0131qlamas\u0131nda deyib. O\u00a0bildirib ki, assosasiya m\u00fcharib\u0259 v\u0259 g\u0259rginliyin oldu\u011fu\u00a0\u00f6lk\u0259l\u0259rd\u0259 futbolun davaml\u0131 inki\u015faf\u00a0etm\u0259sini ist\u0259yir. \u201cD\u00f6y\u00fc\u015fl\u0259r zaman\u0131 infrastruktur z\u0259d\u0259l\u0259nir. M\u00fcharib\u0259l\u0259r bitdikd\u0259n sonra z\u0259r\u0259r g\u00f6r\u0259n \u00f6lk\u0259l\u0259r\u0259 d\u0259st\u0259yimizi g\u00f6st\u0259r\u0259c\u0259yik\u201d, &#8211; dey\u0259 funksioner vur\u011fulay\u0131b. O\u00a0bir g\u00fcn d\u00fcnyaya s\u00fclh g\u0259l\u0259c\u0259yini, futbolla insanlar\u0131n bir olaca\u011f\u0131n\u0131, d\u00fcnyan\u0131n daha qlobal olaca\u011f\u0131na \u00fcmidini ifad\u0259 edib. Qeyd ed\u0259k ki, \u201cFIFA Forward\u201d d\u00fcnyan\u0131n \u0259n b\u00f6y\u00fck idman investisiya fondudur v\u0259 FIFA \u00fczvl\u0259rinin futbolun inki\u015faf\u0131na s\u0259rmay\u0259 qoymas\u0131 \u00fc\u00e7\u00fcn yarad\u0131l\u0131b. D\u00fcnya futbol assosiasiyalar\u0131n\u0131n&hellip;<\/p>\n","protected":false},"author":2,"featured_media":672663,"comment_status":"closed","ping_status":"closed","sticky":false,"template":"","format":"standard","meta":{"om_disable_all_campaigns":false,"_monsterinsights_skip_tracking":false,"_monsterinsights_sitenote_active":false,"_monsterinsights_sitenote_note":"","_monsterinsights_sitenote_category":0},"categories":[19],"tags":[],"aioseo_notices":[],"gutentor_comment":0,"rttpg_featured_image_url":{"full":["https:\/\/arantv.az\/wp-content\/uploads\/2023\/12\/1OxG9CEfSTmu8AOZtMa8LEX8Y4pa0muMmLh9yIon.jpg",620,413,false],"landscape":["https:\/\/arantv.az\/wp-content\/uploads\/2023\/12\/1OxG9CEfSTmu8AOZtMa8LEX8Y4pa0muMmLh9yIon.jpg",620,413,false],"portraits":["https:\/\/arantv.az\/wp-content\/uploads\/2023\/12\/1OxG9CEfSTmu8AOZtMa8LEX8Y4pa0muMmLh9yIon.jpg",620,413,false],"thumbnail":["https:\/\/arantv.az\/wp-content\/uploads\/2023\/12\/1OxG9CEfSTmu8AOZtMa8LEX8Y4pa0muMmLh9yIon-500x280.jpg",500,280,true],"medium":["https:\/\/arantv.az\/wp-content\/uploads\/2023\/12\/1OxG9CEfSTmu8AOZtMa8LEX8Y4pa0muMmLh9yIon-548x365.jpg",548,365,true],"large":["https:\/\/arantv.az\/wp-content\/uploads\/2023\/12\/1OxG9CEfSTmu8AOZtMa8LEX8Y4pa0muMmLh9yIon.jpg",620,413,false],"1536x1536":["https:\/\/arantv.az\/wp-content\/uploads\/2023\/12\/1OxG9CEfSTmu8AOZtMa8LEX8Y4pa0muMmLh9yIon.jpg",620,413,false],"2048x2048":["https:\/\/arantv.az\/wp-content\/uploads\/2023\/12\/1OxG9CEfSTmu8AOZtMa8LEX8Y4pa0muMmLh9yIon.jpg",620,413,false],"post-thumbnail":["https:\/\/arantv.az\/wp-content\/uploads\/2023\/12\/1OxG9CEfSTmu8AOZtMa8LEX8Y4pa0muMmLh9yIon-240x172.jpg",240,172,true],"advps-thumb-one":["https:\/\/arantv.az\/wp-content\/uploads\/2023\/12\/1OxG9CEfSTmu8AOZtMa8LEX8Y4pa0muMmLh9yIon.jpg",620,413,false]},"rttpg_author":{"display_name":"V\u00fcsal Rafiqo\u011flu","author_link":"https:\/\/arantv.az\/?author=2"},"rttpg_comment":0,"rttpg_category":"<a href=\"https:\/\/arantv.az\/?cat=19\" rel=\"category\">G\u00fcnd\u0259m<\/a>","rttpg_excerpt":"\u201cFIFA Forward\u201d Az\u0259rbaycan\u0131n i\u015f\u011faldan azad edil\u0259n rayonlar\u0131na\u00a0maliyy\u0259 d\u0259st\u0259yi ver\u0259 bil\u0259r. Bu bar\u0259d\u0259 FIFA-n\u0131n Avropa Milli Assosiasiyalar\u0131 \u00fczr\u0259 direktoru Elxan M\u0259mm\u0259dov \u201cAnadolu\u201d agentliyin\u0259 a\u00e7\u0131qlamas\u0131nda deyib. O\u00a0bildirib ki, assosasiya m\u00fcharib\u0259 v\u0259 g\u0259rginliyin oldu\u011fu\u00a0\u00f6lk\u0259l\u0259rd\u0259 futbolun davaml\u0131 inki\u015faf\u00a0etm\u0259sini ist\u0259yir. \u201cD\u00f6y\u00fc\u015fl\u0259r zaman\u0131 infrastruktur z\u0259d\u0259l\u0259nir. M\u00fcharib\u0259l\u0259r bitdikd\u0259n sonra z\u0259r\u0259r g\u00f6r\u0259n \u00f6lk\u0259l\u0259r\u0259 d\u0259st\u0259yimizi g\u00f6st\u0259r\u0259c\u0259yik\u201d, &#8211; dey\u0259 funksioner vur\u011fulay\u0131b. O\u00a0bir g\u00fcn d\u00fcnyaya s\u00fclh&hellip;","_links":{"self":[{"href":"https:\/\/arantv.az\/index.php?rest_route=\/wp\/v2\/posts\/672662"}],"collection":[{"href":"https:\/\/arantv.az\/index.php?rest_route=\/wp\/v2\/posts"}],"about":[{"href":"https:\/\/arantv.az\/index.php?rest_route=\/wp\/v2\/types\/post"}],"author":[{"embeddable":true,"href":"https:\/\/arantv.az\/index.php?rest_route=\/wp\/v2\/users\/2"}],"replies":[{"embeddable":true,"href":"https:\/\/arantv.az\/index.php?rest_route=%2Fwp%2Fv2%2Fcomments&post=672662"}],"version-history":[{"count":0,"href":"https:\/\/arantv.az\/index.php?rest_route=\/wp\/v2\/posts\/672662\/revisions"}],"wp:featuredmedia":[{"embeddable":true,"href":"https:\/\/arantv.az\/index.php?rest_route=\/wp\/v2\/media\/672663"}],"wp:attachment":[{"href":"https:\/\/arantv.az\/index.php?rest_route=%2Fwp%2Fv2%2Fmedia&parent=672662"}],"wp:term":[{"taxonomy":"category","embeddable":true,"href":"https:\/\/arantv.az\/index.php?rest_route=%2Fwp%2Fv2%2Fcategories&post=672662"},{"taxonomy":"post_tag","embeddable":true,"href":"https:\/\/arantv.az\/index.php?rest_route=%2Fwp%2Fv2%2Ftags&post=672662"}],"curies":[{"name":"wp","href":"https:\/\/api.w.org\/{rel}","templated":true}]}}