{"id":672699,"date":"2023-12-23T17:03:40","date_gmt":"2023-12-23T13:03:40","guid":{"rendered":"https:\/\/arantv.az\/?p=672699"},"modified":"2023-12-23T17:03:40","modified_gmt":"2023-12-23T13:03:40","slug":"q%c9%99rbi-az%c9%99rbaycan-icmasinin-umumi-yigincagi-kecirilib-sayti-t%c9%99qdim-olunub-foto","status":"publish","type":"post","link":"https:\/\/arantv.az\/?p=672699","title":{"rendered":"Q\u0259rbi Az\u0259rbaycan \u0130cmas\u0131n\u0131n \u00fcmumi y\u0131\u011f\u0131nca\u011f\u0131 ke\u00e7irilib, sayt\u0131 t\u0259qdim olunub &#8211; FOTO"},"content":{"rendered":"<p>Q\u0259rbi Az\u0259rbaycan \u0130cmas\u0131nda t\u0259\u015fkilat\u0131n 2023-c\u00fc ild\u0259 f\u0259aliyy\u0259tinin qiym\u0259tl\u0259ndirilm\u0259si, g\u00f6r\u00fcl\u0259n i\u015fl\u0259r\u0259 dair hesabatlar\u0131n dinl\u0259nilm\u0259si, el\u0259c\u0259 d\u0259 2024-c\u00fc ild\u0259 icman\u0131n qar\u015f\u0131s\u0131nda duran prioritetl\u0259rin m\u00fc\u0259yy\u0259n edilm\u0259si il\u0259 ba\u011fl\u0131 illik \u00fcmumi y\u0131\u011f\u0131ncaq ke\u00e7irilib.<\/p>\n<p>\u201cReport\u201dun x\u0259b\u0259rin\u0259 g\u00f6r\u0259, iclas\u0131 giri\u015f s\u00f6z\u00fc il\u0259 a\u00e7an icman\u0131n \u0130dar\u0259 Hey\u0259tinin s\u0259dri, Milli M\u0259clisin deputat\u0131 \u018fziz \u018fl\u0259kb\u0259rli bildirib ki, 24 dekabr 2022-ci ild\u0259 Az\u0259rbaycan Prezidenti\u00a0<strong>\u0130lham \u018fliyevin<\/strong>\u00a0icman\u0131n inzibati binas\u0131n\u0131 a\u00e7\u0131l\u0131\u015f\u0131 zaman\u0131 bir qrup ziyal\u0131 il\u0259 g\u00f6r\u00fc\u015f\u00fc icman\u0131n 2023-c\u00fc ild\u0259 g\u00f6st\u0259rdiyi intensiv f\u0259aliyy\u0259t \u00fc\u00e7\u00fcn b\u00f6y\u00fck t\u0259kan v\u0259 stimul olub.<\/p>\n<p>\u201cD\u00f6vl\u0259t ba\u015f\u00e7\u0131s\u0131n\u0131n t\u00f6vsiy\u0259l\u0259ri \u0259sas\u0131nda q\u0131sa zamanda \u0130cman\u0131n Qay\u0131d\u0131\u015f Konsepsiyas\u0131 haz\u0131rlanaraq q\u0259bul olunub. Soyda\u015flar\u0131m\u0131z\u0131n \u00f6z do\u011fma torpaqlar\u0131na geri qay\u0131d\u0131\u015f\u0131 u\u011frunda yorulmaz daxili v\u0259 beyn\u0259lxalq f\u0259aliyy\u0259t\u0259 start verilib. \u015e\u0259h\u0259r, rayon v\u0259 k\u0259nd icmalar\u0131n\u0131n Q\u0259rbi Az\u0259rbaycan \u0130cmas\u0131 \u0259traf\u0131nda birl\u0259\u015fm\u0259si il\u0259 icman\u0131n yenid\u0259n t\u0259\u015fkilatlanmas\u0131 prosesi daha da intensiv hal al\u0131b. \u0130cma Bak\u0131da v\u0259 b\u00f6lg\u0259l\u0259rd\u0259 Q\u0259rbi az\u0259rbaycanl\u0131lar\u0131n qay\u0131d\u0131\u015f h\u00fcququnun t\u0259\u015fviqi v\u0259 onlar\u0131n ad\u0259t-\u0259n\u0259n\u0259l\u0259rinin, folklorunun, m\u0259d\u0259ni d\u0259y\u0259rl\u0259rinin t\u0259bli\u011fi istiqam\u0259tind\u0259 \u00e7oxsayl\u0131 t\u0259dbirl\u0259r, o c\u00fcml\u0259d\u0259n elmi-praktik konfranslar, seminarlar, festivallar, s\u0259rgil\u0259r v\u0259 konsertl\u0259r ke\u00e7irilib\u201d, &#8211; o vur\u011fulay\u0131b.<\/p>\n<p>S\u0259dr bildirib ki, ilin \u0259vv\u0259lind\u0259 Qay\u0131d\u0131\u015f Konsepsiyas\u0131n\u0131n q\u0259bulundan d\u0259rhal sonra, Erm\u0259nistandan qovulmu\u015f az\u0259rbaycanl\u0131lar\u0131n s\u00fclh yolu il\u0259, t\u0259hl\u00fck\u0259siz \u015f\u0259kild\u0259 v\u0259 l\u0259yaq\u0259tl\u0259 geri qay\u0131tmas\u0131 m\u0259s\u0259l\u0259sinin beyn\u0259lxalq g\u00fcnd\u0259liy\u0259 g\u0259tirilm\u0259si istiqam\u0259tind\u0259 sistemli f\u0259aliyy\u0259t\u0259 ba\u015flan\u0131b. \u0130cma Erm\u0259nistan\u0131n ba\u015f naziri Nikol Pa\u015finyana m\u0259kub \u00fcnvanlayaraq d\u00f6vl\u0259tl\u0259rin \u0259razi b\u00fct\u00f6vl\u00fcy\u00fc v\u0259 suverenliyi prinsipl\u0259rin\u0259 h\u00f6rm\u0259t etm\u0259kl\u0259, qay\u0131d\u0131\u015f m\u00f6vzusunda dialoqa ba\u015flamaq t\u0259klifi il\u0259 \u00e7\u0131x\u0131\u015f edib. Bununla yana\u015f\u0131, xarici d\u00f6vl\u0259tl\u0259r\u0259 v\u0259 beyn\u0259lxalq t\u0259\u015fkilatlara m\u00fcraci\u0259tl\u0259r edil\u0259r\u0259k, icman\u0131n s\u00fclhsev\u0259r v\u0259 beyn\u0259lxalq h\u00fcquqa \u0259saslanan missiyas\u0131 bar\u0259d\u0259 m\u0259lumat verilib v\u0259 qay\u0131d\u0131\u015f h\u00fcququnun t\u0259min olunmas\u0131nda onlar\u0131n d\u0259st\u0259yi xahi\u015f edilib. \u0130cman\u0131n s\u0259kkiz s\u0259n\u0259di BMT-nin r\u0259smi s\u0259n\u0259di kimi yay\u0131l\u0131b. \u0130cma qay\u0131d\u0131\u015f m\u0259s\u0259l\u0259sin\u0259 dair beyn\u0259lxalq t\u0259\u015fkilatlarla dialoqa ba\u015flay\u0131b v\u0259 bu t\u0259\u015fkilatlar \u00e7\u0259r\u00e7iv\u0259sind\u0259 r\u0259smi t\u0259dbirl\u0259rd\u0259 i\u015ftirak edib. H\u0259m\u00e7inin, xaricd\u0259 ya\u015fayan Q\u0259rbi az\u0259rbaycanl\u0131lar\u0131n t\u0259\u015fkilatlanmas\u0131 v\u0259 onlar aras\u0131nda koordinasiyan\u0131n g\u00fccl\u0259ndirilm\u0259si istiqam\u0259tind\u0259 \u0259m\u0259li add\u0131mlar at\u0131l\u0131b.<\/p>\n<p>\u018f.\u018fl\u0259kb\u0259rli s\u00f6yl\u0259yib ki, 5 dekabrda \u201cErm\u0259nistandan did\u0259rgin sal\u0131nm\u0131\u015f az\u0259rbaycanl\u0131lar\u0131n t\u0259hl\u00fck\u0259siz \u015f\u0259kild\u0259 v\u0259 l\u0259yaq\u0259tl\u0259 geri qay\u0131d\u0131\u015f\u0131n\u0131 t\u0259min etm\u0259k: Qlobal kontekst v\u0259 \u0259dal\u0259tli h\u0259ll\u201d m\u00f6vzusunda 30 xarici \u00f6lk\u0259d\u0259n n\u00fcmay\u0259nd\u0259l\u0259rin i\u015ftirak\u0131 il\u0259 ba\u015f tutmu\u015f beyn\u0259lxalq konfrans Q\u0259rbi Az\u0259rbaycan m\u00f6vzusunun beyn\u0259lxalq ictimaiyy\u0259tin g\u00fcnd\u0259liyin\u0259 g\u0259tirilm\u0259si bax\u0131m\u0131ndan b\u00f6y\u00fck rol oynay\u0131b. \u0130cma il \u0259rzind\u0259 \u00f6z f\u0259aliyy\u0259ti bar\u0259d\u0259 ictimaiyy\u0259ti aktiv \u015f\u0259kild\u0259 m\u0259lumatland\u0131r\u0131b v\u0259 xarici dair\u0259l\u0259rin icma \u00fc\u00e7\u00fcn maraq do\u011furan m\u0259s\u0259l\u0259l\u0259r\u0259 dair ifad\u0259 etdikl\u0259ri m\u00f6vqel\u0259r\u0259 operativ qaydada m\u00fcvafiq b\u0259yanatlarla reaksiya verib.<\/p>\n<p>O vur\u011fulay\u0131b ki, icma \u00f6t\u0259n \u0259srd\u0259 d\u00f6rd d\u0259f\u0259 deportasiya olunan soyda\u015flar\u0131m\u0131z\u0131n v\u0259 onlar\u0131n varisl\u0259rinin \u00f6z do\u011fma torpaqlar\u0131na geri qay\u0131d\u0131\u015f\u0131 il\u0259 ba\u011fl\u0131 f\u0259aliyy\u0259tini qar\u015f\u0131dak\u0131 2024-c\u00fc ild\u0259 d\u0259 davam etdir\u0259c\u0259k, bu \u0259dal\u0259tsizliyin aradan qald\u0131r\u0131lmas\u0131 \u00fc\u00e7\u00fcn s\u0259yl\u0259rini \u0259sirg\u0259m\u0259y\u0259c\u0259k.<\/p>\n<p>Ard\u0131nca N\u0259zar\u0259t-T\u0259fti\u015f Komissiyas\u0131n\u0131n s\u0259dri, professor Vahid Novruzov, M\u00fc\u015fahid\u0259 \u015euras\u0131n\u0131n s\u0259dri, AMEA-n\u0131n m\u00fcxbir \u00fczv\u00fc Misir M\u0259rdanov, A\u011fsaqqallar \u015euras\u0131n\u0131n s\u0259dri, Milli M\u0259clisin deputat\u0131, akademik \u018fhliman \u018fmiraslanov, Ziyal\u0131lar \u015euras\u0131n\u0131n s\u0259dri, professor Elxan H\u00fcseynov, Qad\u0131nlar \u015euras\u0131n\u0131n s\u0259dri, Milli M\u0259clisin deputat\u0131 M\u0259lah\u0259t \u0130brahimq\u0131z\u0131, G\u0259ncl\u0259r Birliyinin s\u0259dri, Milli M\u0259clisin deputat\u0131 Ramin M\u0259mm\u0259dov, Q\u0259yyumlar \u015euras\u0131n\u0131n s\u0259dri M\u00fcrv\u0259t H\u0259s\u0259nli t\u0259msil etdikl\u0259ri \u015furalar v\u0259 birliyin illik hesabat\u0131n\u0131 t\u0259qdim edibl\u0259r.<\/p>\n<p>Toplant\u0131 i\u015ftirak\u00e7\u0131lar\u0131 Erm\u0259nistandan qovulmu\u015f az\u0259rbaycanl\u0131lar\u0131n qay\u0131d\u0131\u015f h\u00fcququ m\u0259s\u0259l\u0259sind\u0259 g\u00f6st\u0259rdiyi prinsipial v\u0259 ard\u0131c\u0131l yana\u015fmaya v\u0259 Q\u0259rbi Az\u0259rbaycan \u0130cmas\u0131n\u0131n f\u0259aliyy\u0259tin\u0259 verdiyi qiym\u0259tli d\u0259st\u0259y\u0259 g\u00f6r\u0259 Az\u0259rbaycan Respublikas\u0131n\u0131n Prezidenti \u0130lham \u018fliyev\u0259 t\u0259\u015f\u0259kk\u00fcr edib v\u0259 qar\u015f\u0131dan g\u0259l\u0259n ad g\u00fcn\u00fc m\u00fcnasib\u0259til\u0259 c\u0259nab Prezident\u0259 s\u0259mimi t\u0259brikl\u0259rini ifad\u0259 edibl\u0259r.<\/p>\n<p>Sonda Q\u0259rbi Az\u0259rbaycan \u0130cmas\u0131n\u0131n sayt\u0131 www.westaz.org-un t\u0259qdimat\u0131 ba\u015f tutub.<\/p>\n<p>&nbsp;<\/p>\n<div class=\"gallery\">\n<div class=\"gallery-i\"><img src=\"https:\/\/cdn.oxu.az\/uploads\/W1siZiIsIjIwMjMvMTIvMjMvMTMvNDQvMzcvMGUwNDdhY2ItYzZlYi00Y2MzLTg3YTgtOTA3NmE0NmFkODkxL2MwMThkYzIzLWNkYmUtMzE2Ni1iMDk2LWZkYjExOGQwZWQ1NC5qcGciXSxbInAiLCJlbmNvZGUiLCJqcGciLCItcXVhbGl0eSA4MCJdLFsicCIsInRodW1iIiwiNTkweDU5MFx1MDAzZSJdXQ?sha=94dcc78608c73fbc\" alt=\"\" \/><\/p>\n<div class=\"gallery-i-caption\"><\/div>\n<\/div>\n<div class=\"gallery-i\"><img src=\"https:\/\/cdn.oxu.az\/uploads\/W1siZiIsIjIwMjMvMTIvMjMvMTMvNDQvMzcvZGJiNjBiZGEtNjZkNy00ZjlhLWEzNzktYWI5MzU4OTNlMTZjLzBjNzE3YjdkLWU1ZTktM2RjZC05NjFiLWMyM2RiNGNmZGMyNy5qcGciXSxbInAiLCJlbmNvZGUiLCJqcGciLCItcXVhbGl0eSA4MCJdLFsicCIsInRodW1iIiwiNTkweDU5MFx1MDAzZSJdXQ?sha=5de08fab597e3369\" alt=\"\" \/><\/p>\n<div class=\"gallery-i-caption\"><\/div>\n<\/div>\n<div class=\"gallery-i\"><img src=\"https:\/\/cdn.oxu.az\/uploads\/W1siZiIsIjIwMjMvMTIvMjMvMTMvNDQvMzcvOTg4MzYxYjctYzViZi00Njg2LWE0ZGEtYzZlYjVjYjljNThkLzNiZjQ5ODFlLTkyMDEtMzE2ZC05ZjBmLTFlOTc0OWYzODg1Zi5qcGciXSxbInAiLCJlbmNvZGUiLCJqcGciLCItcXVhbGl0eSA4MCJdLFsicCIsInRodW1iIiwiNTkweDU5MFx1MDAzZSJdXQ?sha=9a34acfb6a33183d\" alt=\"\" \/><\/p>\n<div class=\"gallery-i-caption\"><\/div>\n<\/div>\n<div class=\"gallery-i\"><img src=\"https:\/\/cdn.oxu.az\/uploads\/W1siZiIsIjIwMjMvMTIvMjMvMTMvNDQvMzcvYjZlMDkyZTQtN2ZjNS00MzQxLTg1NjYtOWI0OTFhYjRjODk3LzQ0MjA0YjVjLTU0MzItMzJkZS1iNzc4LWQ2M2FhODJkNmM5Zi5qcGciXSxbInAiLCJlbmNvZGUiLCJqcGciLCItcXVhbGl0eSA4MCJdLFsicCIsInRodW1iIiwiNTkweDU5MFx1MDAzZSJdXQ?sha=fc5228f6dc10f289\" alt=\"\" \/><\/p>\n<div class=\"gallery-i-caption\"><\/div>\n<\/div>\n<div class=\"gallery-i\"><img src=\"https:\/\/cdn.oxu.az\/uploads\/W1siZiIsIjIwMjMvMTIvMjMvMTMvNDQvMzcvMzg2ZTIxMDktNmUxNi00MzJiLTkyNDMtZmFmOGU2MzZkNTk4L2FjMzM2YThkLWM5ZTAtM2QwOS04YzViLWVkMTlkMzcyZTE1Ni5qcGVnIl0sWyJwIiwiZW5jb2RlIiwianBnIiwiLXF1YWxpdHkgODAiXSxbInAiLCJ0aHVtYiIsIjU5MHg1OTBcdTAwM2UiXV0?sha=758e23a4918c2a7e\" alt=\"\" \/><\/div>\n<\/div>\n","protected":false},"excerpt":{"rendered":"<p>Q\u0259rbi Az\u0259rbaycan \u0130cmas\u0131nda t\u0259\u015fkilat\u0131n 2023-c\u00fc ild\u0259 f\u0259aliyy\u0259tinin qiym\u0259tl\u0259ndirilm\u0259si, g\u00f6r\u00fcl\u0259n i\u015fl\u0259r\u0259 dair hesabatlar\u0131n dinl\u0259nilm\u0259si, el\u0259c\u0259 d\u0259 2024-c\u00fc ild\u0259 icman\u0131n qar\u015f\u0131s\u0131nda duran prioritetl\u0259rin m\u00fc\u0259yy\u0259n edilm\u0259si il\u0259 ba\u011fl\u0131 illik \u00fcmumi y\u0131\u011f\u0131ncaq ke\u00e7irilib. \u201cReport\u201dun x\u0259b\u0259rin\u0259 g\u00f6r\u0259, iclas\u0131 giri\u015f s\u00f6z\u00fc il\u0259 a\u00e7an icman\u0131n \u0130dar\u0259 Hey\u0259tinin s\u0259dri, Milli M\u0259clisin deputat\u0131 \u018fziz \u018fl\u0259kb\u0259rli bildirib ki, 24 dekabr 2022-ci ild\u0259 Az\u0259rbaycan Prezidenti\u00a0\u0130lham \u018fliyevin\u00a0icman\u0131n inzibati binas\u0131n\u0131 a\u00e7\u0131l\u0131\u015f\u0131 zaman\u0131 bir qrup ziyal\u0131 il\u0259 g\u00f6r\u00fc\u015f\u00fc icman\u0131n 2023-c\u00fc ild\u0259 g\u00f6st\u0259rdiyi intensiv f\u0259aliyy\u0259t \u00fc\u00e7\u00fcn b\u00f6y\u00fck t\u0259kan v\u0259 stimul olub. \u201cD\u00f6vl\u0259t ba\u015f\u00e7\u0131s\u0131n\u0131n t\u00f6vsiy\u0259l\u0259ri \u0259sas\u0131nda q\u0131sa zamanda \u0130cman\u0131n Qay\u0131d\u0131\u015f Konsepsiyas\u0131 haz\u0131rlanaraq q\u0259bul olunub. Soyda\u015flar\u0131m\u0131z\u0131n \u00f6z&hellip;<\/p>\n","protected":false},"author":2,"featured_media":672702,"comment_status":"closed","ping_status":"closed","sticky":false,"template":"","format":"standard","meta":{"om_disable_all_campaigns":false,"_monsterinsights_skip_tracking":false,"_monsterinsights_sitenote_active":false,"_monsterinsights_sitenote_note":"","_monsterinsights_sitenote_category":0},"categories":[4],"tags":[],"aioseo_notices":[],"gutentor_comment":0,"rttpg_featured_image_url":{"full":["https:\/\/arantv.az\/wp-content\/uploads\/2023\/12\/FotoJet-79.jpg",620,413,false],"landscape":["https:\/\/arantv.az\/wp-content\/uploads\/2023\/12\/FotoJet-79.jpg",620,413,false],"portraits":["https:\/\/arantv.az\/wp-content\/uploads\/2023\/12\/FotoJet-79.jpg",620,413,false],"thumbnail":["https:\/\/arantv.az\/wp-content\/uploads\/2023\/12\/FotoJet-79-500x280.jpg",500,280,true],"medium":["https:\/\/arantv.az\/wp-content\/uploads\/2023\/12\/FotoJet-79-548x365.jpg",548,365,true],"large":["https:\/\/arantv.az\/wp-content\/uploads\/2023\/12\/FotoJet-79.jpg",620,413,false],"1536x1536":["https:\/\/arantv.az\/wp-content\/uploads\/2023\/12\/FotoJet-79.jpg",620,413,false],"2048x2048":["https:\/\/arantv.az\/wp-content\/uploads\/2023\/12\/FotoJet-79.jpg",620,413,false],"post-thumbnail":["https:\/\/arantv.az\/wp-content\/uploads\/2023\/12\/FotoJet-79-240x172.jpg",240,172,true],"advps-thumb-one":["https:\/\/arantv.az\/wp-content\/uploads\/2023\/12\/FotoJet-79.jpg",620,413,false]},"rttpg_author":{"display_name":"V\u00fcsal Rafiqo\u011flu","author_link":"https:\/\/arantv.az\/?author=2"},"rttpg_comment":0,"rttpg_category":"<a href=\"https:\/\/arantv.az\/?cat=4\" rel=\"category\">Siyas\u0259t<\/a>","rttpg_excerpt":"Q\u0259rbi Az\u0259rbaycan \u0130cmas\u0131nda t\u0259\u015fkilat\u0131n 2023-c\u00fc ild\u0259 f\u0259aliyy\u0259tinin qiym\u0259tl\u0259ndirilm\u0259si, g\u00f6r\u00fcl\u0259n i\u015fl\u0259r\u0259 dair hesabatlar\u0131n dinl\u0259nilm\u0259si, el\u0259c\u0259 d\u0259 2024-c\u00fc ild\u0259 icman\u0131n qar\u015f\u0131s\u0131nda duran prioritetl\u0259rin m\u00fc\u0259yy\u0259n edilm\u0259si il\u0259 ba\u011fl\u0131 illik \u00fcmumi y\u0131\u011f\u0131ncaq ke\u00e7irilib. \u201cReport\u201dun x\u0259b\u0259rin\u0259 g\u00f6r\u0259, iclas\u0131 giri\u015f s\u00f6z\u00fc il\u0259 a\u00e7an icman\u0131n \u0130dar\u0259 Hey\u0259tinin s\u0259dri, Milli M\u0259clisin deputat\u0131 \u018fziz \u018fl\u0259kb\u0259rli bildirib ki, 24 dekabr 2022-ci ild\u0259 Az\u0259rbaycan Prezidenti\u00a0\u0130lham \u018fliyevin\u00a0icman\u0131n&hellip;","_links":{"self":[{"href":"https:\/\/arantv.az\/index.php?rest_route=\/wp\/v2\/posts\/672699"}],"collection":[{"href":"https:\/\/arantv.az\/index.php?rest_route=\/wp\/v2\/posts"}],"about":[{"href":"https:\/\/arantv.az\/index.php?rest_route=\/wp\/v2\/types\/post"}],"author":[{"embeddable":true,"href":"https:\/\/arantv.az\/index.php?rest_route=\/wp\/v2\/users\/2"}],"replies":[{"embeddable":true,"href":"https:\/\/arantv.az\/index.php?rest_route=%2Fwp%2Fv2%2Fcomments&post=672699"}],"version-history":[{"count":0,"href":"https:\/\/arantv.az\/index.php?rest_route=\/wp\/v2\/posts\/672699\/revisions"}],"wp:featuredmedia":[{"embeddable":true,"href":"https:\/\/arantv.az\/index.php?rest_route=\/wp\/v2\/media\/672702"}],"wp:attachment":[{"href":"https:\/\/arantv.az\/index.php?rest_route=%2Fwp%2Fv2%2Fmedia&parent=672699"}],"wp:term":[{"taxonomy":"category","embeddable":true,"href":"https:\/\/arantv.az\/index.php?rest_route=%2Fwp%2Fv2%2Fcategories&post=672699"},{"taxonomy":"post_tag","embeddable":true,"href":"https:\/\/arantv.az\/index.php?rest_route=%2Fwp%2Fv2%2Ftags&post=672699"}],"curies":[{"name":"wp","href":"https:\/\/api.w.org\/{rel}","templated":true}]}}