{"id":673646,"date":"2023-12-26T09:46:22","date_gmt":"2023-12-26T05:46:22","guid":{"rendered":"https:\/\/arantv.az\/?p=673646"},"modified":"2023-12-26T09:46:22","modified_gmt":"2023-12-26T05:46:22","slug":"l%c9%99nk%c9%99randa-ogurluq-etdiyi-evi-yandiran-s%c9%99xs-saxlanildi-foto","status":"publish","type":"post","link":"https:\/\/arantv.az\/?p=673646","title":{"rendered":"L\u0259nk\u0259randa o\u011furluq etdiyi evi yand\u0131ran \u015f\u0259xs saxlan\u0131ld\u0131 &#8211; FOTO"},"content":{"rendered":"<p>L\u0259nk\u0259randa izi itirm\u0259k \u00fc\u00e7\u00fcn o\u011furluq etdiyi evi yand\u0131ran \u015f\u0259xs saxlan\u0131l\u0131b.<\/p>\n<p>Daxili \u0130\u015fl\u0259r Nazirliyinin\u00a0M\u0259tbuat Xidm\u0259tinin L\u0259nk\u0259ran regional qrupundan veril\u0259n m\u0259lumata g\u00f6r\u0259, cari ilin fevral ay\u0131n\u0131n 2-d\u0259 L\u0259nk\u0259ran rayon Boladi k\u0259ndinin \u0259razisind\u0259ki evl\u0259rd\u0259n birinin yanmas\u0131 v\u0259 h\u0259min evd\u0259n bir\u00a0\u0259d\u0259d ov t\u00fcf\u0259nginin o\u011furlanmas\u0131 il\u0259 ba\u011fl\u0131 polis\u0259 m\u0259lumat daxil olub.<\/p>\n<p>L\u0259nk\u0259ran \u015e\u0259h\u0259r Rayon Polis \u015e\u00f6b\u0259sinin \u0259m\u0259kda\u015flar\u0131n\u0131n ke\u00e7irdikl\u0259ri istintaq-\u0259m\u0259liyyat t\u0259dbirl\u0259ri n\u0259tic\u0259sind\u0259 h\u0259min ya\u015fay\u0131\u015f evinin Boladi k\u0259nd sakini, \u0259vv\u0259ll\u0259r o\u011furlu\u011fa g\u00f6r\u0259 m\u0259hkum olunmu\u015f \u015eaiq Mirz\u0259yev t\u0259r\u0259find\u0259n yand\u0131r\u0131ld\u0131\u011f\u0131 m\u0259lum olub.<\/p>\n<p>Bel\u0259 ki, h\u0259min \u015f\u0259xs h\u0259mk\u0259ndlisinin evin\u0259 gizli yolla daxil olaraq oradan \u201c\u0130J\u201d\u00a0markal\u0131 ov t\u00fcf\u0259ngini o\u011furlad\u0131qdan sonra h\u0259min evi yand\u0131r\u0131b. \u015e.Mirz\u0259yev polis \u0259m\u0259kda\u015flar\u0131 t\u0259r\u0259find\u0259n saxlan\u0131l\u0131b v\u0259 o\u011furlanan silah a\u015fkarlanaraq maddi s\u00fcbut kimi g\u00f6t\u00fcr\u00fcl\u00fcb. M\u0259hk\u0259m\u0259nin q\u0259rar\u0131 il\u0259 h\u0259min \u015f\u0259xs bar\u0259sind\u0259 h\u0259bs q\u0259timkan t\u0259dbiri se\u00e7ilib.<\/p>\n<p>Faktla ba\u011fl\u0131 L\u0259nk\u0259ran \u015eRP\u015e-d\u0259 ara\u015fd\u0131rma apar\u0131l\u0131r.<\/p>\n<p>&nbsp;<\/p>\n<div class=\"gallery\">\n<div class=\"gallery-i\"><img src=\"https:\/\/cdn.oxu.az\/uploads\/W1siZiIsIjIwMjMvMTIvMjYvMDkvMTEvNDYvMGYyMWRlNjItMGZlYi00MjcxLWE2ZTEtYWYyM2JlMDhhN2FkL2U0ZDlhYjNmLWUyNjEtNDA5ZC1hZmM0LWVhZjdkMDk1NmU3MC5qcGciXSxbInAiLCJlbmNvZGUiLCJqcGciLCItcXVhbGl0eSA4MCJdLFsicCIsInRodW1iIiwiNTkweDU5MFx1MDAzZSJdXQ?sha=fa60232656a14298\" alt=\"\" \/><\/div>\n<\/div>\n","protected":false},"excerpt":{"rendered":"<p>L\u0259nk\u0259randa izi itirm\u0259k \u00fc\u00e7\u00fcn o\u011furluq etdiyi evi yand\u0131ran \u015f\u0259xs saxlan\u0131l\u0131b. Daxili \u0130\u015fl\u0259r Nazirliyinin\u00a0M\u0259tbuat Xidm\u0259tinin L\u0259nk\u0259ran regional qrupundan veril\u0259n m\u0259lumata g\u00f6r\u0259, cari ilin fevral ay\u0131n\u0131n 2-d\u0259 L\u0259nk\u0259ran rayon Boladi k\u0259ndinin \u0259razisind\u0259ki evl\u0259rd\u0259n birinin yanmas\u0131 v\u0259 h\u0259min evd\u0259n bir\u00a0\u0259d\u0259d ov t\u00fcf\u0259nginin o\u011furlanmas\u0131 il\u0259 ba\u011fl\u0131 polis\u0259 m\u0259lumat daxil olub. L\u0259nk\u0259ran \u015e\u0259h\u0259r Rayon Polis \u015e\u00f6b\u0259sinin \u0259m\u0259kda\u015flar\u0131n\u0131n ke\u00e7irdikl\u0259ri istintaq-\u0259m\u0259liyyat t\u0259dbirl\u0259ri n\u0259tic\u0259sind\u0259 h\u0259min ya\u015fay\u0131\u015f evinin Boladi k\u0259nd sakini, \u0259vv\u0259ll\u0259r o\u011furlu\u011fa g\u00f6r\u0259 m\u0259hkum olunmu\u015f \u015eaiq Mirz\u0259yev t\u0259r\u0259find\u0259n yand\u0131r\u0131ld\u0131\u011f\u0131 m\u0259lum olub. Bel\u0259 ki, h\u0259min \u015f\u0259xs h\u0259mk\u0259ndlisinin evin\u0259 gizli yolla daxil olaraq oradan \u201c\u0130J\u201d\u00a0markal\u0131 ov t\u00fcf\u0259ngini o\u011furlad\u0131qdan sonra h\u0259min&hellip;<\/p>\n","protected":false},"author":2,"featured_media":673647,"comment_status":"closed","ping_status":"closed","sticky":false,"template":"","format":"standard","meta":{"om_disable_all_campaigns":false,"_monsterinsights_skip_tracking":false,"_monsterinsights_sitenote_active":false,"_monsterinsights_sitenote_note":"","_monsterinsights_sitenote_category":0},"categories":[5],"tags":[],"aioseo_notices":[],"gutentor_comment":0,"rttpg_featured_image_url":{"full":["https:\/\/arantv.az\/wp-content\/uploads\/2023\/12\/FotoJet-7-20.jpg",620,413,false],"landscape":["https:\/\/arantv.az\/wp-content\/uploads\/2023\/12\/FotoJet-7-20.jpg",620,413,false],"portraits":["https:\/\/arantv.az\/wp-content\/uploads\/2023\/12\/FotoJet-7-20.jpg",620,413,false],"thumbnail":["https:\/\/arantv.az\/wp-content\/uploads\/2023\/12\/FotoJet-7-20-500x280.jpg",500,280,true],"medium":["https:\/\/arantv.az\/wp-content\/uploads\/2023\/12\/FotoJet-7-20-548x365.jpg",548,365,true],"large":["https:\/\/arantv.az\/wp-content\/uploads\/2023\/12\/FotoJet-7-20.jpg",620,413,false],"1536x1536":["https:\/\/arantv.az\/wp-content\/uploads\/2023\/12\/FotoJet-7-20.jpg",620,413,false],"2048x2048":["https:\/\/arantv.az\/wp-content\/uploads\/2023\/12\/FotoJet-7-20.jpg",620,413,false],"post-thumbnail":["https:\/\/arantv.az\/wp-content\/uploads\/2023\/12\/FotoJet-7-20-240x172.jpg",240,172,true],"advps-thumb-one":["https:\/\/arantv.az\/wp-content\/uploads\/2023\/12\/FotoJet-7-20.jpg",620,413,false]},"rttpg_author":{"display_name":"V\u00fcsal Rafiqo\u011flu","author_link":"https:\/\/arantv.az\/?author=2"},"rttpg_comment":0,"rttpg_category":"<a href=\"https:\/\/arantv.az\/?cat=5\" rel=\"category\">Hadis\u0259<\/a>","rttpg_excerpt":"L\u0259nk\u0259randa izi itirm\u0259k \u00fc\u00e7\u00fcn o\u011furluq etdiyi evi yand\u0131ran \u015f\u0259xs saxlan\u0131l\u0131b. Daxili \u0130\u015fl\u0259r Nazirliyinin\u00a0M\u0259tbuat Xidm\u0259tinin L\u0259nk\u0259ran regional qrupundan veril\u0259n m\u0259lumata g\u00f6r\u0259, cari ilin fevral ay\u0131n\u0131n 2-d\u0259 L\u0259nk\u0259ran rayon Boladi k\u0259ndinin \u0259razisind\u0259ki evl\u0259rd\u0259n birinin yanmas\u0131 v\u0259 h\u0259min evd\u0259n bir\u00a0\u0259d\u0259d ov t\u00fcf\u0259nginin o\u011furlanmas\u0131 il\u0259 ba\u011fl\u0131 polis\u0259 m\u0259lumat daxil olub. L\u0259nk\u0259ran \u015e\u0259h\u0259r Rayon Polis \u015e\u00f6b\u0259sinin \u0259m\u0259kda\u015flar\u0131n\u0131n ke\u00e7irdikl\u0259ri istintaq-\u0259m\u0259liyyat t\u0259dbirl\u0259ri&hellip;","_links":{"self":[{"href":"https:\/\/arantv.az\/index.php?rest_route=\/wp\/v2\/posts\/673646"}],"collection":[{"href":"https:\/\/arantv.az\/index.php?rest_route=\/wp\/v2\/posts"}],"about":[{"href":"https:\/\/arantv.az\/index.php?rest_route=\/wp\/v2\/types\/post"}],"author":[{"embeddable":true,"href":"https:\/\/arantv.az\/index.php?rest_route=\/wp\/v2\/users\/2"}],"replies":[{"embeddable":true,"href":"https:\/\/arantv.az\/index.php?rest_route=%2Fwp%2Fv2%2Fcomments&post=673646"}],"version-history":[{"count":0,"href":"https:\/\/arantv.az\/index.php?rest_route=\/wp\/v2\/posts\/673646\/revisions"}],"wp:featuredmedia":[{"embeddable":true,"href":"https:\/\/arantv.az\/index.php?rest_route=\/wp\/v2\/media\/673647"}],"wp:attachment":[{"href":"https:\/\/arantv.az\/index.php?rest_route=%2Fwp%2Fv2%2Fmedia&parent=673646"}],"wp:term":[{"taxonomy":"category","embeddable":true,"href":"https:\/\/arantv.az\/index.php?rest_route=%2Fwp%2Fv2%2Fcategories&post=673646"},{"taxonomy":"post_tag","embeddable":true,"href":"https:\/\/arantv.az\/index.php?rest_route=%2Fwp%2Fv2%2Ftags&post=673646"}],"curies":[{"name":"wp","href":"https:\/\/api.w.org\/{rel}","templated":true}]}}