{"id":673680,"date":"2023-12-26T12:17:54","date_gmt":"2023-12-26T08:17:54","guid":{"rendered":"https:\/\/arantv.az\/?p=673680"},"modified":"2023-12-26T12:21:49","modified_gmt":"2023-12-26T08:21:49","slug":"radikallarin-m%c9%99krliniyy%c9%99tl%c9%99ri","status":"publish","type":"post","link":"https:\/\/arantv.az\/?p=673680","title":{"rendered":"Radikallar\u0131n m\u0259krli niyy\u0259tl\u0259ri."},"content":{"rendered":"<p>Bu g\u00fcn \u00f6lk\u0259 Prezidenti c\u0259nab \u0130lham \u018fliyevin uzaqg\u00f6r\u0259n siyas\u0259ti n\u0259tic\u0259sind\u0259 Az\u0259rbaycan siyasi, iqtisadi sah\u0259d\u0259 dayan\u0131ql\u0131 inki\u015fafa nail olmu\u015fdur v\u0259 regionda b\u00f6y\u00fck potensiala sahib olan bir d\u00f6vl\u0259tdir. Prezident\u0130lham\u018fliyevin\u00f6lk\u0259y\u0259r\u0259hb\u0259rliketdiyi 2003-c\u00fc ild\u0259nbuvaxtad\u0259kolanm\u00fcdd\u0259tAz\u0259rbaycantarixin\u0259h\u0259rt\u0259r\u0259fliv\u0259s\u00fcr\u0259tliinki\u015fafd\u00f6vr\u00fckimidaxilolub.<\/p>\n<p>30 ildir ki,i \u015f\u011falda olan torpaqlar\u0131n azad edilm\u0259si, orada quruculuq i\u015fl\u0259rinin apar\u0131lmas\u0131, \u00a0biz\u0259 \u0259man\u0259t olan \u015f\u0259hid, qazi ail\u0259l\u0259rin\u0259 qay\u011f\u0131,\u00fcmumiyy\u0259tl\u0259 inki\u015faf ed\u0259n Az\u0259rbaycan, b\u00fct\u00fcn bunlar\u0131 d\u0259rk etm\u0259y\u0259n x\u0259st\u0259 beyinl\u0259r c\u0259miyy\u0259timiz\u0259 l\u0259k\u0259 g\u0259tirir.<\/p>\n<p>Bu g\u00fcn Az\u0259rbaycan\u0131n u\u011furlar\u0131na v\u0259 inki\u015faf\u0131na k\u00f6lg\u0259 salma\u011fa \u00e7al\u0131\u015fan, qaranl\u0131q ke\u00e7mi\u015fi il\u0259 h\u0259r bir Az\u0259rbaycan v\u0259t\u0259nda\u015f\u0131n\u0131n yadda\u015f\u0131na h\u0259kk olan AXCP v\u0259 M\u00fcsavat Partiyas\u0131, onlar\u0131n riyakar, iki\u00fczl\u00fc \u201ct\u0259r\u0259fda\u015flar\u0131\u201d q\u0259rbd\u0259n maliyy\u0259l\u0259\u015f\u0259n qrantlar m\u00fcqabilind\u0259 v\u0259t\u0259n\u0259 v\u0259 d\u00f6vl\u0259t\u00e7iliyimiz\u0259 x\u0259yan\u0259t etm\u0259kd\u0259 davam edirl\u0259r. Milli maraqlardan, millilikd\u0259n uzaq olan x\u0259yan\u0259tkar q\u00fcvv\u0259l\u0259rin \u00e7a\u011f\u0131r\u0131\u015flar\u0131na is\u0259 m\u0259h\u0259l qoyan yoxdur. \u00c7\u00fcnki art\u0131q m\u00fcxalif\u0259tin i\u00e7 \u00fcz\u00fc, x\u0259bis niyy\u0259tl\u0259ri v\u0259 erm\u0259nip\u0259r\u0259st q\u00fcvv\u0259l\u0259rin \u00e7ald\u0131\u011f\u0131 havaya oynamas\u0131\u00a0 ham\u0131ya m\u0259lumdur. Onlar hakimiyy\u0259t\u0259 g\u0259lm\u0259k \u00fc\u00e7\u00fcn ist\u0259nil\u0259n yola gedir, yalan, \u0259sas\u0131 olmayan fikirl\u0259r s\u0259sl\u0259ndirir, antiaz\u0259rbaycan dair\u0259l\u0259rl\u0259, h\u0259tta erm\u0259ni lobbisi il\u0259 d\u0259 \u0259m\u0259kda\u015fl\u0131q edirl\u0259r. Bu yolu se\u00e7\u0259nl\u0259r \u00f6lk\u0259mizin v\u0259 regionun reall\u0131qlar\u0131n\u0131 n\u0259z\u0259r\u0259 alm\u0131r, beyn\u0259lxalq al\u0259md\u0259 ba\u015f ver\u0259n prosesl\u0259rin mahiyy\u0259tini d\u0259rk etm\u0259d\u0259n populist b\u0259yanatlar s\u0259sl\u0259ndirirl\u0259r. Da\u011f\u0131d\u0131c\u0131 m\u00fcxalif\u0259tin b\u00fct\u00fcn c\u0259hdl\u0259ri iflasa u\u011fray\u0131r.<\/p>\n<p>Radikallar \u201cboykot\u201d p\u0259rd\u0259si alt\u0131nda \u00f6z z\u0259ifliyini gizl\u0259tm\u0259y\u0259 \u00e7al\u0131\u015f\u0131r. B\u00fct\u00fcn d\u00f6vrl\u0259rd\u0259 yaln\u0131z manipulyasiya v\u0259 siyasi alver il\u0259 m\u0259\u015f\u011ful olan t\u0259xribat\u00e7\u0131lar se\u00e7kil\u0259rd\u0259 i\u015ftirak etm\u0259kd\u0259n imtina etm\u0259kl\u0259 h\u0259tta az sayda olan \u00f6z t\u0259r\u0259fda\u015flar\u0131na bel\u0259 arxa \u00e7evirmi\u015f olurlar. Radikallar\u0131n \u201cboykot\u201d q\u0259rarlar\u0131n\u0131 \u0259slind\u0259 bir tama\u015fa adland\u0131rmaq olar. \u201cBoykot\u201d texnologiyan\u0131n strateji h\u0259d\u0259fi eyni zamanda c\u0259miyy\u0259td\u0259 se\u00e7ki il\u0259 ba\u011fl\u0131 yalan m\u0259lumat v\u0259 q\u0259r\u0259zli \u015fayi\u0259l\u0259rin yay\u0131lmas\u0131ndan ibar\u0259tdir.<\/p>\n<p>\u018fminlikl\u0259 ifad\u0259 ed\u0259 bil\u0259rik ki, n\u00f6vb\u0259d\u0259nk\u0259nar prezident se\u00e7kil\u0259rinin ke\u00e7irilm\u0259si demokratik prinsipl\u0259r\u0259 uy\u011fun a\u00e7\u0131q siyasi m\u00fcbariz\u0259 fonundad\u0131r. Q\u00fcrurla qeyd ed\u0259k ki, Az\u0259rbaycan \u00f6z \u0259razi b\u00fct\u00f6vl\u00fcy\u00fcn\u00fc v\u0259 suverenliyini tam t\u0259min edib. T\u0259m\u0259li \u00dcmummilli Lider Heyd\u0259r \u018fliyev t\u0259r\u0259find\u0259n qoyulan demokratik \u015f\u0259ffaf c\u0259miyy\u0259t anlay\u0131\u015f\u0131 bu g\u00fcn \u00f6z\u00fcn\u00fcn \u0259n y\u00fcks\u0259k pill\u0259sin\u0259 \u00e7at\u0131b. Haz\u0131rda idar\u0259\u00e7iliyin formala\u015fmas\u0131nda \u0259sas amil c\u0259miyy\u0259tin ist\u0259k v\u0259 arzular\u0131d\u0131r. Bununla da 2024-c\u00fc ilin 7 fevral tarixind\u0259 ke\u00e7iril\u0259c\u0259k se\u00e7kil\u0259r Az\u0259rbaycan\u0131n ictimai-siyasi h\u0259yat\u0131nda n\u00f6vb\u0259ti m\u0259rh\u0259l\u0259 kimi daxil olacaq. N\u00f6vb\u0259d\u0259nk\u0259nar se\u00e7kil\u0259rin ke\u00e7irilm\u0259sin\u0259 dair q\u0259rar\u0131n \u00f6lk\u0259d\u0259 siyasi partiyalar\u0131n \u00fczvl\u0259rinin reyestrl\u0259rinin d\u00f6vl\u0259t qeydiyyat\u0131na al\u0131nmas\u0131 prosesinin tamamlanmas\u0131ndan sonra q\u0259bul olunmas\u0131 da bu m\u0259nada m\u00fch\u00fcm \u00f6n\u0259m k\u0259sb edir. Bu m\u0259nada se\u00e7kil\u0259rd\u0259 i\u015ftirak etm\u0259k \u00fc\u00e7\u00fcn d\u00f6vl\u0259t qeydiyyat\u0131na al\u0131nm\u0131\u015f b\u00fct\u00fcn siyasi partiyalara imkan yarad\u0131l\u0131b. Lakin b\u00fct\u00fcn bunlar\u0131n fonunda radikal anti-milli \u00fcns\u00fcrl\u0259rin se\u00e7kil\u0259ri \u201cboykot\u201d q\u0259rar\u0131 onlar\u0131n \u00e7irkin niyy\u0259ti il\u0259 ba\u011fl\u0131d\u0131r. Onlar bu se\u00e7kil\u0259rd\u0259 d\u0259 biab\u0131r\u00e7\u0131 \u015f\u0259kild\u0259 m\u0259\u011flub olacaqlar\u0131na \u0259mindir. Az\u0259rbaycan c\u0259miyy\u0259ti is\u0259 h\u0259r zaman oldu\u011fu kimi h\u0259qiq\u0259t\u0259, reall\u0131\u011fa, xo\u015fb\u0259xt g\u0259l\u0259c\u0259y\u0259, g\u00fccl\u00fc, qalib d\u00f6vl\u0259t anlay\u0131\u015f\u0131na s\u0259s verm\u0259kl\u0259 radikallara layiqli cavab vermi\u015f olacaq.<\/p>\n<p><strong>Elm\u0259ddin \u018fsg\u0259rxanov YAP B\u0259rd\u0259 rayon t\u0259\u015fkilat\u0131n\u0131n s\u0259dr m\u00fcavini<\/strong><\/p>\n","protected":false},"excerpt":{"rendered":"<p>Bu g\u00fcn \u00f6lk\u0259 Prezidenti c\u0259nab \u0130lham \u018fliyevin uzaqg\u00f6r\u0259n siyas\u0259ti n\u0259tic\u0259sind\u0259 Az\u0259rbaycan siyasi, iqtisadi sah\u0259d\u0259 dayan\u0131ql\u0131 inki\u015fafa nail olmu\u015fdur v\u0259 regionda b\u00f6y\u00fck potensiala sahib olan bir d\u00f6vl\u0259tdir. Prezident\u0130lham\u018fliyevin\u00f6lk\u0259y\u0259r\u0259hb\u0259rliketdiyi 2003-c\u00fc ild\u0259nbuvaxtad\u0259kolanm\u00fcdd\u0259tAz\u0259rbaycantarixin\u0259h\u0259rt\u0259r\u0259fliv\u0259s\u00fcr\u0259tliinki\u015fafd\u00f6vr\u00fckimidaxilolub. 30 ildir ki,i \u015f\u011falda olan torpaqlar\u0131n azad edilm\u0259si, orada quruculuq i\u015fl\u0259rinin apar\u0131lmas\u0131, \u00a0biz\u0259 \u0259man\u0259t olan \u015f\u0259hid, qazi ail\u0259l\u0259rin\u0259 qay\u011f\u0131,\u00fcmumiyy\u0259tl\u0259 inki\u015faf ed\u0259n Az\u0259rbaycan, b\u00fct\u00fcn bunlar\u0131 d\u0259rk etm\u0259y\u0259n x\u0259st\u0259 beyinl\u0259r c\u0259miyy\u0259timiz\u0259 l\u0259k\u0259 g\u0259tirir. Bu g\u00fcn Az\u0259rbaycan\u0131n u\u011furlar\u0131na v\u0259 inki\u015faf\u0131na k\u00f6lg\u0259 salma\u011fa \u00e7al\u0131\u015fan, qaranl\u0131q ke\u00e7mi\u015fi il\u0259 h\u0259r bir Az\u0259rbaycan v\u0259t\u0259nda\u015f\u0131n\u0131n yadda\u015f\u0131na h\u0259kk olan AXCP v\u0259 M\u00fcsavat Partiyas\u0131, onlar\u0131n riyakar, iki\u00fczl\u00fc \u201ct\u0259r\u0259fda\u015flar\u0131\u201d q\u0259rbd\u0259n maliyy\u0259l\u0259\u015f\u0259n qrantlar&hellip;<\/p>\n","protected":false},"author":2,"featured_media":673682,"comment_status":"closed","ping_status":"closed","sticky":false,"template":"","format":"standard","meta":{"om_disable_all_campaigns":false,"_monsterinsights_skip_tracking":false,"_monsterinsights_sitenote_active":false,"_monsterinsights_sitenote_note":"","_monsterinsights_sitenote_category":0},"categories":[2],"tags":[],"aioseo_notices":[],"gutentor_comment":0,"rttpg_featured_image_url":{"full":["https:\/\/arantv.az\/wp-content\/uploads\/2023\/12\/392744359_1967280666982618_3737806593064776042_n.jpg",885,885,false],"landscape":["https:\/\/arantv.az\/wp-content\/uploads\/2023\/12\/392744359_1967280666982618_3737806593064776042_n.jpg",885,885,false],"portraits":["https:\/\/arantv.az\/wp-content\/uploads\/2023\/12\/392744359_1967280666982618_3737806593064776042_n.jpg",885,885,false],"thumbnail":["https:\/\/arantv.az\/wp-content\/uploads\/2023\/12\/392744359_1967280666982618_3737806593064776042_n-500x280.jpg",500,280,true],"medium":["https:\/\/arantv.az\/wp-content\/uploads\/2023\/12\/392744359_1967280666982618_3737806593064776042_n-365x365.jpg",365,365,true],"large":["https:\/\/arantv.az\/wp-content\/uploads\/2023\/12\/392744359_1967280666982618_3737806593064776042_n-840x840.jpg",640,640,true],"1536x1536":["https:\/\/arantv.az\/wp-content\/uploads\/2023\/12\/392744359_1967280666982618_3737806593064776042_n.jpg",885,885,false],"2048x2048":["https:\/\/arantv.az\/wp-content\/uploads\/2023\/12\/392744359_1967280666982618_3737806593064776042_n.jpg",885,885,false],"post-thumbnail":["https:\/\/arantv.az\/wp-content\/uploads\/2023\/12\/392744359_1967280666982618_3737806593064776042_n-240x172.jpg",240,172,true],"advps-thumb-one":["https:\/\/arantv.az\/wp-content\/uploads\/2023\/12\/392744359_1967280666982618_3737806593064776042_n-885x620.jpg",885,620,true]},"rttpg_author":{"display_name":"V\u00fcsal Rafiqo\u011flu","author_link":"https:\/\/arantv.az\/?author=2"},"rttpg_comment":0,"rttpg_category":"<a href=\"https:\/\/arantv.az\/?cat=2\" rel=\"category\">Region X\u0259b\u0259rl\u0259ri<\/a>","rttpg_excerpt":"Bu g\u00fcn \u00f6lk\u0259 Prezidenti c\u0259nab \u0130lham \u018fliyevin uzaqg\u00f6r\u0259n siyas\u0259ti n\u0259tic\u0259sind\u0259 Az\u0259rbaycan siyasi, iqtisadi sah\u0259d\u0259 dayan\u0131ql\u0131 inki\u015fafa nail olmu\u015fdur v\u0259 regionda b\u00f6y\u00fck potensiala sahib olan bir d\u00f6vl\u0259tdir. Prezident\u0130lham\u018fliyevin\u00f6lk\u0259y\u0259r\u0259hb\u0259rliketdiyi 2003-c\u00fc ild\u0259nbuvaxtad\u0259kolanm\u00fcdd\u0259tAz\u0259rbaycantarixin\u0259h\u0259rt\u0259r\u0259fliv\u0259s\u00fcr\u0259tliinki\u015fafd\u00f6vr\u00fckimidaxilolub. 30 ildir ki,i \u015f\u011falda olan torpaqlar\u0131n azad edilm\u0259si, orada quruculuq i\u015fl\u0259rinin apar\u0131lmas\u0131, \u00a0biz\u0259 \u0259man\u0259t olan \u015f\u0259hid, qazi ail\u0259l\u0259rin\u0259 qay\u011f\u0131,\u00fcmumiyy\u0259tl\u0259 inki\u015faf ed\u0259n Az\u0259rbaycan, b\u00fct\u00fcn bunlar\u0131 d\u0259rk etm\u0259y\u0259n&hellip;","_links":{"self":[{"href":"https:\/\/arantv.az\/index.php?rest_route=\/wp\/v2\/posts\/673680"}],"collection":[{"href":"https:\/\/arantv.az\/index.php?rest_route=\/wp\/v2\/posts"}],"about":[{"href":"https:\/\/arantv.az\/index.php?rest_route=\/wp\/v2\/types\/post"}],"author":[{"embeddable":true,"href":"https:\/\/arantv.az\/index.php?rest_route=\/wp\/v2\/users\/2"}],"replies":[{"embeddable":true,"href":"https:\/\/arantv.az\/index.php?rest_route=%2Fwp%2Fv2%2Fcomments&post=673680"}],"version-history":[{"count":0,"href":"https:\/\/arantv.az\/index.php?rest_route=\/wp\/v2\/posts\/673680\/revisions"}],"wp:featuredmedia":[{"embeddable":true,"href":"https:\/\/arantv.az\/index.php?rest_route=\/wp\/v2\/media\/673682"}],"wp:attachment":[{"href":"https:\/\/arantv.az\/index.php?rest_route=%2Fwp%2Fv2%2Fmedia&parent=673680"}],"wp:term":[{"taxonomy":"category","embeddable":true,"href":"https:\/\/arantv.az\/index.php?rest_route=%2Fwp%2Fv2%2Fcategories&post=673680"},{"taxonomy":"post_tag","embeddable":true,"href":"https:\/\/arantv.az\/index.php?rest_route=%2Fwp%2Fv2%2Ftags&post=673680"}],"curies":[{"name":"wp","href":"https:\/\/api.w.org\/{rel}","templated":true}]}}