{"id":673690,"date":"2023-12-26T12:48:47","date_gmt":"2023-12-26T08:48:47","guid":{"rendered":"https:\/\/arantv.az\/?p=673690"},"modified":"2023-12-26T12:48:47","modified_gmt":"2023-12-26T08:48:47","slug":"milli-m%c9%99clisd%c9%99-t%c9%99msil-olunan-q%c9%99rbi-az%c9%99rbaycan-icmasi-numay%c9%99nd%c9%99l%c9%99rinin-b%c9%99yanati-q%c9%99bul-olunub","status":"publish","type":"post","link":"https:\/\/arantv.az\/?p=673690","title":{"rendered":"Milli M\u0259clisd\u0259 t\u0259msil olunan Q\u0259rbi Az\u0259rbaycan \u0130cmas\u0131 n\u00fcmay\u0259nd\u0259l\u0259rinin B\u0259yanat\u0131 q\u0259bul olunub"},"content":{"rendered":"<p>Milli M\u0259clisd\u0259 t\u0259msil olunan Q\u0259rbi Az\u0259rbaycan \u0130cmas\u0131 n\u00fcmay\u0259nd\u0259l\u0259rinin B\u0259yanat\u0131 q\u0259bul olunub.<\/p>\n<p>\u201cReport\u201d\u00a0x\u0259b\u0259r verir ki, bununla ba\u011fl\u0131 m\u0259s\u0259l\u0259 parlamentin bug\u00fcnk\u00fc plenar iclas\u0131nda m\u00fczakir\u0259y\u0259 \u00e7\u0131xar\u0131l\u0131b.<\/p>\n<p>B\u0259yanat\u0131 Q\u0259rbi Az\u0259rbaycan \u0130cmas\u0131n\u0131n \u0130dar\u0259 Hey\u0259tinin s\u0259dri, Milli M\u0259clisin deputat\u0131 \u018fziz \u018fl\u0259kb\u0259rli oxuyub.<\/p>\n<p>Qeyd ed\u0259k ki, b\u0259yanat\u0131n m\u0259tni parlamentd\u0259 Q\u0259rbi az\u0259rbaycanl\u0131 kimi t\u0259msil olunan 23 deputat t\u0259r\u0259find\u0259n haz\u0131rlan\u0131b.<\/p>\n<p>B\u0259yanat\u0131n m\u0259tnini t\u0259qdim edirik:<\/p>\n<p>\u201cQ\u0259rbi az\u0259rbaycanl\u0131lar\u0131n indiki Erm\u0259nistan \u0259razisind\u0259ki ata-baba yurdlar\u0131na qay\u0131tmas\u0131 h\u00fcququnun tan\u0131nmas\u0131 Az\u0259rbaycanla Erm\u0259nistan aras\u0131nda etimad quruculu\u011funun m\u00fch\u00fcm vasit\u0259l\u0259rind\u0259n biridir.<\/p>\n<p>\u0130\u015f\u011fal\u0131n a\u011f\u0131r n\u0259tic\u0259l\u0259rin\u0259 baxmayaraq, m\u0259hz Az\u0259rbaycan Respublikas\u0131 C\u0259nubi Qafqaz b\u00f6lg\u0259sind\u0259 uzunm\u00fcdd\u0259tli s\u00fclh v\u0259 sabitliyin b\u0259rq\u0259rar olmas\u0131, beyn\u0259lxalq h\u00fcququn be\u015f prinsipi, o c\u00fcml\u0259d\u0259n d\u00f6vl\u0259tl\u0259rin \u0259razi b\u00fct\u00f6vl\u00fcy\u00fcn\u00fcn v\u0259 suverenliyinin tan\u0131nmas\u0131 \u0259sas\u0131nda Erm\u0259nistanla m\u00fcnasib\u0259tl\u0259rin normalla\u015fd\u0131r\u0131lmas\u0131 t\u0259\u015f\u0259bb\u00fcs\u00fc il\u0259 \u00e7\u0131x\u0131\u015f edib. T\u0259\u0259ss\u00fcf ki, Erm\u0259nistan\u0131n son 3 il \u0259rzind\u0259 t\u00f6r\u0259tdiyi h\u0259rbi-siyasi t\u0259xribatlar s\u00fclh dan\u0131\u015f\u0131qlar\u0131na mane olub v\u0259 bu ilin sentyabr ay\u0131nda lokal xarakterli antiterror t\u0259dbirl\u0259rini qa\u00e7\u0131lmaz edib.<\/p>\n<p>Az\u0259rbaycan\u0131n suverenliyi onun b\u00fct\u00fcn \u0259razisind\u0259 b\u0259rq\u0259rar edildikd\u0259n sonra Erm\u0259nistanla s\u00fclh sazi\u015finin ba\u011flanmas\u0131 \u00fc\u00e7\u00fcn art\u0131q he\u00e7 bir mane\u0259 qalmay\u0131b. Bu il dekabr\u0131n 7-d\u0259 Az\u0259rbaycan Respublikas\u0131 Prezidenti Administrasiyas\u0131n\u0131n v\u0259 Erm\u0259nistan Respublikas\u0131 Ba\u015f naziri Aparat\u0131n\u0131n q\u0259bul etdikl\u0259ri Birg\u0259 B\u0259yanat iki d\u00f6vl\u0259t aras\u0131nda etimad yarad\u0131lmas\u0131 yolunda m\u00fch\u00fcm ir\u0259lil\u0259yi\u015f olub.<\/p>\n<p>Az\u0259rbaycan Respublikas\u0131n\u0131n Milli M\u0259clisind\u0259 t\u0259msil olunan Q\u0259rbi Az\u0259rbaycan \u0130cmas\u0131 n\u00fcmay\u0259nd\u0259l\u0259ri Az\u0259rbaycan Respublikas\u0131 Prezidentinin regionda m\u00f6hk\u0259m s\u00fclh v\u0259 sabitlik yarad\u0131lmas\u0131 v\u0259 \u0259m\u0259kda\u015fl\u0131q \u0259laq\u0259l\u0259ri qurulmas\u0131 istiqam\u0259tind\u0259 t\u0259\u015f\u0259bb\u00fcs v\u0259 s\u0259yl\u0259rini q\u0259tiyy\u0259tl\u0259 d\u0259st\u0259kl\u0259yirl\u0259r. \u0130cma n\u00fcmay\u0259nd\u0259l\u0259ri hesab edirl\u0259r ki, Q\u0259rbi az\u0259rbaycanl\u0131lar\u0131n indiki Erm\u0259nistan \u0259razisind\u0259ki ata-baba yurdlar\u0131na qay\u0131tmas\u0131 h\u00fcququnun tan\u0131nmas\u0131 Az\u0259rbaycanla Erm\u0259nistan aras\u0131nda etimad quruculu\u011funun m\u00fch\u00fcm vasit\u0259l\u0259rind\u0259n biridir. Bu, iki d\u00f6vl\u0259t aras\u0131nda real bar\u0131\u015f\u0131\u011f\u0131n \u0259ld\u0259 edilm\u0259sin\u0259 v\u0259 regionda birg\u0259ya\u015fay\u0131\u015f m\u00fchitinin yarad\u0131lmas\u0131na y\u00f6n\u0259l\u0259n \u00f6n\u0259mli add\u0131m olacaq\u201d.<\/p>\n","protected":false},"excerpt":{"rendered":"<p>Milli M\u0259clisd\u0259 t\u0259msil olunan Q\u0259rbi Az\u0259rbaycan \u0130cmas\u0131 n\u00fcmay\u0259nd\u0259l\u0259rinin B\u0259yanat\u0131 q\u0259bul olunub. \u201cReport\u201d\u00a0x\u0259b\u0259r verir ki, bununla ba\u011fl\u0131 m\u0259s\u0259l\u0259 parlamentin bug\u00fcnk\u00fc plenar iclas\u0131nda m\u00fczakir\u0259y\u0259 \u00e7\u0131xar\u0131l\u0131b. B\u0259yanat\u0131 Q\u0259rbi Az\u0259rbaycan \u0130cmas\u0131n\u0131n \u0130dar\u0259 Hey\u0259tinin s\u0259dri, Milli M\u0259clisin deputat\u0131 \u018fziz \u018fl\u0259kb\u0259rli oxuyub. Qeyd ed\u0259k ki, b\u0259yanat\u0131n m\u0259tni parlamentd\u0259 Q\u0259rbi az\u0259rbaycanl\u0131 kimi t\u0259msil olunan 23 deputat t\u0259r\u0259find\u0259n haz\u0131rlan\u0131b. B\u0259yanat\u0131n m\u0259tnini t\u0259qdim edirik: \u201cQ\u0259rbi az\u0259rbaycanl\u0131lar\u0131n indiki Erm\u0259nistan \u0259razisind\u0259ki ata-baba yurdlar\u0131na qay\u0131tmas\u0131 h\u00fcququnun tan\u0131nmas\u0131 Az\u0259rbaycanla Erm\u0259nistan aras\u0131nda etimad quruculu\u011funun m\u00fch\u00fcm vasit\u0259l\u0259rind\u0259n biridir. \u0130\u015f\u011fal\u0131n a\u011f\u0131r n\u0259tic\u0259l\u0259rin\u0259 baxmayaraq, m\u0259hz Az\u0259rbaycan Respublikas\u0131 C\u0259nubi Qafqaz b\u00f6lg\u0259sind\u0259 uzunm\u00fcdd\u0259tli s\u00fclh v\u0259 sabitliyin b\u0259rq\u0259rar olmas\u0131, beyn\u0259lxalq&hellip;<\/p>\n","protected":false},"author":2,"featured_media":673691,"comment_status":"closed","ping_status":"closed","sticky":false,"template":"","format":"standard","meta":{"om_disable_all_campaigns":false,"_monsterinsights_skip_tracking":false,"_monsterinsights_sitenote_active":false,"_monsterinsights_sitenote_note":"","_monsterinsights_sitenote_category":0},"categories":[4],"tags":[],"aioseo_notices":[],"gutentor_comment":0,"rttpg_featured_image_url":{"full":["https:\/\/arantv.az\/wp-content\/uploads\/2023\/12\/ea841b91-3f80-3463-926b-4fbdd39611e6_850-1.jpg",620,413,false],"landscape":["https:\/\/arantv.az\/wp-content\/uploads\/2023\/12\/ea841b91-3f80-3463-926b-4fbdd39611e6_850-1.jpg",620,413,false],"portraits":["https:\/\/arantv.az\/wp-content\/uploads\/2023\/12\/ea841b91-3f80-3463-926b-4fbdd39611e6_850-1.jpg",620,413,false],"thumbnail":["https:\/\/arantv.az\/wp-content\/uploads\/2023\/12\/ea841b91-3f80-3463-926b-4fbdd39611e6_850-1-500x280.jpg",500,280,true],"medium":["https:\/\/arantv.az\/wp-content\/uploads\/2023\/12\/ea841b91-3f80-3463-926b-4fbdd39611e6_850-1-548x365.jpg",548,365,true],"large":["https:\/\/arantv.az\/wp-content\/uploads\/2023\/12\/ea841b91-3f80-3463-926b-4fbdd39611e6_850-1.jpg",620,413,false],"1536x1536":["https:\/\/arantv.az\/wp-content\/uploads\/2023\/12\/ea841b91-3f80-3463-926b-4fbdd39611e6_850-1.jpg",620,413,false],"2048x2048":["https:\/\/arantv.az\/wp-content\/uploads\/2023\/12\/ea841b91-3f80-3463-926b-4fbdd39611e6_850-1.jpg",620,413,false],"post-thumbnail":["https:\/\/arantv.az\/wp-content\/uploads\/2023\/12\/ea841b91-3f80-3463-926b-4fbdd39611e6_850-1-240x172.jpg",240,172,true],"advps-thumb-one":["https:\/\/arantv.az\/wp-content\/uploads\/2023\/12\/ea841b91-3f80-3463-926b-4fbdd39611e6_850-1.jpg",620,413,false]},"rttpg_author":{"display_name":"V\u00fcsal Rafiqo\u011flu","author_link":"https:\/\/arantv.az\/?author=2"},"rttpg_comment":0,"rttpg_category":"<a href=\"https:\/\/arantv.az\/?cat=4\" rel=\"category\">Siyas\u0259t<\/a>","rttpg_excerpt":"Milli M\u0259clisd\u0259 t\u0259msil olunan Q\u0259rbi Az\u0259rbaycan \u0130cmas\u0131 n\u00fcmay\u0259nd\u0259l\u0259rinin B\u0259yanat\u0131 q\u0259bul olunub. \u201cReport\u201d\u00a0x\u0259b\u0259r verir ki, bununla ba\u011fl\u0131 m\u0259s\u0259l\u0259 parlamentin bug\u00fcnk\u00fc plenar iclas\u0131nda m\u00fczakir\u0259y\u0259 \u00e7\u0131xar\u0131l\u0131b. B\u0259yanat\u0131 Q\u0259rbi Az\u0259rbaycan \u0130cmas\u0131n\u0131n \u0130dar\u0259 Hey\u0259tinin s\u0259dri, Milli M\u0259clisin deputat\u0131 \u018fziz \u018fl\u0259kb\u0259rli oxuyub. Qeyd ed\u0259k ki, b\u0259yanat\u0131n m\u0259tni parlamentd\u0259 Q\u0259rbi az\u0259rbaycanl\u0131 kimi t\u0259msil olunan 23 deputat t\u0259r\u0259find\u0259n haz\u0131rlan\u0131b. B\u0259yanat\u0131n m\u0259tnini t\u0259qdim edirik:&hellip;","_links":{"self":[{"href":"https:\/\/arantv.az\/index.php?rest_route=\/wp\/v2\/posts\/673690"}],"collection":[{"href":"https:\/\/arantv.az\/index.php?rest_route=\/wp\/v2\/posts"}],"about":[{"href":"https:\/\/arantv.az\/index.php?rest_route=\/wp\/v2\/types\/post"}],"author":[{"embeddable":true,"href":"https:\/\/arantv.az\/index.php?rest_route=\/wp\/v2\/users\/2"}],"replies":[{"embeddable":true,"href":"https:\/\/arantv.az\/index.php?rest_route=%2Fwp%2Fv2%2Fcomments&post=673690"}],"version-history":[{"count":0,"href":"https:\/\/arantv.az\/index.php?rest_route=\/wp\/v2\/posts\/673690\/revisions"}],"wp:featuredmedia":[{"embeddable":true,"href":"https:\/\/arantv.az\/index.php?rest_route=\/wp\/v2\/media\/673691"}],"wp:attachment":[{"href":"https:\/\/arantv.az\/index.php?rest_route=%2Fwp%2Fv2%2Fmedia&parent=673690"}],"wp:term":[{"taxonomy":"category","embeddable":true,"href":"https:\/\/arantv.az\/index.php?rest_route=%2Fwp%2Fv2%2Fcategories&post=673690"},{"taxonomy":"post_tag","embeddable":true,"href":"https:\/\/arantv.az\/index.php?rest_route=%2Fwp%2Fv2%2Ftags&post=673690"}],"curies":[{"name":"wp","href":"https:\/\/api.w.org\/{rel}","templated":true}]}}