{"id":673707,"date":"2023-12-26T12:53:00","date_gmt":"2023-12-26T08:53:00","guid":{"rendered":"https:\/\/arantv.az\/?p=673707"},"modified":"2023-12-26T12:53:00","modified_gmt":"2023-12-26T08:53:00","slug":"prezident-g%c9%99l%c9%99n-il-ucun-yasayis-minimumunu-t%c9%99sdiql%c9%99di","status":"publish","type":"post","link":"https:\/\/arantv.az\/?p=673707","title":{"rendered":"Prezident g\u0259l\u0259n il \u00fc\u00e7\u00fcn ya\u015fay\u0131\u015f minimumunu t\u0259sdiql\u0259di"},"content":{"rendered":"<p>Prezident\u00a0<strong>\u0130lham \u018fliyev<\/strong>\u00a0Az\u0259rbaycan Respublikas\u0131nda 2024-c\u00fc il \u00fc\u00e7\u00fcn ya\u015fay\u0131\u015f minimumu haqq\u0131nda Az\u0259rbaycan Respublikas\u0131n\u0131n Qanununu t\u0259sdiql\u0259yib.<\/p>\n<p>Bununla ba\u011fl\u0131\u00a0<a href=\"https:\/\/president.az\/az\/articles\/view\/62790\" target=\"_blank\" rel=\"noopener\"><strong>President.az<\/strong><\/a>\u00a0m\u0259lumat yay\u0131b.<\/p>\n<p>Qanuna \u0259sas\u0259n, \u0259halinin \u0259sas sosial-demoqrafik qruplar\u0131 \u00fczr\u0259 ya\u015fay\u0131\u015f minimumunun m\u0259bl\u0259\u011fi 2024-c\u00fc il \u00fc\u00e7\u00fcn ya\u015fay\u0131\u015f minimumu \u00f6lk\u0259 \u00fczr\u0259 270 manat, \u0259m\u0259k qabiliyy\u0259tli \u0259hali \u00fc\u00e7\u00fcn 287 manat, pensiya\u00e7\u0131lar \u00fc\u00e7\u00fcn 222 manat, u\u015faqlar \u00fc\u00e7\u00fcn 235 manat m\u0259bl\u0259\u011find\u0259 m\u00fc\u0259yy\u0259n edilib.<\/p>\n<p>Bu Qanun 2024-c\u00fc il yanvar\u0131n 1-d\u0259n q\u00fcvv\u0259y\u0259 minir.<\/p>\n","protected":false},"excerpt":{"rendered":"<p>Prezident\u00a0\u0130lham \u018fliyev\u00a0Az\u0259rbaycan Respublikas\u0131nda 2024-c\u00fc il \u00fc\u00e7\u00fcn ya\u015fay\u0131\u015f minimumu haqq\u0131nda Az\u0259rbaycan Respublikas\u0131n\u0131n Qanununu t\u0259sdiql\u0259yib. Bununla ba\u011fl\u0131\u00a0President.az\u00a0m\u0259lumat yay\u0131b. Qanuna \u0259sas\u0259n, \u0259halinin \u0259sas sosial-demoqrafik qruplar\u0131 \u00fczr\u0259 ya\u015fay\u0131\u015f minimumunun m\u0259bl\u0259\u011fi 2024-c\u00fc il \u00fc\u00e7\u00fcn ya\u015fay\u0131\u015f minimumu \u00f6lk\u0259 \u00fczr\u0259 270 manat, \u0259m\u0259k qabiliyy\u0259tli \u0259hali \u00fc\u00e7\u00fcn 287 manat, pensiya\u00e7\u0131lar \u00fc\u00e7\u00fcn 222 manat, u\u015faqlar \u00fc\u00e7\u00fcn 235 manat m\u0259bl\u0259\u011find\u0259 m\u00fc\u0259yy\u0259n edilib. Bu Qanun 2024-c\u00fc il yanvar\u0131n 1-d\u0259n q\u00fcvv\u0259y\u0259 minir.<\/p>\n","protected":false},"author":2,"featured_media":673708,"comment_status":"closed","ping_status":"closed","sticky":false,"template":"","format":"standard","meta":{"om_disable_all_campaigns":false,"_monsterinsights_skip_tracking":false,"_monsterinsights_sitenote_active":false,"_monsterinsights_sitenote_note":"","_monsterinsights_sitenote_category":0},"categories":[4],"tags":[],"aioseo_notices":[],"gutentor_comment":0,"rttpg_featured_image_url":{"full":["https:\/\/arantv.az\/wp-content\/uploads\/2023\/12\/1594814467-6.jpg",620,413,false],"landscape":["https:\/\/arantv.az\/wp-content\/uploads\/2023\/12\/1594814467-6.jpg",620,413,false],"portraits":["https:\/\/arantv.az\/wp-content\/uploads\/2023\/12\/1594814467-6.jpg",620,413,false],"thumbnail":["https:\/\/arantv.az\/wp-content\/uploads\/2023\/12\/1594814467-6-500x280.jpg",500,280,true],"medium":["https:\/\/arantv.az\/wp-content\/uploads\/2023\/12\/1594814467-6-548x365.jpg",548,365,true],"large":["https:\/\/arantv.az\/wp-content\/uploads\/2023\/12\/1594814467-6.jpg",620,413,false],"1536x1536":["https:\/\/arantv.az\/wp-content\/uploads\/2023\/12\/1594814467-6.jpg",620,413,false],"2048x2048":["https:\/\/arantv.az\/wp-content\/uploads\/2023\/12\/1594814467-6.jpg",620,413,false],"post-thumbnail":["https:\/\/arantv.az\/wp-content\/uploads\/2023\/12\/1594814467-6-240x172.jpg",240,172,true],"advps-thumb-one":["https:\/\/arantv.az\/wp-content\/uploads\/2023\/12\/1594814467-6.jpg",620,413,false]},"rttpg_author":{"display_name":"V\u00fcsal Rafiqo\u011flu","author_link":"https:\/\/arantv.az\/?author=2"},"rttpg_comment":0,"rttpg_category":"<a href=\"https:\/\/arantv.az\/?cat=4\" rel=\"category\">Siyas\u0259t<\/a>","rttpg_excerpt":"Prezident\u00a0\u0130lham \u018fliyev\u00a0Az\u0259rbaycan Respublikas\u0131nda 2024-c\u00fc il \u00fc\u00e7\u00fcn ya\u015fay\u0131\u015f minimumu haqq\u0131nda Az\u0259rbaycan Respublikas\u0131n\u0131n Qanununu t\u0259sdiql\u0259yib. Bununla ba\u011fl\u0131\u00a0President.az\u00a0m\u0259lumat yay\u0131b. Qanuna \u0259sas\u0259n, \u0259halinin \u0259sas sosial-demoqrafik qruplar\u0131 \u00fczr\u0259 ya\u015fay\u0131\u015f minimumunun m\u0259bl\u0259\u011fi 2024-c\u00fc il \u00fc\u00e7\u00fcn ya\u015fay\u0131\u015f minimumu \u00f6lk\u0259 \u00fczr\u0259 270 manat, \u0259m\u0259k qabiliyy\u0259tli \u0259hali \u00fc\u00e7\u00fcn 287 manat, pensiya\u00e7\u0131lar \u00fc\u00e7\u00fcn 222 manat, u\u015faqlar \u00fc\u00e7\u00fcn 235 manat m\u0259bl\u0259\u011find\u0259 m\u00fc\u0259yy\u0259n edilib. Bu Qanun 2024-c\u00fc&hellip;","_links":{"self":[{"href":"https:\/\/arantv.az\/index.php?rest_route=\/wp\/v2\/posts\/673707"}],"collection":[{"href":"https:\/\/arantv.az\/index.php?rest_route=\/wp\/v2\/posts"}],"about":[{"href":"https:\/\/arantv.az\/index.php?rest_route=\/wp\/v2\/types\/post"}],"author":[{"embeddable":true,"href":"https:\/\/arantv.az\/index.php?rest_route=\/wp\/v2\/users\/2"}],"replies":[{"embeddable":true,"href":"https:\/\/arantv.az\/index.php?rest_route=%2Fwp%2Fv2%2Fcomments&post=673707"}],"version-history":[{"count":0,"href":"https:\/\/arantv.az\/index.php?rest_route=\/wp\/v2\/posts\/673707\/revisions"}],"wp:featuredmedia":[{"embeddable":true,"href":"https:\/\/arantv.az\/index.php?rest_route=\/wp\/v2\/media\/673708"}],"wp:attachment":[{"href":"https:\/\/arantv.az\/index.php?rest_route=%2Fwp%2Fv2%2Fmedia&parent=673707"}],"wp:term":[{"taxonomy":"category","embeddable":true,"href":"https:\/\/arantv.az\/index.php?rest_route=%2Fwp%2Fv2%2Fcategories&post=673707"},{"taxonomy":"post_tag","embeddable":true,"href":"https:\/\/arantv.az\/index.php?rest_route=%2Fwp%2Fv2%2Ftags&post=673707"}],"curies":[{"name":"wp","href":"https:\/\/api.w.org\/{rel}","templated":true}]}}