{"id":674787,"date":"2023-12-28T13:58:05","date_gmt":"2023-12-28T09:58:05","guid":{"rendered":"https:\/\/arantv.az\/?p=674787"},"modified":"2023-12-28T13:58:05","modified_gmt":"2023-12-28T09:58:05","slug":"xirdalanda-qorxunc-anlar-s%c9%99rnisinl%c9%99r-olumd%c9%99n-dondul%c9%99r-aciqlama-yenil%c9%99nib-video","status":"publish","type":"post","link":"https:\/\/arantv.az\/?p=674787","title":{"rendered":"X\u0131rdalanda qorxunc anlar: S\u0259rni\u015finl\u0259r \u00f6l\u00fcmd\u0259n d\u00f6nd\u00fcl\u0259r &#8211; A\u00c7IQLAMA &#8211; YEN\u0130L\u018fN\u0130B + V\u0130DEO"},"content":{"rendered":"<article class=\"news\">\n<div class=\"news-inner\">\n<p>X\u0131rdalan \u015f\u0259h\u0259ri Heyd\u0259r \u018fliyev prospektind\u0259 ba\u015f vermi\u015f hadis\u0259nin f\u0259sadlar\u0131 aradan qald\u0131r\u0131l\u0131b.<\/p>\n<p>Bu bar\u0259d\u0259 Ab\u015feron Rayon \u0130cra Hakimiyy\u0259tind\u0259n\u00a0<strong>Oxu.Az<\/strong>-\u0131n sor\u011fusuna cavab olaraq m\u0259lumat verilib.<\/p>\n<p>\u201cS\u0259rni\u015finl\u0259r aras\u0131nda x\u0259sar\u0259t alan olmay\u0131b. S\u00fcr\u00fcc\u00fcy\u0259 is\u0259 ba\u015f vermi\u015f hadis\u0259 v\u0259 d\u0259ymi\u015f ziyanla ba\u011fl\u0131 s\u0131\u011fortaya m\u00fcraci\u0259t etm\u0259si t\u00f6vsiy\u0259 olunub\u201d, &#8211; dey\u0259 m\u0259lumatda vur\u011fulan\u0131b.<\/p>\n<p><strong>12:54<\/strong><\/p>\n<p>Ab\u015feron rayonu \u0259razisind\u0259 g\u00fccl\u00fc k\u00fcl\u0259k f\u0259sadlar t\u00f6r\u0259dib.<\/p>\n<p>Bu bar\u0259d\u0259 g\u00f6r\u00fcnt\u00fcl\u0259r sosial \u015f\u0259b\u0259k\u0259l\u0259rd\u0259 payla\u015f\u0131l\u0131b.<\/p>\n<p>G\u00fccl\u00fc k\u00fcl\u0259k i\u015f\u0131q dir\u0259yini avtobusun yan\u0131na a\u015f\u0131r\u0131b. Hadis\u0259 X\u0131rdalan \u015f\u0259h\u0259rind\u0259 qeyd\u0259 al\u0131n\u0131b.<\/p>\n<p>Xo\u015fb\u0259xtlikd\u0259n hadis\u0259 n\u0259tic\u0259sind\u0259 x\u0259sar\u0259t alan olmay\u0131b.<\/p>\n<p>G\u00f6r\u00fcnt\u00fcl\u0259ri t\u0259qdim edirik:<\/p>\n<p>&nbsp;<\/p>\n<div>\n<div><iframe loading=\"lazy\" id=\"telegram-post-oxuaze-75120\" src=\"https:\/\/t.me\/oxuaze\/75120?embed=1\" width=\"100%\" height=\"\" frameborder=\"0\" scrolling=\"no\" data-mce-fragment=\"1\"><\/iframe><\/div>\n<\/div>\n<\/div>\n<\/article>\n","protected":false},"excerpt":{"rendered":"<p>X\u0131rdalan \u015f\u0259h\u0259ri Heyd\u0259r \u018fliyev prospektind\u0259 ba\u015f vermi\u015f hadis\u0259nin f\u0259sadlar\u0131 aradan qald\u0131r\u0131l\u0131b. Bu bar\u0259d\u0259 Ab\u015feron Rayon \u0130cra Hakimiyy\u0259tind\u0259n\u00a0Oxu.Az-\u0131n sor\u011fusuna cavab olaraq m\u0259lumat verilib. \u201cS\u0259rni\u015finl\u0259r aras\u0131nda x\u0259sar\u0259t alan olmay\u0131b. S\u00fcr\u00fcc\u00fcy\u0259 is\u0259 ba\u015f vermi\u015f hadis\u0259 v\u0259 d\u0259ymi\u015f ziyanla ba\u011fl\u0131 s\u0131\u011fortaya m\u00fcraci\u0259t etm\u0259si t\u00f6vsiy\u0259 olunub\u201d, &#8211; dey\u0259 m\u0259lumatda vur\u011fulan\u0131b. 12:54 Ab\u015feron rayonu \u0259razisind\u0259 g\u00fccl\u00fc k\u00fcl\u0259k f\u0259sadlar t\u00f6r\u0259dib. Bu bar\u0259d\u0259 g\u00f6r\u00fcnt\u00fcl\u0259r sosial \u015f\u0259b\u0259k\u0259l\u0259rd\u0259 payla\u015f\u0131l\u0131b. G\u00fccl\u00fc k\u00fcl\u0259k i\u015f\u0131q dir\u0259yini avtobusun yan\u0131na a\u015f\u0131r\u0131b. Hadis\u0259 X\u0131rdalan \u015f\u0259h\u0259rind\u0259 qeyd\u0259 al\u0131n\u0131b. Xo\u015fb\u0259xtlikd\u0259n hadis\u0259 n\u0259tic\u0259sind\u0259 x\u0259sar\u0259t alan olmay\u0131b. G\u00f6r\u00fcnt\u00fcl\u0259ri t\u0259qdim edirik: &nbsp;<\/p>\n","protected":false},"author":2,"featured_media":674788,"comment_status":"closed","ping_status":"closed","sticky":false,"template":"","format":"standard","meta":{"om_disable_all_campaigns":false,"_monsterinsights_skip_tracking":false,"_monsterinsights_sitenote_active":false,"_monsterinsights_sitenote_note":"","_monsterinsights_sitenote_category":0},"categories":[5],"tags":[],"aioseo_notices":[],"gutentor_comment":0,"rttpg_featured_image_url":{"full":["https:\/\/arantv.az\/wp-content\/uploads\/2023\/12\/FotoJet-59-2.jpg",620,413,false],"landscape":["https:\/\/arantv.az\/wp-content\/uploads\/2023\/12\/FotoJet-59-2.jpg",620,413,false],"portraits":["https:\/\/arantv.az\/wp-content\/uploads\/2023\/12\/FotoJet-59-2.jpg",620,413,false],"thumbnail":["https:\/\/arantv.az\/wp-content\/uploads\/2023\/12\/FotoJet-59-2-500x280.jpg",500,280,true],"medium":["https:\/\/arantv.az\/wp-content\/uploads\/2023\/12\/FotoJet-59-2-548x365.jpg",548,365,true],"large":["https:\/\/arantv.az\/wp-content\/uploads\/2023\/12\/FotoJet-59-2.jpg",620,413,false],"1536x1536":["https:\/\/arantv.az\/wp-content\/uploads\/2023\/12\/FotoJet-59-2.jpg",620,413,false],"2048x2048":["https:\/\/arantv.az\/wp-content\/uploads\/2023\/12\/FotoJet-59-2.jpg",620,413,false],"post-thumbnail":["https:\/\/arantv.az\/wp-content\/uploads\/2023\/12\/FotoJet-59-2-240x172.jpg",240,172,true],"advps-thumb-one":["https:\/\/arantv.az\/wp-content\/uploads\/2023\/12\/FotoJet-59-2.jpg",620,413,false]},"rttpg_author":{"display_name":"V\u00fcsal Rafiqo\u011flu","author_link":"https:\/\/arantv.az\/?author=2"},"rttpg_comment":0,"rttpg_category":"<a href=\"https:\/\/arantv.az\/?cat=5\" rel=\"category\">Hadis\u0259<\/a>","rttpg_excerpt":"X\u0131rdalan \u015f\u0259h\u0259ri Heyd\u0259r \u018fliyev prospektind\u0259 ba\u015f vermi\u015f hadis\u0259nin f\u0259sadlar\u0131 aradan qald\u0131r\u0131l\u0131b. Bu bar\u0259d\u0259 Ab\u015feron Rayon \u0130cra Hakimiyy\u0259tind\u0259n\u00a0Oxu.Az-\u0131n sor\u011fusuna cavab olaraq m\u0259lumat verilib. \u201cS\u0259rni\u015finl\u0259r aras\u0131nda x\u0259sar\u0259t alan olmay\u0131b. S\u00fcr\u00fcc\u00fcy\u0259 is\u0259 ba\u015f vermi\u015f hadis\u0259 v\u0259 d\u0259ymi\u015f ziyanla ba\u011fl\u0131 s\u0131\u011fortaya m\u00fcraci\u0259t etm\u0259si t\u00f6vsiy\u0259 olunub\u201d, &#8211; dey\u0259 m\u0259lumatda vur\u011fulan\u0131b. 12:54 Ab\u015feron rayonu \u0259razisind\u0259 g\u00fccl\u00fc k\u00fcl\u0259k f\u0259sadlar t\u00f6r\u0259dib. Bu bar\u0259d\u0259&hellip;","_links":{"self":[{"href":"https:\/\/arantv.az\/index.php?rest_route=\/wp\/v2\/posts\/674787"}],"collection":[{"href":"https:\/\/arantv.az\/index.php?rest_route=\/wp\/v2\/posts"}],"about":[{"href":"https:\/\/arantv.az\/index.php?rest_route=\/wp\/v2\/types\/post"}],"author":[{"embeddable":true,"href":"https:\/\/arantv.az\/index.php?rest_route=\/wp\/v2\/users\/2"}],"replies":[{"embeddable":true,"href":"https:\/\/arantv.az\/index.php?rest_route=%2Fwp%2Fv2%2Fcomments&post=674787"}],"version-history":[{"count":0,"href":"https:\/\/arantv.az\/index.php?rest_route=\/wp\/v2\/posts\/674787\/revisions"}],"wp:featuredmedia":[{"embeddable":true,"href":"https:\/\/arantv.az\/index.php?rest_route=\/wp\/v2\/media\/674788"}],"wp:attachment":[{"href":"https:\/\/arantv.az\/index.php?rest_route=%2Fwp%2Fv2%2Fmedia&parent=674787"}],"wp:term":[{"taxonomy":"category","embeddable":true,"href":"https:\/\/arantv.az\/index.php?rest_route=%2Fwp%2Fv2%2Fcategories&post=674787"},{"taxonomy":"post_tag","embeddable":true,"href":"https:\/\/arantv.az\/index.php?rest_route=%2Fwp%2Fv2%2Ftags&post=674787"}],"curies":[{"name":"wp","href":"https:\/\/api.w.org\/{rel}","templated":true}]}}