{"id":675651,"date":"2023-12-30T20:20:32","date_gmt":"2023-12-30T16:20:32","guid":{"rendered":"https:\/\/arantv.az\/?p=675651"},"modified":"2023-12-30T20:20:32","modified_gmt":"2023-12-30T16:20:32","slug":"sabirabadda-azyasli-ovladini-nikaha-daxil-olmaga-m%c9%99cbur-ed%c9%99n-ata-h%c9%99bs-edilib","status":"publish","type":"post","link":"https:\/\/arantv.az\/?p=675651","title":{"rendered":"Sabirabadda azya\u015fl\u0131 \u00f6vlad\u0131n\u0131 nikaha daxil olma\u011fa m\u0259cbur ed\u0259n ata h\u0259bs edilib"},"content":{"rendered":"<p>Sabirabad rayonu M\u0259mi\u015fli k\u0259ndind\u0259 azya\u015fl\u0131 \u00f6vlad\u0131n\u0131 nikaha daxil olma\u011fa m\u0259cbur ed\u0259n ata polis \u0259m\u0259kda\u015flar\u0131 t\u0259r\u0259find\u0259n h\u0259bs edilib.<\/p>\n<p>Bu bar\u0259d\u0259 Daxili \u0130\u015fl\u0259r Nazirliyinin (D\u0130N) M\u0259tbuat Xidm\u0259ti m\u0259lumat yay\u0131b.<\/p>\n<p>Bildirilib ki, 1979-cu il t\u0259v\u0259ll\u00fcdl\u00fc M\u00fcbariz Musa o\u011flu Quliyev\u00a0cinay\u0259t m\u0259suliyy\u0259tin\u0259 c\u0259lb edilib. Onun bar\u0259sind\u0259 Cinay\u0259t M\u0259c\u0259ll\u0259sinin nikah ya\u015f\u0131na \u00e7atmayan \u015f\u0259xsi nikaha daxil olma\u011fa m\u0259cbur etm\u0259 madd\u0259si il\u0259 polis \u015f\u00f6b\u0259sind\u0259 cinay\u0259t i\u015fi qald\u0131r\u0131lmaqla m\u0259hk\u0259m\u0259 q\u0259rar\u0131 il\u0259 \u00fc\u00e7 ay m\u00fcdd\u0259tin\u0259 h\u0259bs q\u0259timkan t\u0259dbiri se\u00e7ilib.<\/p>\n<p>Rayon Polis \u015e\u00f6b\u0259sind\u0259 istintaq h\u0259r\u0259k\u0259tl\u0259ri davam etdirilir.<\/p>\n","protected":false},"excerpt":{"rendered":"<p>Sabirabad rayonu M\u0259mi\u015fli k\u0259ndind\u0259 azya\u015fl\u0131 \u00f6vlad\u0131n\u0131 nikaha daxil olma\u011fa m\u0259cbur ed\u0259n ata polis \u0259m\u0259kda\u015flar\u0131 t\u0259r\u0259find\u0259n h\u0259bs edilib. Bu bar\u0259d\u0259 Daxili \u0130\u015fl\u0259r Nazirliyinin (D\u0130N) M\u0259tbuat Xidm\u0259ti m\u0259lumat yay\u0131b. Bildirilib ki, 1979-cu il t\u0259v\u0259ll\u00fcdl\u00fc M\u00fcbariz Musa o\u011flu Quliyev\u00a0cinay\u0259t m\u0259suliyy\u0259tin\u0259 c\u0259lb edilib. Onun bar\u0259sind\u0259 Cinay\u0259t M\u0259c\u0259ll\u0259sinin nikah ya\u015f\u0131na \u00e7atmayan \u015f\u0259xsi nikaha daxil olma\u011fa m\u0259cbur etm\u0259 madd\u0259si il\u0259 polis \u015f\u00f6b\u0259sind\u0259 cinay\u0259t i\u015fi qald\u0131r\u0131lmaqla m\u0259hk\u0259m\u0259 q\u0259rar\u0131 il\u0259 \u00fc\u00e7 ay m\u00fcdd\u0259tin\u0259 h\u0259bs q\u0259timkan t\u0259dbiri se\u00e7ilib. Rayon Polis \u015e\u00f6b\u0259sind\u0259 istintaq h\u0259r\u0259k\u0259tl\u0259ri davam etdirilir.<\/p>\n","protected":false},"author":2,"featured_media":675652,"comment_status":"closed","ping_status":"closed","sticky":false,"template":"","format":"standard","meta":{"om_disable_all_campaigns":false,"_monsterinsights_skip_tracking":false,"_monsterinsights_sitenote_active":false,"_monsterinsights_sitenote_note":"","_monsterinsights_sitenote_category":0},"categories":[1],"tags":[],"aioseo_notices":[],"gutentor_comment":0,"rttpg_featured_image_url":{"full":["https:\/\/arantv.az\/wp-content\/uploads\/2023\/12\/FotoJet-12-2-1.jpg",620,413,false],"landscape":["https:\/\/arantv.az\/wp-content\/uploads\/2023\/12\/FotoJet-12-2-1.jpg",620,413,false],"portraits":["https:\/\/arantv.az\/wp-content\/uploads\/2023\/12\/FotoJet-12-2-1.jpg",620,413,false],"thumbnail":["https:\/\/arantv.az\/wp-content\/uploads\/2023\/12\/FotoJet-12-2-1-500x280.jpg",500,280,true],"medium":["https:\/\/arantv.az\/wp-content\/uploads\/2023\/12\/FotoJet-12-2-1-548x365.jpg",548,365,true],"large":["https:\/\/arantv.az\/wp-content\/uploads\/2023\/12\/FotoJet-12-2-1.jpg",620,413,false],"1536x1536":["https:\/\/arantv.az\/wp-content\/uploads\/2023\/12\/FotoJet-12-2-1.jpg",620,413,false],"2048x2048":["https:\/\/arantv.az\/wp-content\/uploads\/2023\/12\/FotoJet-12-2-1.jpg",620,413,false],"post-thumbnail":["https:\/\/arantv.az\/wp-content\/uploads\/2023\/12\/FotoJet-12-2-1-240x172.jpg",240,172,true],"advps-thumb-one":["https:\/\/arantv.az\/wp-content\/uploads\/2023\/12\/FotoJet-12-2-1.jpg",620,413,false]},"rttpg_author":{"display_name":"V\u00fcsal Rafiqo\u011flu","author_link":"https:\/\/arantv.az\/?author=2"},"rttpg_comment":0,"rttpg_category":"<a href=\"https:\/\/arantv.az\/?cat=1\" rel=\"category\">C\u0259miyy\u0259t<\/a>","rttpg_excerpt":"Sabirabad rayonu M\u0259mi\u015fli k\u0259ndind\u0259 azya\u015fl\u0131 \u00f6vlad\u0131n\u0131 nikaha daxil olma\u011fa m\u0259cbur ed\u0259n ata polis \u0259m\u0259kda\u015flar\u0131 t\u0259r\u0259find\u0259n h\u0259bs edilib. Bu bar\u0259d\u0259 Daxili \u0130\u015fl\u0259r Nazirliyinin (D\u0130N) M\u0259tbuat Xidm\u0259ti m\u0259lumat yay\u0131b. Bildirilib ki, 1979-cu il t\u0259v\u0259ll\u00fcdl\u00fc M\u00fcbariz Musa o\u011flu Quliyev\u00a0cinay\u0259t m\u0259suliyy\u0259tin\u0259 c\u0259lb edilib. Onun bar\u0259sind\u0259 Cinay\u0259t M\u0259c\u0259ll\u0259sinin nikah ya\u015f\u0131na \u00e7atmayan \u015f\u0259xsi nikaha daxil olma\u011fa m\u0259cbur etm\u0259 madd\u0259si il\u0259 polis&hellip;","_links":{"self":[{"href":"https:\/\/arantv.az\/index.php?rest_route=\/wp\/v2\/posts\/675651"}],"collection":[{"href":"https:\/\/arantv.az\/index.php?rest_route=\/wp\/v2\/posts"}],"about":[{"href":"https:\/\/arantv.az\/index.php?rest_route=\/wp\/v2\/types\/post"}],"author":[{"embeddable":true,"href":"https:\/\/arantv.az\/index.php?rest_route=\/wp\/v2\/users\/2"}],"replies":[{"embeddable":true,"href":"https:\/\/arantv.az\/index.php?rest_route=%2Fwp%2Fv2%2Fcomments&post=675651"}],"version-history":[{"count":0,"href":"https:\/\/arantv.az\/index.php?rest_route=\/wp\/v2\/posts\/675651\/revisions"}],"wp:featuredmedia":[{"embeddable":true,"href":"https:\/\/arantv.az\/index.php?rest_route=\/wp\/v2\/media\/675652"}],"wp:attachment":[{"href":"https:\/\/arantv.az\/index.php?rest_route=%2Fwp%2Fv2%2Fmedia&parent=675651"}],"wp:term":[{"taxonomy":"category","embeddable":true,"href":"https:\/\/arantv.az\/index.php?rest_route=%2Fwp%2Fv2%2Fcategories&post=675651"},{"taxonomy":"post_tag","embeddable":true,"href":"https:\/\/arantv.az\/index.php?rest_route=%2Fwp%2Fv2%2Ftags&post=675651"}],"curies":[{"name":"wp","href":"https:\/\/api.w.org\/{rel}","templated":true}]}}