{"id":675903,"date":"2023-12-31T18:04:50","date_gmt":"2023-12-31T14:04:50","guid":{"rendered":"https:\/\/arantv.az\/?p=675903"},"modified":"2023-12-31T18:04:50","modified_gmt":"2023-12-31T14:04:50","slug":"g%c9%99rm%c9%99cataq-k%c9%99nd-yolu-istifad%c9%99y%c9%99-verilib-foto","status":"publish","type":"post","link":"https:\/\/arantv.az\/?p=675903","title":{"rendered":"G\u0259rm\u0259\u00e7ataq k\u0259nd yolu istifad\u0259y\u0259 verilib &#8211; FOTO"},"content":{"rendered":"<p>D\u00fcnya Az\u0259rbaycanl\u0131lar\u0131n\u0131n H\u0259mr\u0259yliyi G\u00fcn\u00fcnd\u0259 Bab\u0259k rayonunun ucqar k\u0259ndi G\u0259rm\u0259\u00e7ataqda avtomobil yolunun a\u00e7\u0131l\u0131\u015f\u0131 olub.<\/p>\n<p>Bu bar\u0259d\u0259 \u201cNuh\u00e7\u0131xan\u201d \u0130nformasiya Agentliyi m\u0259lumat yay\u0131b.<\/p>\n<p>Nax\u00e7\u0131van Muxtar Respublikas\u0131nda Az\u0259rbaycan Respublikas\u0131 Prezidentinin s\u0259lahiyy\u0259tli n\u00fcmay\u0259nd\u0259si Fuad N\u0259c\u0259fli k\u0259ndin sakinl\u0259ri il\u0259 g\u00f6r\u00fc\u015f\u00fcb, onlar\u0131 yeni yolun istifad\u0259y\u0259 verilm\u0259si, h\u0259m\u00e7inin D\u00fcnya Az\u0259rbaycanl\u0131lar\u0131n\u0131n H\u0259mr\u0259yliyi G\u00fcn\u00fc v\u0259 Yeni il m\u00fcnasib\u0259til\u0259 t\u0259brik edib.<\/p>\n<p>Fuad N\u0259c\u0259fli qeyd edib ki, h\u0259mr\u0259ylik g\u00fcn\u00fc ulu \u00f6nd\u0259rimizin xalq\u0131m\u0131za miras qoydu\u011fu \u0259n \u0259lam\u0259tdar tarixi g\u00fcnl\u0259rd\u0259n biridir. Dahi r\u0259hb\u0259rin ideyalar\u0131 \u0259traf\u0131nda h\u0259mr\u0259y olan xalq\u0131m\u0131z 2023-c\u00fc ili b\u00f6y\u00fck u\u011furlar v\u0259 q\u0259l\u0259b\u0259 il\u0259 ba\u015fa vurur. \u00d6lk\u0259mizd\u0259 \u201cHeyd\u0259r \u018fliyev \u0130li\u201d silsil\u0259 t\u0259dbirl\u0259rl\u0259 qeyd edilib.<\/p>\n<p>\u018fn \u00f6n\u0259mlisi is\u0259 bu il suverenliyimiz tam b\u0259rpa olunub. \u00c7oxlar\u0131na x\u0259yal kimi g\u00f6r\u00fcn\u0259n bu nailiyy\u0259tl\u0259ri bir ne\u00e7\u0259 ild\u0259 \u0259ld\u0259 etdik. M\u00fcz\u0259ff\u0259r Ali Ba\u015f Komandan\u0131m\u0131z,\u00a0<strong>\u0130lham \u018fliyev\u00a0<\/strong>torpaqlar\u0131m\u0131z\u0131 i\u015f\u011faldan azad etm\u0259yi qar\u015f\u0131s\u0131na ba\u015fl\u0131ca m\u0259qs\u0259d qoydu v\u0259 Ordumuzu q\u0259tiyy\u0259tl\u0259 z\u0259f\u0259r\u0259 do\u011fru apard\u0131.<\/p>\n<p>S\u0259lahiyy\u0259tli n\u00fcmay\u0259nd\u0259 vur\u011fulay\u0131b ki, \u00f6lk\u0259 ba\u015f\u00e7\u0131s\u0131n\u0131n diqq\u0259t v\u0259 qay\u011f\u0131s\u0131 il\u0259 Nax\u00e7\u0131van Muxtar Respublikas\u0131n\u0131n daha da inki\u015faf etdirilm\u0259si, \u0259halinin sosial rifah hal\u0131n\u0131n y\u00fcks\u0259ldilm\u0259si il\u0259 ba\u011fl\u0131 i\u015fl\u0259r g\u00f6r\u00fcl\u00fcr. Prezident c\u0259nab \u0130lham \u018fliyevin 2023-c\u00fc il iyunun 5-d\u0259 \u201cNax\u00e7\u0131van Muxtar Respublikas\u0131n\u0131n sosial-iqtisadi inki\u015faf\u0131na dair 2023-2027-ci ill\u0259r \u00fc\u00e7\u00fcn D\u00f6vl\u0259t Proqram\u0131\u201dn\u0131n t\u0259sdiq edilm\u0259si haqq\u0131nda imzalad\u0131\u011f\u0131 S\u0259r\u0259ncam da bu istiqam\u0259td\u0259 at\u0131lan add\u0131mlardan biridir.<\/p>\n<p>Proqram\u0131n icras\u0131 istiqam\u0259tind\u0259 \u0259n ucqar da\u011f k\u0259ndin\u0259 bu c\u00fcr m\u00fcasir yolun \u00e7\u0259kilm\u0259si d\u0259 el\u0259 bu h\u0259d\u0259f\u0259 xidm\u0259t edir. S\u00f6z\u00fcged\u0259n d\u00f6vl\u0259t proqram\u0131 \u00e7\u0259r\u00e7iv\u0259sind\u0259 yeni ild\u0259n daha geni\u015f t\u0259dbirl\u0259r, o c\u00fcml\u0259d\u0259n infrastruktur layih\u0259l\u0259ri realla\u015fd\u0131r\u0131lacaq. Bir \u00e7ox k\u0259ndl\u0259rd\u0259 sakinl\u0259ri narahat ed\u0259n su problemi m\u00fcasir metodlara \u0259saslanaraq, h\u0259llini tapacaq. \u018fn ucqar k\u0259ndl\u0259r\u0259 bu c\u00fcr m\u00fcasir standartlara uy\u011fun yollar \u00e7\u0259kil\u0259c\u0259k. Fuad N\u0259c\u0259fli diqq\u0259t\u0259 \u00e7atd\u0131r\u0131b ki, b\u00fct\u00fcn bunlar d\u00f6vl\u0259t ba\u015f\u00e7\u0131m\u0131z\u0131n birba\u015fa tap\u015f\u0131r\u0131\u011f\u0131d\u0131r. Bir s\u00f6zl\u0259, Nax\u00e7\u0131van\u0131 g\u0259l\u0259c\u0259kd\u0259 daha i\u015f\u0131ql\u0131 yollar g\u00f6zl\u0259yir.<br \/>\nS\u0259lahiyy\u0259tli n\u00fcmay\u0259nd\u0259 sakinl\u0259r\u0259 u\u011furlar arzulayaraq, onlar\u0131 fevral ay\u0131nda ke\u00e7iril\u0259c\u0259k prezident se\u00e7kil\u0259rind\u0259 f\u0259al i\u015ftiraka s\u0259sl\u0259yib.<\/p>\n<p>K\u0259nd sakini M\u0259h\u0259ddin \u018fhm\u0259dov bildirib ki, G\u0259rm\u0259\u00e7ataq \u0259halisi uzun ill\u0259rdir avtomobil yolunun pis v\u0259ziyy\u0259td\u0259 olmas\u0131na g\u00f6r\u0259 \u0259ziyy\u0259t \u00e7\u0259kirdi. Bu il q\u0131sa zamanda keyfiyy\u0259tli asfalt \u00f6rt\u00fcy\u00fcn\u0259 malik avtomobil yolunun in\u015fa olunmas\u0131 sakinl\u0259rin b\u00f6y\u00fck sevincin\u0259 s\u0259b\u0259b olub. M\u0259h\u0259ddin \u018fhm\u0259dov \u0259lam\u0259tdar g\u00fcnd\u0259 m\u00fcasir avtomobil yolunun istifad\u0259y\u0259 verilm\u0259sin\u0259 g\u00f6r\u0259 sakinl\u0259r ad\u0131ndan \u00f6lk\u0259 ba\u015f\u00e7\u0131s\u0131na minn\u0259tdarl\u0131q edib.<\/p>\n<p>Bab\u0259k Rayon \u0130cra Hakimiyy\u0259tinin ba\u015f\u00e7\u0131s\u0131 Rasim H\u00fcseynov bildirib ki, Nehr\u0259m q\u0259s\u0259b\u0259sind\u0259 yeni su-kanalizasiya sistemi qurulur, C\u0259hri q\u0259s\u0259b\u0259si, G\u00fcl\u015f\u0259nabad v\u0259 Sirab k\u0259ndl\u0259rind\u0259 subartezianlar istifad\u0259y\u0259 verilib, C\u0259hri v\u0259 G\u0259rm\u0259\u00e7ataqda yollar yenid\u0259n qurulub. G\u0259rm\u0259\u00e7ataq sakinl\u0259ri daimi i\u015fl\u0259 t\u0259min olunduqlar\u0131ndan vaxtil\u0259 k\u0259ndd\u0259n k\u00f6\u00e7\u0259n ail\u0259l\u0259r geri qay\u0131d\u0131r.<\/p>\n<p>Sonra s\u0259lahiyy\u0259tli n\u00fcmay\u0259nd\u0259 yolda apar\u0131lan yenid\u0259nqurma i\u015fl\u0259ri il\u0259 maraqlan\u0131b.<br \/>\nNax\u00e7\u0131van Avtomobil Yollar\u0131 D\u00f6vl\u0259t Agentliyi idar\u0259 hey\u0259tinin s\u0259dri B\u0259hruz \u018fsg\u0259rov m\u0259lumat verib ki, \u201cNax\u00e7\u0131van Muxtar Respublikas\u0131n\u0131n sosial-iqtisadi inki\u015faf\u0131na dair 2023-2027-ci ill\u0259r \u00fc\u00e7\u00fcn D\u00f6vl\u0259t Proqram\u0131\u201d \u0259sas\u0131nda G\u0259rm\u0259\u00e7ataq k\u0259ndinin 4,9 km \u0259sas v\u0259 4,5 km daxili yollar\u0131 yenid\u0259n qurulub, keyfiyy\u0259tli asfalt \u00f6rt\u00fck \u00e7\u0259kilib. Yolun \u00fcz\u0259rind\u0259ki k\u00f6rp\u00fc \u0259sasl\u0131 t\u0259mir olunub. Avtomobil yolunun \u00fcz\u0259rind\u0259 3787 metr beton su kanal\u0131, \u00fc\u00e7 su ke\u00e7idi qoyulub. Yolun \u00fcz\u0259rind\u0259 m\u00fcvafiq yol ni\u015fanlar\u0131 qura\u015fd\u0131r\u0131l\u0131b, t\u0259hl\u00fck\u0259sizlik t\u0259dbirl\u0259ri g\u00f6r\u00fcl\u00fcb.<\/p>\n<p>Bildirilib ki, bu il rayonun C\u0259hri q\u0259s\u0259b\u0259sinin d\u0259 3,3 kilometr m\u0259saf\u0259d\u0259 \u0259sas yollar\u0131 t\u0259mir olunub v\u0259 yol k\u0259narlar\u0131nda geni\u015f abadl\u0131q i\u015fl\u0259ri g\u00f6r\u00fcl\u00fcb. Bu i\u015fl\u0259r \u00e7\u0259r\u00e7iv\u0259sind\u0259 q\u0259s\u0259b\u0259nin 6,3 kilometrlik daxili yollar\u0131 da yenid\u0259n qurulub.<\/p>\n<p>&nbsp;<\/p>\n<div class=\"gallery\">\n<div class=\"gallery-i\"><img src=\"https:\/\/cdn.oxu.az\/uploads\/W1siZiIsIjIwMjMvMTIvMzEvMTcvMjcvMDIvMDg1M2MzOTctMzc0My00NjM0LWIxNGUtMWIxMjlkYjcwNDU4LzZlNGVlYTA5LTA3ODEtMzdjNS04YmQxLTE2MGE4MTEwZjE2OS5qcGciXSxbInAiLCJlbmNvZGUiLCJqcGciLCItcXVhbGl0eSA4MCJdLFsicCIsInRodW1iIiwiNTkweDU5MFx1MDAzZSJdXQ?sha=206f6622fc510445\" alt=\"\" \/><\/p>\n<div class=\"gallery-i-caption\"><\/div>\n<\/div>\n<div class=\"gallery-i\"><img src=\"https:\/\/cdn.oxu.az\/uploads\/W1siZiIsIjIwMjMvMTIvMzEvMTcvMjcvMDIvNjYzNTQwY2UtNjA3Yy00NjAyLWJlZDItYTBkNGQxOTkyZjE2LzUwYjU1NTBhLWQxN2QtM2Q0MS04NDczLWI2MTcwMWQwYjMwNF84NTAuanBnIl0sWyJwIiwiZW5jb2RlIiwianBnIiwiLXF1YWxpdHkgODAiXSxbInAiLCJ0aHVtYiIsIjU5MHg1OTBcdTAwM2UiXV0?sha=f442e7a4f324eae8\" alt=\"\" \/><\/div>\n<\/div>\n","protected":false},"excerpt":{"rendered":"<p>D\u00fcnya Az\u0259rbaycanl\u0131lar\u0131n\u0131n H\u0259mr\u0259yliyi G\u00fcn\u00fcnd\u0259 Bab\u0259k rayonunun ucqar k\u0259ndi G\u0259rm\u0259\u00e7ataqda avtomobil yolunun a\u00e7\u0131l\u0131\u015f\u0131 olub. Bu bar\u0259d\u0259 \u201cNuh\u00e7\u0131xan\u201d \u0130nformasiya Agentliyi m\u0259lumat yay\u0131b. Nax\u00e7\u0131van Muxtar Respublikas\u0131nda Az\u0259rbaycan Respublikas\u0131 Prezidentinin s\u0259lahiyy\u0259tli n\u00fcmay\u0259nd\u0259si Fuad N\u0259c\u0259fli k\u0259ndin sakinl\u0259ri il\u0259 g\u00f6r\u00fc\u015f\u00fcb, onlar\u0131 yeni yolun istifad\u0259y\u0259 verilm\u0259si, h\u0259m\u00e7inin D\u00fcnya Az\u0259rbaycanl\u0131lar\u0131n\u0131n H\u0259mr\u0259yliyi G\u00fcn\u00fc v\u0259 Yeni il m\u00fcnasib\u0259til\u0259 t\u0259brik edib. Fuad N\u0259c\u0259fli qeyd edib ki, h\u0259mr\u0259ylik g\u00fcn\u00fc ulu \u00f6nd\u0259rimizin xalq\u0131m\u0131za miras qoydu\u011fu \u0259n \u0259lam\u0259tdar tarixi g\u00fcnl\u0259rd\u0259n biridir. Dahi r\u0259hb\u0259rin ideyalar\u0131 \u0259traf\u0131nda h\u0259mr\u0259y olan xalq\u0131m\u0131z 2023-c\u00fc ili b\u00f6y\u00fck u\u011furlar v\u0259 q\u0259l\u0259b\u0259 il\u0259 ba\u015fa vurur. \u00d6lk\u0259mizd\u0259 \u201cHeyd\u0259r \u018fliyev \u0130li\u201d silsil\u0259 t\u0259dbirl\u0259rl\u0259 qeyd&hellip;<\/p>\n","protected":false},"author":2,"featured_media":675904,"comment_status":"closed","ping_status":"closed","sticky":false,"template":"","format":"standard","meta":{"om_disable_all_campaigns":false,"_monsterinsights_skip_tracking":false,"_monsterinsights_sitenote_active":false,"_monsterinsights_sitenote_note":"","_monsterinsights_sitenote_category":0},"categories":[19],"tags":[],"aioseo_notices":[],"gutentor_comment":0,"rttpg_featured_image_url":{"full":["https:\/\/arantv.az\/wp-content\/uploads\/2023\/12\/FotoJet-30-1.jpg",620,413,false],"landscape":["https:\/\/arantv.az\/wp-content\/uploads\/2023\/12\/FotoJet-30-1.jpg",620,413,false],"portraits":["https:\/\/arantv.az\/wp-content\/uploads\/2023\/12\/FotoJet-30-1.jpg",620,413,false],"thumbnail":["https:\/\/arantv.az\/wp-content\/uploads\/2023\/12\/FotoJet-30-1-500x280.jpg",500,280,true],"medium":["https:\/\/arantv.az\/wp-content\/uploads\/2023\/12\/FotoJet-30-1-548x365.jpg",548,365,true],"large":["https:\/\/arantv.az\/wp-content\/uploads\/2023\/12\/FotoJet-30-1.jpg",620,413,false],"1536x1536":["https:\/\/arantv.az\/wp-content\/uploads\/2023\/12\/FotoJet-30-1.jpg",620,413,false],"2048x2048":["https:\/\/arantv.az\/wp-content\/uploads\/2023\/12\/FotoJet-30-1.jpg",620,413,false],"post-thumbnail":["https:\/\/arantv.az\/wp-content\/uploads\/2023\/12\/FotoJet-30-1-240x172.jpg",240,172,true],"advps-thumb-one":["https:\/\/arantv.az\/wp-content\/uploads\/2023\/12\/FotoJet-30-1.jpg",620,413,false]},"rttpg_author":{"display_name":"V\u00fcsal Rafiqo\u011flu","author_link":"https:\/\/arantv.az\/?author=2"},"rttpg_comment":0,"rttpg_category":"<a href=\"https:\/\/arantv.az\/?cat=19\" rel=\"category\">G\u00fcnd\u0259m<\/a>","rttpg_excerpt":"D\u00fcnya Az\u0259rbaycanl\u0131lar\u0131n\u0131n H\u0259mr\u0259yliyi G\u00fcn\u00fcnd\u0259 Bab\u0259k rayonunun ucqar k\u0259ndi G\u0259rm\u0259\u00e7ataqda avtomobil yolunun a\u00e7\u0131l\u0131\u015f\u0131 olub. Bu bar\u0259d\u0259 \u201cNuh\u00e7\u0131xan\u201d \u0130nformasiya Agentliyi m\u0259lumat yay\u0131b. Nax\u00e7\u0131van Muxtar Respublikas\u0131nda Az\u0259rbaycan Respublikas\u0131 Prezidentinin s\u0259lahiyy\u0259tli n\u00fcmay\u0259nd\u0259si Fuad N\u0259c\u0259fli k\u0259ndin sakinl\u0259ri il\u0259 g\u00f6r\u00fc\u015f\u00fcb, onlar\u0131 yeni yolun istifad\u0259y\u0259 verilm\u0259si, h\u0259m\u00e7inin D\u00fcnya Az\u0259rbaycanl\u0131lar\u0131n\u0131n H\u0259mr\u0259yliyi G\u00fcn\u00fc v\u0259 Yeni il m\u00fcnasib\u0259til\u0259 t\u0259brik edib. Fuad N\u0259c\u0259fli qeyd edib ki,&hellip;","_links":{"self":[{"href":"https:\/\/arantv.az\/index.php?rest_route=\/wp\/v2\/posts\/675903"}],"collection":[{"href":"https:\/\/arantv.az\/index.php?rest_route=\/wp\/v2\/posts"}],"about":[{"href":"https:\/\/arantv.az\/index.php?rest_route=\/wp\/v2\/types\/post"}],"author":[{"embeddable":true,"href":"https:\/\/arantv.az\/index.php?rest_route=\/wp\/v2\/users\/2"}],"replies":[{"embeddable":true,"href":"https:\/\/arantv.az\/index.php?rest_route=%2Fwp%2Fv2%2Fcomments&post=675903"}],"version-history":[{"count":0,"href":"https:\/\/arantv.az\/index.php?rest_route=\/wp\/v2\/posts\/675903\/revisions"}],"wp:featuredmedia":[{"embeddable":true,"href":"https:\/\/arantv.az\/index.php?rest_route=\/wp\/v2\/media\/675904"}],"wp:attachment":[{"href":"https:\/\/arantv.az\/index.php?rest_route=%2Fwp%2Fv2%2Fmedia&parent=675903"}],"wp:term":[{"taxonomy":"category","embeddable":true,"href":"https:\/\/arantv.az\/index.php?rest_route=%2Fwp%2Fv2%2Fcategories&post=675903"},{"taxonomy":"post_tag","embeddable":true,"href":"https:\/\/arantv.az\/index.php?rest_route=%2Fwp%2Fv2%2Ftags&post=675903"}],"curies":[{"name":"wp","href":"https:\/\/api.w.org\/{rel}","templated":true}]}}