{"id":675921,"date":"2023-12-31T21:41:03","date_gmt":"2023-12-31T17:41:03","guid":{"rendered":"https:\/\/arantv.az\/?p=675921"},"modified":"2023-12-31T21:41:03","modified_gmt":"2023-12-31T17:41:03","slug":"isa-peyg%c9%99mb%c9%99rin-dogulmasi-ulduz-bel%c9%99-ulduzlari-barisdirmir","status":"publish","type":"post","link":"https:\/\/arantv.az\/?p=675921","title":{"rendered":"\u0130sa pey\u011f\u0259mb\u0259rin do\u011fulmas\u0131: \u201cUlduz\u201d bel\u0259 \u201culduzlar\u0131\u201d bar\u0131\u015fd\u0131rm\u0131r"},"content":{"rendered":"<p>Milyonlarla insan dekabr\u0131n 25-ni Milad bayram\u0131 kimi qeyd edir. Bu, \u0130sa pey\u011f\u0259mb\u0259rin do\u011fulmas\u0131 il\u0259 \u0259laq\u0259dar ke\u00e7iril\u0259n bayramd\u0131r.<\/p>\n<p>Bununla bel\u0259, \u0130sa pey\u011f\u0259mb\u0259rin do\u011fulmas\u0131 il\u0259 ba\u011fl\u0131 aliml\u0259rin fikri yekdil deyil.<\/p>\n<p>\u0130ncil\u0259 v\u0259 erk\u0259n xristian yaz\u0131lar\u0131na g\u00f6r\u0259, \u0130sa m\u0259sih \u00f6z \u00f6l\u00fcm\u00fcnd\u0259n dirilm\u0259mi\u015fd\u0259n \u0259vv\u0259l b\u0259\u015f\u0259riyy\u0259tin g\u00fcnahlar\u0131 \u00fc\u00e7\u00fcn \u00e7arm\u0131xa \u00e7\u0259kilmi\u015f Allah\u0131n O\u011flu idi.<\/p>\n<p>Bildirilir ki, \u0130sa pey\u011f\u0259mb\u0259r t\u0259xmin\u0259n eram\u0131zdan \u0259vv\u0259l 4-c\u00fc ild\u0259 d\u00fcnyaya g\u0259lib.<\/p>\n<p>Xristian inanc\u0131na g\u00f6r\u0259, \u0130sa pey\u011f\u0259mb\u0259r insanlara sad\u0259c\u0259 toxunmaqla v\u0259 ya onlarla dan\u0131\u015fmaqla m\u00fcxt\u0259lif x\u0259st\u0259likl\u0259ri sa\u011faltmaq kimi f\u00f6vq\u0259lt\u0259bii x\u00fcsusiyy\u0259tl\u0259r\u0259 malik olub.<\/p>\n<p>\u0130sa M\u0259sihin do\u011fulmas\u0131 g\u00fcn\u0259 qay\u0131daq. \u018fks\u0259r aliml\u0259r \u0130sa pey\u011f\u0259mb\u0259rin m\u0259hz eram\u0131z\u0131n birinci ilind\u0259, dekabr\u0131n 25-d\u0259 do\u011fulmad\u0131\u011f\u0131n\u0131 iddia edir.<\/p>\n<p>B\u0259zi t\u0259dqiqat\u00e7\u0131lar hesab edir ki, dekabr\u0131n 25-i Roma Katolik Kils\u0259si t\u0259r\u0259find\u0259n q\u0259sd\u0259n se\u00e7ilmi\u015f bir g\u00fcnd\u00fcr. \u00c7\u00fcnki inanca \u0259sas\u0259n, dekabr\u0131n 25-i q\u0131\u015f g\u00fcnd\u00f6n\u00fcm\u00fc v\u0259 Saturnalia il\u0259 \u0259laq\u0259li bir g\u00fcnd\u00fcr.<\/p>\n<p>Saturnalia q\u0259dim romal\u0131lar \u00fc\u00e7\u00fcn b\u00f6y\u00fck bir bayram olub. Q\u0259dim Roma tanr\u0131s\u0131 Saturna h\u0259sr olunmu\u015f festivallar sonradan Roma Katolik Kils\u0259si t\u0259r\u0259find\u0259n Milad bayram\u0131 kimi t\u0259snif edilir.<\/p>\n<p>Y\u0259ni b\u0259zi iddialara \u0259sas\u0259n, Saturnalia bayram\u0131 4-c\u00fc \u0259srd\u0259n etibar\u0259n Milad bayram\u0131 il\u0259 \u0259v\u0259z olunub.<\/p>\n<p>Bu, b\u00fctp\u0259r\u0259stlikd\u0259n xristianl\u0131\u011fa ke\u00e7idin r\u0259smil\u0259\u015fm\u0259si idi. Ona g\u00f6r\u0259 d\u0259, Roma Katolik Kils\u0259si \u0130sa M\u0259sihin do\u011fum tarixini m\u0259hz 25 dekabr kimi t\u0259yin edib.<\/p>\n<p>B\u0259zi aliml\u0259r is\u0259 \u0130sa pey\u011f\u0259mb\u0259rin eram\u0131zdan \u0259vv\u0259l 6-4-c\u00fc ill\u0259r aras\u0131nda do\u011fuldu\u011funa inan\u0131rlar.<\/p>\n<p>Onlar\u0131n g\u0259ldiyi q\u0259na\u0259t\u0259 \u0259sas\u0259n, \u0130sa pey\u011f\u0259mb\u0259r indiki F\u0259l\u0259stin \u0259razisind\u0259ki Beytl\u0259hm yax\u0131nl\u0131\u011f\u0131nda d\u00fcnyaya g\u00f6z a\u00e7\u0131b.<\/p>\n<p>Dig\u0259r qrup aliml\u0259r is\u0259 \u0130sa pey\u011f\u0259mb\u0259rin do\u011fumunu \u201cBeytl\u0259hm ulduzu\u201d il\u0259 m\u00fcjd\u0259l\u0259ndiyini bildirir. Matta \u0130ncilind\u0259ki m\u0259\u015fhur hekay\u0259y\u0259 istinad burada \u00f6n\u0259 \u00e7\u0131xar\u0131l\u0131r. Matta \u0130ncilind\u0259 deyilir ki, \u00fc\u00e7 m\u00fcdrik adam \u201cBeytl\u0259hm ulduzu\u201d il\u0259 Q\u00fcds\u0259 gedibl\u0259r. Onlar pad\u015fah Hirodla m\u0259sl\u0259h\u0259tl\u0259\u015fdikd\u0259n sonra yeni do\u011fulmu\u015f k\u00f6rp\u0259 \u0130san\u0131 tap\u0131rlar. Tarixd\u0259 bel\u0259 bir hadis\u0259nin h\u0259qiq\u0259t\u0259n olub-olmad\u0131\u011f\u0131n\u0131 s\u00fcbut etm\u0259k \u00e7\u0259tindir, amma ba\u015f veribs\u0259 \u201cBeytl\u0259hm ulduzu\u201dnun n\u0259 oldu\u011funa diqq\u0259t etm\u0259k laz\u0131md\u0131r.<\/p>\n<p>Bu, aliml\u0259rin t\u0259kc\u0259 dini v\u0259 ya tarixi n\u00f6qteyi-n\u0259z\u0259rd\u0259n deyil, h\u0259m d\u0259 elmi bax\u0131mdan \u00e7oxdan d\u00fc\u015f\u00fcnd\u00fcy\u00fc m\u0259s\u0259l\u0259dir.<\/p>\n<p>\u201cBeytl\u0259hm ulduzu\u201d il\u0259 ba\u011fl\u0131 astronomik hadis\u0259d\u0259n tutmu\u015f astroloji ulduz fal\u0131na q\u0259d\u0259r \u00e7oxlu n\u0259z\u0259riyy\u0259l\u0259r ir\u0259li s\u00fcr\u00fcl\u00fcb, lakin m\u00fcasir astronomiya say\u0259sind\u0259 elm adamlar\u0131 cavaba f\u0259rqli aspektd\u0259n yax\u0131nla\u015fma\u011fa \u00e7al\u0131\u015f\u0131rlar.<\/p>\n<p>Elm dair\u0259l\u0259ri d\u0259 bu m\u0259s\u0259l\u0259d\u0259 b\u00f6l\u00fcn\u00fcr. B\u0259zil\u0259rinin g\u0259ldiyi q\u0259na\u0259t\u0259 \u0259sas\u0259n, \u201cBeytl\u0259hm ulduzu\u201d komet v\u0259 ya supernova olmay\u0131b. Lakin f\u0259rqli d\u00fc\u015f\u00fcn\u0259nl\u0259r d\u0259 var.<\/p>\n<p>Bildirilir ki, eram\u0131zdan \u0259vv\u0259l 11-ci ild\u0259 \u201cHalley kometi\u201d s\u0259mada g\u00f6r\u00fcn\u00fcb. Notr Dam Universitetinin n\u0259z\u0259ri astrofizika v\u0259 kosmologiya \u00fczr\u0259 professoru Qrant Metyus bildirir ki, h\u0259min komet s\u0259mada quyru\u011fu olan g\u00f6z\u0259l bir \u015f\u0259kil yarad\u0131b ki, bu da sonradan \u201cMilad kart\u0131\u201d \u00fc\u00e7\u00fcn istifad\u0259 edilib.<\/p>\n<p>Ba\u015fqa bir astronomik izah bel\u0259dir ki, h\u0259min zaman h\u0259qiq\u0259t\u0259n d\u0259 s\u0259mada parlaq bir obyekt g\u00f6r\u00fcn\u00fcb. \u00a0Bunu Qo\u00e7 b\u00fcrc\u00fcnd\u0259 Yupiter, Saturn, Ay v\u0259 G\u00fcn\u0259\u015fin d\u00fcz\u00fcl\u00fc\u015f\u00fc il\u0259 \u0259laq\u0259l\u0259ndir\u0259nl\u0259r d\u0259 var. Bu \u201cbirl\u0259\u015fm\u0259\u201d bir s\u0259b\u0259b\u0259 g\u00f6r\u0259 hekay\u0259y\u0259 uy\u011fun g\u0259lir.\u00a0\u00c7\u00fcnki bu \u201cbirl\u0259\u015fm\u0259\u201d s\u0259h\u0259r erk\u0259n saatlar\u0131nda ba\u015f verib, bu da \u0130ncild\u0259 \u201cBetl\u0259ym ulduzunun\u201d y\u00fcks\u0259l\u0259n s\u0259h\u0259r ulduzu kimi t\u0259sviri il\u0259 \u00fcst-\u00fcst\u0259 d\u00fc\u015f\u00fcr.<\/p>\n<p>G\u00f6r\u00fcnd\u00fcy\u00fc kimi, elm adamlar\u0131, tarix\u00e7il\u0259r, din\u015f\u00fcnaslar \u0130sa pey\u011f\u0259mb\u0259rin do\u011fumu il\u0259 \u0259laq\u0259dar bir ne\u00e7\u0259 ehtimal s\u00fcrs\u0259l\u0259r d\u0259, h\u0259l\u0259 d\u0259 d\u0259qiq cavablar yoxdur.<\/p>\n<p>Ancaq bu, ild\u0259n-il\u0259 g\u00fcnd\u0259md\u0259 qalan bir suald\u0131r v\u0259 h\u0259l\u0259 uzun ill\u0259r h\u0259m aliml\u0259rin, h\u0259m d\u0259 tarix\u00e7il\u0259rin mara\u011f\u0131na s\u0259b\u0259b olacaq.<\/p>\n","protected":false},"excerpt":{"rendered":"<p>Milyonlarla insan dekabr\u0131n 25-ni Milad bayram\u0131 kimi qeyd edir. Bu, \u0130sa pey\u011f\u0259mb\u0259rin do\u011fulmas\u0131 il\u0259 \u0259laq\u0259dar ke\u00e7iril\u0259n bayramd\u0131r. Bununla bel\u0259, \u0130sa pey\u011f\u0259mb\u0259rin do\u011fulmas\u0131 il\u0259 ba\u011fl\u0131 aliml\u0259rin fikri yekdil deyil. \u0130ncil\u0259 v\u0259 erk\u0259n xristian yaz\u0131lar\u0131na g\u00f6r\u0259, \u0130sa m\u0259sih \u00f6z \u00f6l\u00fcm\u00fcnd\u0259n dirilm\u0259mi\u015fd\u0259n \u0259vv\u0259l b\u0259\u015f\u0259riyy\u0259tin g\u00fcnahlar\u0131 \u00fc\u00e7\u00fcn \u00e7arm\u0131xa \u00e7\u0259kilmi\u015f Allah\u0131n O\u011flu idi. Bildirilir ki, \u0130sa pey\u011f\u0259mb\u0259r t\u0259xmin\u0259n eram\u0131zdan \u0259vv\u0259l 4-c\u00fc ild\u0259 d\u00fcnyaya g\u0259lib. Xristian inanc\u0131na g\u00f6r\u0259, \u0130sa pey\u011f\u0259mb\u0259r insanlara sad\u0259c\u0259 toxunmaqla v\u0259 ya onlarla dan\u0131\u015fmaqla m\u00fcxt\u0259lif x\u0259st\u0259likl\u0259ri sa\u011faltmaq kimi f\u00f6vq\u0259lt\u0259bii x\u00fcsusiyy\u0259tl\u0259r\u0259 malik olub. \u0130sa M\u0259sihin do\u011fulmas\u0131 g\u00fcn\u0259 qay\u0131daq. \u018fks\u0259r aliml\u0259r \u0130sa pey\u011f\u0259mb\u0259rin m\u0259hz eram\u0131z\u0131n&hellip;<\/p>\n","protected":false},"author":2,"featured_media":675922,"comment_status":"closed","ping_status":"closed","sticky":false,"template":"","format":"standard","meta":{"om_disable_all_campaigns":false,"_monsterinsights_skip_tracking":false,"_monsterinsights_sitenote_active":false,"_monsterinsights_sitenote_note":"","_monsterinsights_sitenote_category":0},"categories":[1],"tags":[],"aioseo_notices":[],"gutentor_comment":0,"rttpg_featured_image_url":{"full":["https:\/\/arantv.az\/wp-content\/uploads\/2023\/12\/jesus-christ-cross-god.jpg",620,413,false],"landscape":["https:\/\/arantv.az\/wp-content\/uploads\/2023\/12\/jesus-christ-cross-god.jpg",620,413,false],"portraits":["https:\/\/arantv.az\/wp-content\/uploads\/2023\/12\/jesus-christ-cross-god.jpg",620,413,false],"thumbnail":["https:\/\/arantv.az\/wp-content\/uploads\/2023\/12\/jesus-christ-cross-god-500x280.jpg",500,280,true],"medium":["https:\/\/arantv.az\/wp-content\/uploads\/2023\/12\/jesus-christ-cross-god-548x365.jpg",548,365,true],"large":["https:\/\/arantv.az\/wp-content\/uploads\/2023\/12\/jesus-christ-cross-god.jpg",620,413,false],"1536x1536":["https:\/\/arantv.az\/wp-content\/uploads\/2023\/12\/jesus-christ-cross-god.jpg",620,413,false],"2048x2048":["https:\/\/arantv.az\/wp-content\/uploads\/2023\/12\/jesus-christ-cross-god.jpg",620,413,false],"post-thumbnail":["https:\/\/arantv.az\/wp-content\/uploads\/2023\/12\/jesus-christ-cross-god-240x172.jpg",240,172,true],"advps-thumb-one":["https:\/\/arantv.az\/wp-content\/uploads\/2023\/12\/jesus-christ-cross-god.jpg",620,413,false]},"rttpg_author":{"display_name":"V\u00fcsal Rafiqo\u011flu","author_link":"https:\/\/arantv.az\/?author=2"},"rttpg_comment":0,"rttpg_category":"<a href=\"https:\/\/arantv.az\/?cat=1\" rel=\"category\">C\u0259miyy\u0259t<\/a>","rttpg_excerpt":"Milyonlarla insan dekabr\u0131n 25-ni Milad bayram\u0131 kimi qeyd edir. Bu, \u0130sa pey\u011f\u0259mb\u0259rin do\u011fulmas\u0131 il\u0259 \u0259laq\u0259dar ke\u00e7iril\u0259n bayramd\u0131r. Bununla bel\u0259, \u0130sa pey\u011f\u0259mb\u0259rin do\u011fulmas\u0131 il\u0259 ba\u011fl\u0131 aliml\u0259rin fikri yekdil deyil. \u0130ncil\u0259 v\u0259 erk\u0259n xristian yaz\u0131lar\u0131na g\u00f6r\u0259, \u0130sa m\u0259sih \u00f6z \u00f6l\u00fcm\u00fcnd\u0259n dirilm\u0259mi\u015fd\u0259n \u0259vv\u0259l b\u0259\u015f\u0259riyy\u0259tin g\u00fcnahlar\u0131 \u00fc\u00e7\u00fcn \u00e7arm\u0131xa \u00e7\u0259kilmi\u015f Allah\u0131n O\u011flu idi. Bildirilir ki, \u0130sa pey\u011f\u0259mb\u0259r t\u0259xmin\u0259n eram\u0131zdan \u0259vv\u0259l&hellip;","_links":{"self":[{"href":"https:\/\/arantv.az\/index.php?rest_route=\/wp\/v2\/posts\/675921"}],"collection":[{"href":"https:\/\/arantv.az\/index.php?rest_route=\/wp\/v2\/posts"}],"about":[{"href":"https:\/\/arantv.az\/index.php?rest_route=\/wp\/v2\/types\/post"}],"author":[{"embeddable":true,"href":"https:\/\/arantv.az\/index.php?rest_route=\/wp\/v2\/users\/2"}],"replies":[{"embeddable":true,"href":"https:\/\/arantv.az\/index.php?rest_route=%2Fwp%2Fv2%2Fcomments&post=675921"}],"version-history":[{"count":0,"href":"https:\/\/arantv.az\/index.php?rest_route=\/wp\/v2\/posts\/675921\/revisions"}],"wp:featuredmedia":[{"embeddable":true,"href":"https:\/\/arantv.az\/index.php?rest_route=\/wp\/v2\/media\/675922"}],"wp:attachment":[{"href":"https:\/\/arantv.az\/index.php?rest_route=%2Fwp%2Fv2%2Fmedia&parent=675921"}],"wp:term":[{"taxonomy":"category","embeddable":true,"href":"https:\/\/arantv.az\/index.php?rest_route=%2Fwp%2Fv2%2Fcategories&post=675921"},{"taxonomy":"post_tag","embeddable":true,"href":"https:\/\/arantv.az\/index.php?rest_route=%2Fwp%2Fv2%2Ftags&post=675921"}],"curies":[{"name":"wp","href":"https:\/\/api.w.org\/{rel}","templated":true}]}}