{"id":676966,"date":"2024-01-05T21:53:32","date_gmt":"2024-01-05T17:53:32","guid":{"rendered":"https:\/\/arantv.az\/?p=676966"},"modified":"2024-01-05T21:53:32","modified_gmt":"2024-01-05T17:53:32","slug":"q%c9%99rbi-az%c9%99rbaycan-xronikasi-atam-itkin-dus%c9%99n-bacisini-1962-ci-ild%c9%99-turkiy%c9%99d%c9%99-tapdi-video","status":"publish","type":"post","link":"https:\/\/arantv.az\/?p=676966","title":{"rendered":"Q\u0259rbi Az\u0259rbaycan Xronikas\u0131: \u201cAtam itkin d\u00fc\u015f\u0259n bac\u0131s\u0131n\u0131 1962-ci ild\u0259 T\u00fcrkiy\u0259d\u0259 tapd\u0131\u201d &#8211; V\u0130DEO"},"content":{"rendered":"<article class=\"news\">\n<div class=\"news-inner\">\n<p>Q\u0259rbi Az\u0259rbaycan Xronikas\u0131 layih\u0259si \u00e7\u0259r\u00e7iv\u0259sind\u0259 n\u00f6vb\u0259ti analitik s\u00fcjet haz\u0131rlan\u0131b.<\/p>\n<p><strong>ARANTV.AZ <\/strong>\u00a0x\u0259b\u0259r verir ki, \u201cQ\u0259rbi Az\u0259rbaycan m\u0259s\u0259l\u0259si beyn\u0259lxalq g\u00fcnd\u0259m\u0259 daxil edildi\u201d adl\u0131 s\u00fcjetd\u0259 Prezident\u00a0<strong>\u0130lham \u018fliyevin<\/strong>\u00a0\u00f6t\u0259n il dekabr\u0131n 24-d\u0259 Q\u0259rbi Az\u0259rbaycan \u0130cmas\u0131n\u0131n inzibati binas\u0131n\u0131n a\u00e7\u0131l\u0131\u015f\u0131 zaman\u0131 az\u0259rbaycanl\u0131lar\u0131n \u00f6z tarixi yurdlar\u0131na qay\u0131dacaqlar\u0131 il\u0259 ba\u011fl\u0131 s\u00f6yl\u0259diyi fikirl\u0259rd\u0259n, Q\u0259rbi Az\u0259rbaycan \u0130cmas\u0131n\u0131n beyn\u0259lxalq t\u0259\u015fkilatlara \u00fcnvanland\u0131\u011f\u0131 m\u0259ktublara veril\u0259n cavablardan sonra\u00a0 Erm\u0259nistan m\u0259tbuat\u0131nda yay\u0131lan m\u0259lumatlardan b\u0259hs olunur.<\/p>\n<p>Bildirilir ki, d\u00f6vl\u0259t ba\u015f\u00e7\u0131s\u0131 Q\u0259rbi Az\u0259rbaycana qay\u0131d\u0131\u015fla ba\u011fl\u0131 prioritet h\u0259d\u0259fl\u0259ri m\u00fc\u0259yy\u0259nl\u0259\u015fdirib: \u201cBu h\u0259d\u0259fl\u0259rd\u0259n \u0259n vacibi Q\u0259rbi Az\u0259rbaycana qay\u0131d\u0131\u015f\u0131n &#8211; tarixi \u0259dal\u0259tin b\u0259rpa edilm\u0259sinin beyn\u0259lxalq g\u00fcnd\u0259m\u0259 \u00e7\u0131xar\u0131lmas\u0131 v\u0259 q\u0259bul etdirilm\u0259si idi. 2023-c\u00fc ild\u0259 az\u0259rbaycanl\u0131lar\u0131n tarixi yurduna qay\u0131d\u0131\u015f\u0131 istiqam\u0259tind\u0259 g\u00f6r\u00fcl\u0259n i\u015fl\u0259r Q\u0259rbi Az\u0259rbaycan m\u0259s\u0259l\u0259sinin art\u0131q beyn\u0259lxalq g\u00fcnd\u0259md\u0259 q\u0259bul edilm\u0259si il\u0259 n\u0259tic\u0259l\u0259ndiyini dem\u0259y\u0259 \u0259sas verir\u201d.<\/p>\n<p>Diqq\u0259t\u0259 \u00e7atd\u0131r\u0131l\u0131r ki, Q\u0259rbi Az\u0259rbaycan \u0130cmas\u0131n\u0131n BMT Ba\u015f Assambleyan\u0131n v\u0259 T\u0259h\u00fck\u0259sizlik \u015euras\u0131n\u0131n \u00fczvl\u0259rin\u0259, UNESCO-nun Ba\u015f direktoruna, BMT-nin Ba\u015f katibin\u0259, BMT-nin \u0130nsan H\u00fcquqlar\u0131 \u00fczr\u0259 Ali Kommissar\u0131na \u00fcnvanland\u0131\u011f\u0131 m\u0259ktublara veril\u0259n cavablardan sonra \u00a0Erm\u0259nistan medias\u0131nda m\u00fcxt\u0259lif m\u0259lumatlar yay\u0131l\u0131b: \u201cAravot\u201d q\u0259zetinin d\u0259rc etdiyi m\u0259lumatda deyilir ki, UNESCO Erm\u0259nistan Xarici \u0130\u015fl\u0259r Nazirliyin\u0259 Q\u0259rbi Az\u0259rbaycanda abid\u0259l\u0259rin da\u011f\u0131d\u0131lmas\u0131 il\u0259 ba\u011fl\u0131 s\u0259n\u0259d g\u00f6nd\u0259rib. Bu faktla r\u0259smi Bak\u0131 art\u0131q Q\u0259rbi Az\u0259rbaycanla ba\u011fl\u0131 prosesi beyn\u0259lxalq m\u00fcst\u0259viy\u0259 ke\u00e7irib v\u0259 Erm\u0259nistan h\u00f6kum\u0259ti qoyulan t\u0259l\u0259bl\u0259r qar\u015f\u0131s\u0131nda geri \u00e7\u0259kilir. Erm\u0259ni etnoqraf Hranu\u015f Xaratyan is\u0259 bildirir ki, Erm\u0259nistan Xarici \u0130\u015fl\u0259r Nazirliyinin Q\u0259rbi Az\u0259rbaycanla ba\u011fl\u0131 s\u0259n\u0259di q\u0259bul etm\u0259si r\u0259smi \u0130r\u0259van\u0131n az\u0259rbaycanl\u0131lar\u0131n qay\u0131d\u0131\u015f\u0131 m\u0259s\u0259l\u0259si il\u0259 raz\u0131la\u015fmas\u0131n\u0131n g\u00f6st\u0259ricisidir.<\/p>\n<p>Erm\u0259ni diasporunun f\u0259allar\u0131ndan olan Harut Sasunyan da BMT Komit\u0259sinin Erm\u0259nistan qar\u015f\u0131s\u0131nda qald\u0131rd\u0131\u011f\u0131 t\u0259l\u0259bl\u0259rin r\u0259smi Bak\u0131n\u0131n Q\u0259rbi Az\u0259rbaycan strategiyas\u0131nda ir\u0259liy\u0259 do\u011fru at\u0131lm\u0131\u015f m\u00fch\u00fcm add\u0131m oldu\u011funu s\u00f6yl\u0259yir\u201d.<\/p>\n<p>Sonda vur\u011fulan\u0131r ki, b\u00fct\u00fcn bunlar 2023-c\u00fc ild\u0259 qa\u00e7q\u0131nlar\u0131n Q\u0259rbi Az\u0259rbaycana qay\u0131d\u0131\u015f\u0131 h\u0259d\u0259find\u0259 m\u00fch\u00fcm n\u0259tic\u0259l\u0259rin \u0259ld\u0259 edildiyini dem\u0259y\u0259 \u0259sas verir: \u201cBu u\u011furlar x\u00fcsusil\u0259 iki apsektd\u0259 \u0259h\u0259miyy\u0259tlidir. Birincisi, Q\u0259rbi Az\u0259rbaycan m\u0259s\u0259l\u0259si art\u0131q beyn\u0259lxalq ictimaiyy\u0259tin g\u00fcnd\u0259min\u0259 daxil edilib. \u0130kincisi, BMT ba\u015fda olmaqla beyn\u0259lxalq t\u0259\u015fkilatlar Q\u0259rbi Az\u0259rbaycanda az\u0259rbaycanl\u0131lara m\u0259xsus maddi-m\u0259d\u0259ni irsin qorunmas\u0131, el\u0259c\u0259 d\u0259 qa\u00e7q\u0131nlar\u0131n h\u00fcquq v\u0259 t\u0259hl\u00fck\u0259sizliyinin t\u0259min edilm\u0259si il\u0259 ba\u011fl\u0131 Erm\u0259nistan qar\u015f\u0131s\u0131nda t\u0259l\u0259bl\u0259r qald\u0131r\u0131r. \u00dc\u00e7\u00fcnc\u00fcs\u00fc, az\u0259rbaycanl\u0131lar\u0131n \u00f6z do\u011fma evl\u0259rin\u0259 qay\u0131d\u0131\u015f\u0131 il\u0259 ba\u011fl\u0131 beyn\u0259lxalq s\u0259viyy\u0259d\u0259 h\u00fcquqi \u0259saslar yarad\u0131l\u0131r v\u0259 bu, r\u0259smi \u0130r\u0259van qar\u015f\u0131s\u0131nda qald\u0131r\u0131lan Q\u0259rbi Az\u0259rbaycan m\u0259s\u0259l\u0259sind\u0259 r\u0259smi Bak\u0131n\u0131n \u0259lini g\u00fccl\u0259ndir\u0259n faktordur. \u018fld\u0259 edil\u0259n n\u0259tic\u0259l\u0259r h\u0259m d\u0259 onu g\u00f6st\u0259rir ki, az\u0259rbaycanl\u0131lar\u0131n \u00f6z evl\u0259rin\u0259 qay\u0131d\u0131\u015f\u0131 yax\u0131n perspektivd\u0259 ba\u015f ver\u0259 bil\u0259r\u201d.<\/p>\n<p>Xat\u0131rladaq ki, Q\u0259rbi Az\u0259rbaycan Xronikas\u0131 layih\u0259sinin m\u0259qs\u0259di tarixi q\u0259dim torpaqlar\u0131m\u0131z\u0131n ad\u0131n\u0131n ya\u015fad\u0131lmas\u0131, tan\u0131d\u0131lmas\u0131, h\u0259m\u00e7inin az\u0259rbaycanl\u0131lar\u0131n erm\u0259nil\u0259r t\u0259r\u0259find\u0259n deportasiyaya m\u0259ruz qoyulmas\u0131ndan, h\u0259min \u0259razil\u0259rd\u0259 m\u00f6vcud olmu\u015f, lakin ad\u0131 silin\u0259n toponiml\u0259rin, says\u0131z-hesabs\u0131z yeralt\u0131 v\u0259 yer\u00fcst\u00fc maddi m\u0259d\u0259niyy\u0259t n\u00fcmun\u0259l\u0259ri \u2013 q\u0259dim ya\u015fay\u0131\u015f m\u0259sk\u0259nl\u0259ri, nekropollar, kurqanlar, qala, saray v\u0259 istehkam qal\u0131qlar\u0131, karvansaralar, k\u00f6rp\u00fcl\u0259r, q\u0259bir\u00fcst\u00fc s\u0259nduq\u0259l\u0259r, xa\u00e7da\u015flar, at-qo\u00e7 heyk\u0259ll\u0259ri, m\u0259b\u0259d, kils\u0259, m\u0259scid, pir v\u0259 ocaqlar\u0131n \u00fcz\u0259 \u00e7\u0131xar\u0131lmas\u0131, h\u0259min \u0259razinin t\u0259miz o\u011fuz-t\u00fcrk m\u0259sk\u0259nl\u0259ri oldu\u011funu t\u0259sdiq ed\u0259n faktlar\u0131n d\u00fcnya ictimaiyy\u0259tin\u0259 \u00e7atd\u0131r\u0131lmas\u0131d\u0131r.<\/p>\n<p>H\u0259m\u00e7inin Prezident \u0130lham \u018fliyevin Q\u0259rbi Az\u0259rbaycanla ba\u011fl\u0131 dediyi \u201cXX \u0259srin \u0259vv\u0259ll\u0259rin\u0259 t\u0259sad\u00fcf ed\u0259n x\u0259rit\u0259 bir daha onu g\u00f6st\u0259rir ki, Q\u0259rbi Az\u0259rbaycan tarixi Az\u0259rbaycan diyar\u0131d\u0131r, \u015f\u0259h\u0259rl\u0259rin, k\u0259ndl\u0259rin adlar\u0131 Az\u0259rbaycan m\u0259n\u015f\u0259lidir v\u0259 biz yax\u015f\u0131 bilirik ki, indiki Erm\u0259nistan \u0259razisind\u0259 tarix boyu Az\u0259rbaycan xalq\u0131 ya\u015fay\u0131b. \u0130ndi \u0259sas v\u0259zif\u0259 ondan ibar\u0259tdir ki, d\u00fcnya ictimaiyy\u0259ti d\u0259 bunu bilsin\u201d, \u2013 fikrini \u0259sas tutaraq Q\u0259rbi Az\u0259rbaycan \u0130cmas\u0131n\u0131n haz\u0131rlad\u0131\u011f\u0131 Qay\u0131d\u0131\u015f Konsepsiyas\u0131nda ir\u0259li g\u0259l\u0259n v\u0259zif\u0259l\u0259rin t\u0259bli\u011fidir.<\/p>\n<p>Bundan \u0259lav\u0259, Q\u0259rbi Az\u0259rbaycanla ba\u011fl\u0131 tarix\u00e7il\u0259rin, ara\u015fd\u0131rma\u00e7\u0131lar\u0131n d\u00fc\u015f\u00fcnc\u0259l\u0259rini, deportasiyaya m\u0259ruz qalm\u0131\u015f \u015f\u0259xsl\u0259rin h\u0259yat hekay\u0259sini i\u015f\u0131qland\u0131rmaqd\u0131r.<\/p>\n<div><iframe loading=\"lazy\" title=\"YouTube video player\" src=\"https:\/\/www.youtube.com\/embed\/GsHIbV0O6pA?si=BrxrXKkdvCrHAzXh\" width=\"560\" height=\"315\" frameborder=\"0\" allowfullscreen=\"allowfullscreen\" data-mce-fragment=\"1\"><\/iframe><\/div>\n<\/div>\n<\/article>\n","protected":false},"excerpt":{"rendered":"<p>Q\u0259rbi Az\u0259rbaycan Xronikas\u0131 layih\u0259si \u00e7\u0259r\u00e7iv\u0259sind\u0259 n\u00f6vb\u0259ti analitik s\u00fcjet haz\u0131rlan\u0131b. ARANTV.AZ \u00a0x\u0259b\u0259r verir ki, \u201cQ\u0259rbi Az\u0259rbaycan m\u0259s\u0259l\u0259si beyn\u0259lxalq g\u00fcnd\u0259m\u0259 daxil edildi\u201d adl\u0131 s\u00fcjetd\u0259 Prezident\u00a0\u0130lham \u018fliyevin\u00a0\u00f6t\u0259n il dekabr\u0131n 24-d\u0259 Q\u0259rbi Az\u0259rbaycan \u0130cmas\u0131n\u0131n inzibati binas\u0131n\u0131n a\u00e7\u0131l\u0131\u015f\u0131 zaman\u0131 az\u0259rbaycanl\u0131lar\u0131n \u00f6z tarixi yurdlar\u0131na qay\u0131dacaqlar\u0131 il\u0259 ba\u011fl\u0131 s\u00f6yl\u0259diyi fikirl\u0259rd\u0259n, Q\u0259rbi Az\u0259rbaycan \u0130cmas\u0131n\u0131n beyn\u0259lxalq t\u0259\u015fkilatlara \u00fcnvanland\u0131\u011f\u0131 m\u0259ktublara veril\u0259n cavablardan sonra\u00a0 Erm\u0259nistan m\u0259tbuat\u0131nda yay\u0131lan m\u0259lumatlardan b\u0259hs olunur. Bildirilir ki, d\u00f6vl\u0259t ba\u015f\u00e7\u0131s\u0131 Q\u0259rbi Az\u0259rbaycana qay\u0131d\u0131\u015fla ba\u011fl\u0131 prioritet h\u0259d\u0259fl\u0259ri m\u00fc\u0259yy\u0259nl\u0259\u015fdirib: \u201cBu h\u0259d\u0259fl\u0259rd\u0259n \u0259n vacibi Q\u0259rbi Az\u0259rbaycana qay\u0131d\u0131\u015f\u0131n &#8211; tarixi \u0259dal\u0259tin b\u0259rpa edilm\u0259sinin beyn\u0259lxalq g\u00fcnd\u0259m\u0259 \u00e7\u0131xar\u0131lmas\u0131 v\u0259 q\u0259bul etdirilm\u0259si idi. 2023-c\u00fc&hellip;<\/p>\n","protected":false},"author":2,"featured_media":676967,"comment_status":"closed","ping_status":"closed","sticky":false,"template":"","format":"standard","meta":{"om_disable_all_campaigns":false,"_monsterinsights_skip_tracking":false,"_monsterinsights_sitenote_active":false,"_monsterinsights_sitenote_note":"","_monsterinsights_sitenote_category":0},"categories":[4],"tags":[],"aioseo_notices":[],"gutentor_comment":0,"rttpg_featured_image_url":{"full":["https:\/\/arantv.az\/wp-content\/uploads\/2024\/01\/FotoJet-2024-01-05T211303.727.jpg",620,413,false],"landscape":["https:\/\/arantv.az\/wp-content\/uploads\/2024\/01\/FotoJet-2024-01-05T211303.727.jpg",620,413,false],"portraits":["https:\/\/arantv.az\/wp-content\/uploads\/2024\/01\/FotoJet-2024-01-05T211303.727.jpg",620,413,false],"thumbnail":["https:\/\/arantv.az\/wp-content\/uploads\/2024\/01\/FotoJet-2024-01-05T211303.727-500x280.jpg",500,280,true],"medium":["https:\/\/arantv.az\/wp-content\/uploads\/2024\/01\/FotoJet-2024-01-05T211303.727-548x365.jpg",548,365,true],"large":["https:\/\/arantv.az\/wp-content\/uploads\/2024\/01\/FotoJet-2024-01-05T211303.727.jpg",620,413,false],"1536x1536":["https:\/\/arantv.az\/wp-content\/uploads\/2024\/01\/FotoJet-2024-01-05T211303.727.jpg",620,413,false],"2048x2048":["https:\/\/arantv.az\/wp-content\/uploads\/2024\/01\/FotoJet-2024-01-05T211303.727.jpg",620,413,false],"post-thumbnail":["https:\/\/arantv.az\/wp-content\/uploads\/2024\/01\/FotoJet-2024-01-05T211303.727-240x172.jpg",240,172,true],"advps-thumb-one":["https:\/\/arantv.az\/wp-content\/uploads\/2024\/01\/FotoJet-2024-01-05T211303.727.jpg",620,413,false]},"rttpg_author":{"display_name":"V\u00fcsal Rafiqo\u011flu","author_link":"https:\/\/arantv.az\/?author=2"},"rttpg_comment":0,"rttpg_category":"<a href=\"https:\/\/arantv.az\/?cat=4\" rel=\"category\">Siyas\u0259t<\/a>","rttpg_excerpt":"Q\u0259rbi Az\u0259rbaycan Xronikas\u0131 layih\u0259si \u00e7\u0259r\u00e7iv\u0259sind\u0259 n\u00f6vb\u0259ti analitik s\u00fcjet haz\u0131rlan\u0131b. ARANTV.AZ \u00a0x\u0259b\u0259r verir ki, \u201cQ\u0259rbi Az\u0259rbaycan m\u0259s\u0259l\u0259si beyn\u0259lxalq g\u00fcnd\u0259m\u0259 daxil edildi\u201d adl\u0131 s\u00fcjetd\u0259 Prezident\u00a0\u0130lham \u018fliyevin\u00a0\u00f6t\u0259n il dekabr\u0131n 24-d\u0259 Q\u0259rbi Az\u0259rbaycan \u0130cmas\u0131n\u0131n inzibati binas\u0131n\u0131n a\u00e7\u0131l\u0131\u015f\u0131 zaman\u0131 az\u0259rbaycanl\u0131lar\u0131n \u00f6z tarixi yurdlar\u0131na qay\u0131dacaqlar\u0131 il\u0259 ba\u011fl\u0131 s\u00f6yl\u0259diyi fikirl\u0259rd\u0259n, Q\u0259rbi Az\u0259rbaycan \u0130cmas\u0131n\u0131n beyn\u0259lxalq t\u0259\u015fkilatlara \u00fcnvanland\u0131\u011f\u0131 m\u0259ktublara veril\u0259n cavablardan sonra\u00a0 Erm\u0259nistan m\u0259tbuat\u0131nda&hellip;","_links":{"self":[{"href":"https:\/\/arantv.az\/index.php?rest_route=\/wp\/v2\/posts\/676966"}],"collection":[{"href":"https:\/\/arantv.az\/index.php?rest_route=\/wp\/v2\/posts"}],"about":[{"href":"https:\/\/arantv.az\/index.php?rest_route=\/wp\/v2\/types\/post"}],"author":[{"embeddable":true,"href":"https:\/\/arantv.az\/index.php?rest_route=\/wp\/v2\/users\/2"}],"replies":[{"embeddable":true,"href":"https:\/\/arantv.az\/index.php?rest_route=%2Fwp%2Fv2%2Fcomments&post=676966"}],"version-history":[{"count":0,"href":"https:\/\/arantv.az\/index.php?rest_route=\/wp\/v2\/posts\/676966\/revisions"}],"wp:featuredmedia":[{"embeddable":true,"href":"https:\/\/arantv.az\/index.php?rest_route=\/wp\/v2\/media\/676967"}],"wp:attachment":[{"href":"https:\/\/arantv.az\/index.php?rest_route=%2Fwp%2Fv2%2Fmedia&parent=676966"}],"wp:term":[{"taxonomy":"category","embeddable":true,"href":"https:\/\/arantv.az\/index.php?rest_route=%2Fwp%2Fv2%2Fcategories&post=676966"},{"taxonomy":"post_tag","embeddable":true,"href":"https:\/\/arantv.az\/index.php?rest_route=%2Fwp%2Fv2%2Ftags&post=676966"}],"curies":[{"name":"wp","href":"https:\/\/api.w.org\/{rel}","templated":true}]}}