{"id":676969,"date":"2024-01-05T21:55:18","date_gmt":"2024-01-05T17:55:18","guid":{"rendered":"https:\/\/arantv.az\/?p=676969"},"modified":"2024-01-05T21:55:18","modified_gmt":"2024-01-05T17:55:18","slug":"leyla-%c9%99liyeva-laza-k%c9%99ndind%c9%99-fotolar","status":"publish","type":"post","link":"https:\/\/arantv.az\/?p=676969","title":{"rendered":"Leyla \u018fliyeva Laza k\u0259ndind\u0259 &#8211; Fotolar"},"content":{"rendered":"<p><strong>Heyd\u0259r \u018fliyev Fondunun vitse-prezidenti Leyla \u018fliyeva Qusar\u0131n Laza k\u0259ndin\u0259 gedib.<\/strong><\/p>\n<p><strong>ARANTV.AZ<\/strong> x\u0259b\u0259r verir ki, L.\u018fliyeva bununla ba\u011fl\u0131 sosial \u015f\u0259b\u0259k\u0259d\u0259 payla\u015f\u0131m edib.<\/p>\n<p>H\u0259min fotolar\u0131 t\u0259qdim edirik:<\/p>\n<div class=\"site-left-rub-bosluq_orta\"><\/div>\n<p><a href=\"https:\/\/axsam.az\/showpic_el100.jpg?yol=pe0NrgXn8WjBSAVIlUc0oweVqD8XfbVcwlTsXERcib2aqdwYvAC011wUSt%2B4pAR0rH%2FolDNxbO8mbdLD%2Fnwvxw%3D%3D\" target=\"_blank\" rel=\"noopener\"><img class=\"glr\" src=\"https:\/\/axsam.az\/showpic_el100.jpg?yol=pe0NrgXn8WjBSAVIlUc0oweVqD8XfbVcwlTsXERcib2aqdwYvAC011wUSt%2B4pAR0rH%2FolDNxbO8mbdLD%2Fnwvxw%3D%3D\" \/><\/a><a href=\"https:\/\/axsam.az\/showpic_el100.jpg?yol=CYdDQW2UbN%2F0jOtQsODNeXRq3BtggPUqv%2BMQLK6m%2Fh7fTf6TzIbmPgrHZDl%2FZo6%2B5pJnilo4fnn7BLv1ofL1eQ%3D%3D\" target=\"_blank\" rel=\"noopener\"><img class=\"glr\" src=\"https:\/\/axsam.az\/showpic_el100.jpg?yol=CYdDQW2UbN%2F0jOtQsODNeXRq3BtggPUqv%2BMQLK6m%2Fh7fTf6TzIbmPgrHZDl%2FZo6%2B5pJnilo4fnn7BLv1ofL1eQ%3D%3D\" \/><\/a><a href=\"https:\/\/axsam.az\/showpic_el100.jpg?yol=3tyFxVUEm%2Fw2Bi5ku%2Bh6%2Bg1GqLVpOhb9jkhoPHrNgVfKDtFYytfWRfdg04mdKL5v4rWy2xCL2eQu%2FufVHkWLMw%3D%3D\" target=\"_blank\" rel=\"noopener\"><img class=\"glr\" src=\"https:\/\/axsam.az\/showpic_el100.jpg?yol=3tyFxVUEm%2Fw2Bi5ku%2Bh6%2Bg1GqLVpOhb9jkhoPHrNgVfKDtFYytfWRfdg04mdKL5v4rWy2xCL2eQu%2FufVHkWLMw%3D%3D\" \/><\/a><a href=\"https:\/\/axsam.az\/showpic_el100.jpg?yol=MXmnAVzNVbisN3FdiPSAV1CQhvteZvrb0R3AcuWdTjT87lX3xY9TgA6pUdsghdKHtOk55je062hwdyEYVByCYw%3D%3D\" target=\"_blank\" rel=\"noopener\"><img class=\"glr\" src=\"https:\/\/axsam.az\/showpic_el100.jpg?yol=MXmnAVzNVbisN3FdiPSAV1CQhvteZvrb0R3AcuWdTjT87lX3xY9TgA6pUdsghdKHtOk55je062hwdyEYVByCYw%3D%3D\" \/><\/a><a href=\"https:\/\/axsam.az\/showpic_el100.jpg?yol=BrRVk3SJuNdlNhNce1Uo4VK9NTqd9LcUm6iWEwThEzV3GMZU8og9DgxwJCMFsPm1QiTOvTT56hr7xb5vwv6YEQ%3D%3D\" target=\"_blank\" rel=\"noopener\"><img class=\"glr\" src=\"https:\/\/axsam.az\/showpic_el100.jpg?yol=BrRVk3SJuNdlNhNce1Uo4VK9NTqd9LcUm6iWEwThEzV3GMZU8og9DgxwJCMFsPm1QiTOvTT56hr7xb5vwv6YEQ%3D%3D\" \/><\/a><a href=\"https:\/\/axsam.az\/showpic_el100.jpg?yol=xI22udufI%2FP4wMYNIGvvbOzxu7ZgsejuasaXfmKBVivKGp5jYF%2Ba4sRy1wgO91Rr7m93mv3JThhjQzoBQr2GMQ%3D%3D\" target=\"_blank\" rel=\"noopener\"><img class=\"glr\" src=\"https:\/\/axsam.az\/showpic_el100.jpg?yol=xI22udufI%2FP4wMYNIGvvbOzxu7ZgsejuasaXfmKBVivKGp5jYF%2Ba4sRy1wgO91Rr7m93mv3JThhjQzoBQr2GMQ%3D%3D\" \/><\/a><a href=\"https:\/\/axsam.az\/showpic_el100.jpg?yol=Dy0UvGpJ4fl2ly58d3ikaXWfomiOIyz9VNR0y7EjwLh2ETHzm0YcDRUs%2BEoHEkH4fko3Ve5NKHnR44vTj12ggQ%3D%3D\" target=\"_blank\" rel=\"noopener\"><img class=\"glr\" src=\"https:\/\/axsam.az\/showpic_el100.jpg?yol=Dy0UvGpJ4fl2ly58d3ikaXWfomiOIyz9VNR0y7EjwLh2ETHzm0YcDRUs%2BEoHEkH4fko3Ve5NKHnR44vTj12ggQ%3D%3D\" \/><\/a><a href=\"https:\/\/axsam.az\/showpic_el100.jpg?yol=d0vWcDIxRwrePRZI81He6MMwmoXT6KbWb10jGdZE1BQ2XIT4ZNyIJ3uV2Ak6LflUdts0tDxj%2FOBuMKrphApAfg%3D%3D\" target=\"_blank\" rel=\"noopener\"><img class=\"glr\" src=\"https:\/\/axsam.az\/showpic_el100.jpg?yol=d0vWcDIxRwrePRZI81He6MMwmoXT6KbWb10jGdZE1BQ2XIT4ZNyIJ3uV2Ak6LflUdts0tDxj%2FOBuMKrphApAfg%3D%3D\" \/><\/a><a href=\"https:\/\/axsam.az\/showpic_el100.jpg?yol=66G%2F4j9lfCtiaa4ybHduM7KzuSAhzecnj0X7XWSLjz7pXOr9KEpYQ9CXAqmCnZJUPRU98qAFQEe2AgLsA9XUgA%3D%3D\" target=\"_blank\" rel=\"noopener\"><img class=\"glr\" src=\"https:\/\/axsam.az\/showpic_el100.jpg?yol=66G%2F4j9lfCtiaa4ybHduM7KzuSAhzecnj0X7XWSLjz7pXOr9KEpYQ9CXAqmCnZJUPRU98qAFQEe2AgLsA9XUgA%3D%3D\" \/><\/a><\/p>\n","protected":false},"excerpt":{"rendered":"<p>Heyd\u0259r \u018fliyev Fondunun vitse-prezidenti Leyla \u018fliyeva Qusar\u0131n Laza k\u0259ndin\u0259 gedib. ARANTV.AZ x\u0259b\u0259r verir ki, L.\u018fliyeva bununla ba\u011fl\u0131 sosial \u015f\u0259b\u0259k\u0259d\u0259 payla\u015f\u0131m edib. H\u0259min fotolar\u0131 t\u0259qdim edirik:<\/p>\n","protected":false},"author":2,"featured_media":676970,"comment_status":"closed","ping_status":"closed","sticky":false,"template":"","format":"standard","meta":{"om_disable_all_campaigns":false,"_monsterinsights_skip_tracking":false,"_monsterinsights_sitenote_active":false,"_monsterinsights_sitenote_note":"","_monsterinsights_sitenote_category":0},"categories":[1],"tags":[],"aioseo_notices":[],"gutentor_comment":0,"rttpg_featured_image_url":{"full":["https:\/\/arantv.az\/wp-content\/uploads\/2024\/01\/271187_vzpkepsn89.jpg",1000,617,false],"landscape":["https:\/\/arantv.az\/wp-content\/uploads\/2024\/01\/271187_vzpkepsn89.jpg",1000,617,false],"portraits":["https:\/\/arantv.az\/wp-content\/uploads\/2024\/01\/271187_vzpkepsn89.jpg",1000,617,false],"thumbnail":["https:\/\/arantv.az\/wp-content\/uploads\/2024\/01\/271187_vzpkepsn89-500x280.jpg",500,280,true],"medium":["https:\/\/arantv.az\/wp-content\/uploads\/2024\/01\/271187_vzpkepsn89-592x365.jpg",592,365,true],"large":["https:\/\/arantv.az\/wp-content\/uploads\/2024\/01\/271187_vzpkepsn89-840x518.jpg",640,395,true],"1536x1536":["https:\/\/arantv.az\/wp-content\/uploads\/2024\/01\/271187_vzpkepsn89.jpg",1000,617,false],"2048x2048":["https:\/\/arantv.az\/wp-content\/uploads\/2024\/01\/271187_vzpkepsn89.jpg",1000,617,false],"post-thumbnail":["https:\/\/arantv.az\/wp-content\/uploads\/2024\/01\/271187_vzpkepsn89-240x172.jpg",240,172,true],"advps-thumb-one":["https:\/\/arantv.az\/wp-content\/uploads\/2024\/01\/271187_vzpkepsn89.jpg",1000,617,false]},"rttpg_author":{"display_name":"V\u00fcsal Rafiqo\u011flu","author_link":"https:\/\/arantv.az\/?author=2"},"rttpg_comment":0,"rttpg_category":"<a href=\"https:\/\/arantv.az\/?cat=1\" rel=\"category\">C\u0259miyy\u0259t<\/a>","rttpg_excerpt":"Heyd\u0259r \u018fliyev Fondunun vitse-prezidenti Leyla \u018fliyeva Qusar\u0131n Laza k\u0259ndin\u0259 gedib. ARANTV.AZ x\u0259b\u0259r verir ki, L.\u018fliyeva bununla ba\u011fl\u0131 sosial \u015f\u0259b\u0259k\u0259d\u0259 payla\u015f\u0131m edib. H\u0259min fotolar\u0131 t\u0259qdim edirik:","_links":{"self":[{"href":"https:\/\/arantv.az\/index.php?rest_route=\/wp\/v2\/posts\/676969"}],"collection":[{"href":"https:\/\/arantv.az\/index.php?rest_route=\/wp\/v2\/posts"}],"about":[{"href":"https:\/\/arantv.az\/index.php?rest_route=\/wp\/v2\/types\/post"}],"author":[{"embeddable":true,"href":"https:\/\/arantv.az\/index.php?rest_route=\/wp\/v2\/users\/2"}],"replies":[{"embeddable":true,"href":"https:\/\/arantv.az\/index.php?rest_route=%2Fwp%2Fv2%2Fcomments&post=676969"}],"version-history":[{"count":0,"href":"https:\/\/arantv.az\/index.php?rest_route=\/wp\/v2\/posts\/676969\/revisions"}],"wp:featuredmedia":[{"embeddable":true,"href":"https:\/\/arantv.az\/index.php?rest_route=\/wp\/v2\/media\/676970"}],"wp:attachment":[{"href":"https:\/\/arantv.az\/index.php?rest_route=%2Fwp%2Fv2%2Fmedia&parent=676969"}],"wp:term":[{"taxonomy":"category","embeddable":true,"href":"https:\/\/arantv.az\/index.php?rest_route=%2Fwp%2Fv2%2Fcategories&post=676969"},{"taxonomy":"post_tag","embeddable":true,"href":"https:\/\/arantv.az\/index.php?rest_route=%2Fwp%2Fv2%2Ftags&post=676969"}],"curies":[{"name":"wp","href":"https:\/\/api.w.org\/{rel}","templated":true}]}}