{"id":677003,"date":"2024-01-06T09:52:40","date_gmt":"2024-01-06T05:52:40","guid":{"rendered":"https:\/\/arantv.az\/?p=677003"},"modified":"2024-01-06T09:52:40","modified_gmt":"2024-01-06T05:52:40","slug":"bes-yasdan-kicik-usaqlara-xarici-dil-oyr%c9%99dilm%c9%99si-unsiyy%c9%99t-problemi-yarada-bil%c9%99r-video","status":"publish","type":"post","link":"https:\/\/arantv.az\/?p=677003","title":{"rendered":"Be\u015f ya\u015fdan ki\u00e7ik u\u015faqlara xarici dil \u00f6yr\u0259dilm\u0259si \u00fcnsiyy\u0259t problemi yarada bil\u0259r? &#8211; V\u0130DEO"},"content":{"rendered":"<article class=\"news\">\n<div class=\"news-inner\">\n<p>Be\u015f ya\u015fdan ki\u00e7ik olan u\u015faqlara xarici dil \u00f6yr\u0259dilm\u0259si onlarda \u00fcnsiyy\u0259t problemi yarada bil\u0259r.<\/p>\n<p>Xezerxeber.az x\u0259b\u0259r verir ki, psixoloqlar u\u015faqlara be\u015f ya\u015f\u0131ndan tez xarici dil \u00f6yr\u0259tm\u0259yin d\u00fczg\u00fcn olmad\u0131\u011f\u0131n\u0131 bildirir.<\/p>\n<p>Psixoloq G\u00fclnar Orucova deyir ki, \u00e7ox ki\u00e7ik ya\u015fda iki dili eyni anda \u00f6yr\u0259n\u0259n u\u015faqlar g\u0259l\u0259c\u0259kd\u0259 \u00fcnsiyy\u0259t probleml\u0259ri ya\u015fay\u0131r.<\/p>\n<p>M\u00fct\u0259x\u0259ssisl\u0259rin fikrinc\u0259, u\u015faqlar\u0131n m\u00fc\u0259yy\u0259n ya\u015fdan sonra xarici dil \u00f6yr\u0259nm\u0259sind\u0259 dostluq \u0259laq\u0259l\u0259ri daha vacib rol oynay\u0131r.<\/p>\n<p>Daha \u0259trafl\u0131 videomaterial\u0131 t\u0259qdim edirik:<\/p>\n<div><iframe loading=\"lazy\" title=\"YouTube video player\" src=\"https:\/\/www.youtube.com\/embed\/tsrfzCAYGUc?si=-YaLCnhhTh96PeKn\" width=\"560\" height=\"315\" frameborder=\"0\" allowfullscreen=\"allowfullscreen\" data-mce-fragment=\"1\"><\/iframe><\/div>\n<\/div>\n<\/article>\n","protected":false},"excerpt":{"rendered":"<p>Be\u015f ya\u015fdan ki\u00e7ik olan u\u015faqlara xarici dil \u00f6yr\u0259dilm\u0259si onlarda \u00fcnsiyy\u0259t problemi yarada bil\u0259r. Xezerxeber.az x\u0259b\u0259r verir ki, psixoloqlar u\u015faqlara be\u015f ya\u015f\u0131ndan tez xarici dil \u00f6yr\u0259tm\u0259yin d\u00fczg\u00fcn olmad\u0131\u011f\u0131n\u0131 bildirir. Psixoloq G\u00fclnar Orucova deyir ki, \u00e7ox ki\u00e7ik ya\u015fda iki dili eyni anda \u00f6yr\u0259n\u0259n u\u015faqlar g\u0259l\u0259c\u0259kd\u0259 \u00fcnsiyy\u0259t probleml\u0259ri ya\u015fay\u0131r. M\u00fct\u0259x\u0259ssisl\u0259rin fikrinc\u0259, u\u015faqlar\u0131n m\u00fc\u0259yy\u0259n ya\u015fdan sonra xarici dil \u00f6yr\u0259nm\u0259sind\u0259 dostluq \u0259laq\u0259l\u0259ri daha vacib rol oynay\u0131r. Daha \u0259trafl\u0131 videomaterial\u0131 t\u0259qdim edirik:<\/p>\n","protected":false},"author":2,"featured_media":677004,"comment_status":"closed","ping_status":"closed","sticky":false,"template":"","format":"standard","meta":{"om_disable_all_campaigns":false,"_monsterinsights_skip_tracking":false,"_monsterinsights_sitenote_active":false,"_monsterinsights_sitenote_note":"","_monsterinsights_sitenote_category":0},"categories":[1],"tags":[],"aioseo_notices":[],"gutentor_comment":0,"rttpg_featured_image_url":{"full":["https:\/\/arantv.az\/wp-content\/uploads\/2024\/01\/FotoJet-2024-01-05T222633.261.jpg",620,413,false],"landscape":["https:\/\/arantv.az\/wp-content\/uploads\/2024\/01\/FotoJet-2024-01-05T222633.261.jpg",620,413,false],"portraits":["https:\/\/arantv.az\/wp-content\/uploads\/2024\/01\/FotoJet-2024-01-05T222633.261.jpg",620,413,false],"thumbnail":["https:\/\/arantv.az\/wp-content\/uploads\/2024\/01\/FotoJet-2024-01-05T222633.261-500x280.jpg",500,280,true],"medium":["https:\/\/arantv.az\/wp-content\/uploads\/2024\/01\/FotoJet-2024-01-05T222633.261-548x365.jpg",548,365,true],"large":["https:\/\/arantv.az\/wp-content\/uploads\/2024\/01\/FotoJet-2024-01-05T222633.261.jpg",620,413,false],"1536x1536":["https:\/\/arantv.az\/wp-content\/uploads\/2024\/01\/FotoJet-2024-01-05T222633.261.jpg",620,413,false],"2048x2048":["https:\/\/arantv.az\/wp-content\/uploads\/2024\/01\/FotoJet-2024-01-05T222633.261.jpg",620,413,false],"post-thumbnail":["https:\/\/arantv.az\/wp-content\/uploads\/2024\/01\/FotoJet-2024-01-05T222633.261-240x172.jpg",240,172,true],"advps-thumb-one":["https:\/\/arantv.az\/wp-content\/uploads\/2024\/01\/FotoJet-2024-01-05T222633.261.jpg",620,413,false]},"rttpg_author":{"display_name":"V\u00fcsal Rafiqo\u011flu","author_link":"https:\/\/arantv.az\/?author=2"},"rttpg_comment":0,"rttpg_category":"<a href=\"https:\/\/arantv.az\/?cat=1\" rel=\"category\">C\u0259miyy\u0259t<\/a>","rttpg_excerpt":"Be\u015f ya\u015fdan ki\u00e7ik olan u\u015faqlara xarici dil \u00f6yr\u0259dilm\u0259si onlarda \u00fcnsiyy\u0259t problemi yarada bil\u0259r. Xezerxeber.az x\u0259b\u0259r verir ki, psixoloqlar u\u015faqlara be\u015f ya\u015f\u0131ndan tez xarici dil \u00f6yr\u0259tm\u0259yin d\u00fczg\u00fcn olmad\u0131\u011f\u0131n\u0131 bildirir. Psixoloq G\u00fclnar Orucova deyir ki, \u00e7ox ki\u00e7ik ya\u015fda iki dili eyni anda \u00f6yr\u0259n\u0259n u\u015faqlar g\u0259l\u0259c\u0259kd\u0259 \u00fcnsiyy\u0259t probleml\u0259ri ya\u015fay\u0131r. M\u00fct\u0259x\u0259ssisl\u0259rin fikrinc\u0259, u\u015faqlar\u0131n m\u00fc\u0259yy\u0259n ya\u015fdan sonra xarici dil \u00f6yr\u0259nm\u0259sind\u0259&hellip;","_links":{"self":[{"href":"https:\/\/arantv.az\/index.php?rest_route=\/wp\/v2\/posts\/677003"}],"collection":[{"href":"https:\/\/arantv.az\/index.php?rest_route=\/wp\/v2\/posts"}],"about":[{"href":"https:\/\/arantv.az\/index.php?rest_route=\/wp\/v2\/types\/post"}],"author":[{"embeddable":true,"href":"https:\/\/arantv.az\/index.php?rest_route=\/wp\/v2\/users\/2"}],"replies":[{"embeddable":true,"href":"https:\/\/arantv.az\/index.php?rest_route=%2Fwp%2Fv2%2Fcomments&post=677003"}],"version-history":[{"count":0,"href":"https:\/\/arantv.az\/index.php?rest_route=\/wp\/v2\/posts\/677003\/revisions"}],"wp:featuredmedia":[{"embeddable":true,"href":"https:\/\/arantv.az\/index.php?rest_route=\/wp\/v2\/media\/677004"}],"wp:attachment":[{"href":"https:\/\/arantv.az\/index.php?rest_route=%2Fwp%2Fv2%2Fmedia&parent=677003"}],"wp:term":[{"taxonomy":"category","embeddable":true,"href":"https:\/\/arantv.az\/index.php?rest_route=%2Fwp%2Fv2%2Fcategories&post=677003"},{"taxonomy":"post_tag","embeddable":true,"href":"https:\/\/arantv.az\/index.php?rest_route=%2Fwp%2Fv2%2Ftags&post=677003"}],"curies":[{"name":"wp","href":"https:\/\/api.w.org\/{rel}","templated":true}]}}