{"id":677033,"date":"2024-01-06T11:08:45","date_gmt":"2024-01-06T07:08:45","guid":{"rendered":"https:\/\/arantv.az\/?p=677033"},"modified":"2024-01-06T11:08:45","modified_gmt":"2024-01-06T07:08:45","slug":"umid-yeri-usaq-siginacaginda-kims%c9%99siz-usaqlar-ucun-bayram-t%c9%99dbiri-t%c9%99skil-olunub","status":"publish","type":"post","link":"https:\/\/arantv.az\/?p=677033","title":{"rendered":"\u00dcmid yeri u\u015faq s\u0131\u011f\u0131naca\u011f\u0131nda kims\u0259siz u\u015faqlar \u00fc\u00e7\u00fcn bayram t\u0259dbiri t\u0259\u015fkil olunub"},"content":{"rendered":"<p>4 yavnvar 2024-c\u00fc il tarixind\u0259 31 Dekabr &#8211; D\u00fcnya Az\u0259rbaycanl\u0131lar\u0131n\u0131n H\u0259mr\u0259yliyi G\u00fcn\u00fc v\u0259 Yeni \u0130l m\u00fcnasib\u0259ti il\u0259 \u201cNur Organization\u201dn\u0131n r\u0259hb\u0259ri, &#8220;Aran Media Group\u201d v\u0259 &#8220;Z\u0259f\u0259r Yolu M\u00fcharib\u0259 \u0130\u015ftirak\u00e7\u0131lar\u0131na v\u0259 \u015e\u0259hid Ail\u0259l\u0259rin\u0259 Humanitar D\u0259st\u0259k \u0130ctimai Birliyi\u201dnin t\u0259\u015fkilati d\u0259st\u0259yi il\u0259 \u00dcmid Yeri U\u015faq S\u0131\u011f\u0131naca\u011f\u0131nda valideyn himay\u0259sind\u0259n m\u0259hrum olmu\u015f u\u015faqlar \u00fc\u00e7\u00fcn &#8220;Q\u0131\u015f Na\u011f\u0131l\u0131&#8221;adl\u0131 konsert proqram\u0131 t\u0259\u015fkil edilib.<br \/>\n<strong>Arantv.az<\/strong>-\u0131n verdiyi m\u0259lumata g\u00f6r\u0259, t\u0259dbird\u0259 Az\u0259rbaycan Respublikas\u0131n\u0131n \u018fm\u0259kdar Artisti S\u0259lim Abbasov, estradam\u0131z\u0131n tan\u0131nm\u0131\u015f ulduzu F\u0259rhad X\u0259lil , \u201cAz\u0259ristar 2008\u201d yar\u0131\u015fmas\u0131n\u0131n final\u00e7\u0131s\u0131 \u018fdal\u0259t Abasov, &#8220;Az\u0259rbaycan\u0131n S\u0259si Bala&#8221; v\u0259 &#8220;Bala T\u00fcrkvision&#8221; yar\u0131\u015fmalar\u0131n\u0131n qalibi \u018fhm\u0259d \u018fmirli, \u201cAz\u0259rbaycan\u0131n S\u0259si 2013\u201d yar\u0131\u015fmas\u0131n\u0131n final\u00e7\u0131s\u0131 Qadir F\u0259t\u0259liyev, Sumay \u018flizad\u0259, Nesrin Muxtarl\u0131, Sevinc S\u00fcleymanzad\u0259, Billur\u0259 Q\u0259dirli, Niluf\u0259r \u018fhm\u0259dova, \u018fli M\u0259mm\u0259dli, G\u00fclnaz N\u0259bili, Orxan S\u0259rxano\u011flu v\u0259 B\u0259hruz Musayev v\u0259 s. i\u015ftirak edibl\u0259r.<br \/>\nT\u0259dbird\u0259 ilk olaraq Az\u0259rbaycan Respublikas\u0131n\u0131n D\u00f6vl\u0259t Himni s\u0259sl\u0259ndirilib. Daha sonra V\u0259t\u0259n m\u00fcharib\u0259si \u015f\u0259hidl\u0259rinin \u0259ziz xatir\u0259si bir d\u0259qiq\u0259lik s\u00fckutla yad edilib.<br \/>\nT\u0259dbiri U\u015faq s\u0131\u011f\u0131naca\u011f\u0131n\u0131n direktoru Nigar M\u0259nsimova a\u00e7araq qonaqlar\u0131 salamlay\u0131b v\u0259 bu xeyirxah bayram t\u0259dbirin\u0259 g\u00f6r\u0259, t\u0259\u015fkilat\u00e7\u0131lara minn\u0259tdarl\u0131\u011f\u0131n\u0131 bildirib.<br \/>\nT\u0259dbirin \u0259yl\u0259nc\u0259li b\u0259dii hiss\u0259sind\u0259 Klounlar, Alov \u015fou, \u015ear \u015fou, Panda \u015eou \u00e7\u0131x\u0131\u015f ed\u0259r\u0259k u\u015faqlar\u0131n sevincin\u0259 sevinc qat\u0131blar.<br \/>\nT\u0259dbird\u0259 \u201cNur Organization\u201dun r\u0259hb\u0259ri Kamran Nurun t\u0259\u015fkil etdiyi v\u0259 r\u0259hb\u0259ri oldu\u011fu &#8220;S\u00f6z\u00fcn Sehri&#8221; adl\u0131 b\u0259dii qira\u0259t, &#8220;Obraz&#8221; adl\u0131 dram v\u0259 &#8220;Z\u0259f\u0259r&#8221; adl\u0131 xor d\u0259rn\u0259kl\u0259rinin \u00fczvl\u0259ri il\u0259 haz\u0131rlanan &#8220;Yeni \u0130l&#8221; r\u0259qsi n\u00fcmayi\u015f olunub.<br \/>\nXeyriyy\u0259 t\u0259dbirinin gedi\u015find\u0259 t\u0259dbirin r\u0259hb\u0259ri Kamran Nur, m\u00fc\u011f\u0259nnil\u0259r, media m\u0259nsublar\u0131 &#8220;Aran Media Group&#8221; t\u0259r\u0259find\u0259n f\u0259xri f\u0259rmanlar, t\u0259\u015f\u0259kk\u00fcrnam\u0259l\u0259rl\u0259 t\u0259ltif olunublar.<br \/>\nT\u0259dbirin sonunda is\u0259 \u015eaxta Baba v\u0259 Qarq\u0131z u\u015faqlara xeyirxah insanlar\u0131n yard\u0131m\u0131 il\u0259 t\u0259\u015fkil olunmu\u015f yeni il h\u0259diyy\u0259l\u0259ri t\u0259qdim edibl\u0259r. H\u0259m\u00e7inin, t\u0259dbir zaman\u0131 u\u015faqlar \u00fc\u00e7\u00fcn bayram s\u00fcfr\u0259si t\u0259\u015fkil edilib v\u0259 \u201cToxuma Evi\u201d t\u0259r\u0259find\u0259n yeni il\u0259 \u00f6z\u0259l haz\u0131rlanm\u0131\u015f tort k\u0259sil\u0259r\u0259k u\u015faqlara t\u0259qdim edilib.<br \/>\nSonda t\u0259dbir i\u015ftirak\u00e7\u0131lar\u0131 il\u0259 xatir\u0259 \u015f\u0259kli \u00e7\u0259kdirilib.<\/p>\n<p><img loading=\"lazy\" class=\"alignnone size-medium wp-image-677034\" src=\"https:\/\/arantv.az\/wp-content\/uploads\/2024\/01\/cc4a628f-f238-4e07-afa6-c6a20e457e86-660x297.jpg\" alt=\"\" width=\"660\" height=\"297\" \/> <img loading=\"lazy\" class=\"alignnone size-medium wp-image-677035\" src=\"https:\/\/arantv.az\/wp-content\/uploads\/2024\/01\/bde8b4af-00f8-4db7-9281-609b1ae1342e-513x365.jpg\" alt=\"\" width=\"513\" height=\"365\" \/> <img loading=\"lazy\" class=\"alignnone size-medium wp-image-677036\" src=\"https:\/\/arantv.az\/wp-content\/uploads\/2024\/01\/af4ba24d-cafc-4436-a40a-425edb90d0ab-274x365.jpg\" alt=\"\" width=\"274\" height=\"365\" \/> <img loading=\"lazy\" class=\"alignnone size-medium wp-image-677037\" src=\"https:\/\/arantv.az\/wp-content\/uploads\/2024\/01\/a96efdab-36e1-4850-93e1-924827fa8ba7-649x365.jpg\" alt=\"\" width=\"649\" height=\"365\" \/> <img loading=\"lazy\" class=\"alignnone size-medium wp-image-677038\" src=\"https:\/\/arantv.az\/wp-content\/uploads\/2024\/01\/748f2e0d-c6fb-4a3c-afb4-2f79dd2b67a0-487x365.jpg\" alt=\"\" width=\"487\" height=\"365\" \/> <img loading=\"lazy\" class=\"alignnone size-medium wp-image-677039\" src=\"https:\/\/arantv.az\/wp-content\/uploads\/2024\/01\/2f87288e-a835-4fe3-8998-2361f833f2c6-274x365.jpg\" alt=\"\" width=\"274\" height=\"365\" \/> <img loading=\"lazy\" class=\"alignnone size-medium wp-image-677040\" src=\"https:\/\/arantv.az\/wp-content\/uploads\/2024\/01\/7b0b6e94-8a71-46b0-a658-a1b06990d5ad-274x365.jpg\" alt=\"\" width=\"274\" height=\"365\" \/> <img loading=\"lazy\" class=\"alignnone size-medium wp-image-677041\" src=\"https:\/\/arantv.az\/wp-content\/uploads\/2024\/01\/0da90285-83e9-493a-98ea-cea24581a061-205x365.jpg\" alt=\"\" width=\"205\" height=\"365\" \/> <img loading=\"lazy\" class=\"alignnone size-medium wp-image-677042\" src=\"https:\/\/arantv.az\/wp-content\/uploads\/2024\/01\/80534b76-8215-4a59-8bf3-184437d3a715-205x365.jpg\" alt=\"\" width=\"205\" height=\"365\" \/><\/p>\n<p>\u201cAran Media Group\u201d<br \/>\n\u015eeyda \u018fzizova<\/p>\n","protected":false},"excerpt":{"rendered":"<p>4 yavnvar 2024-c\u00fc il tarixind\u0259 31 Dekabr &#8211; D\u00fcnya Az\u0259rbaycanl\u0131lar\u0131n\u0131n H\u0259mr\u0259yliyi G\u00fcn\u00fc v\u0259 Yeni \u0130l m\u00fcnasib\u0259ti il\u0259 \u201cNur Organization\u201dn\u0131n r\u0259hb\u0259ri, &#8220;Aran Media Group\u201d v\u0259 &#8220;Z\u0259f\u0259r Yolu M\u00fcharib\u0259 \u0130\u015ftirak\u00e7\u0131lar\u0131na v\u0259 \u015e\u0259hid Ail\u0259l\u0259rin\u0259 Humanitar D\u0259st\u0259k \u0130ctimai Birliyi\u201dnin t\u0259\u015fkilati d\u0259st\u0259yi il\u0259 \u00dcmid Yeri U\u015faq S\u0131\u011f\u0131naca\u011f\u0131nda valideyn himay\u0259sind\u0259n m\u0259hrum olmu\u015f u\u015faqlar \u00fc\u00e7\u00fcn &#8220;Q\u0131\u015f Na\u011f\u0131l\u0131&#8221;adl\u0131 konsert proqram\u0131 t\u0259\u015fkil edilib. Arantv.az-\u0131n verdiyi m\u0259lumata g\u00f6r\u0259, t\u0259dbird\u0259 Az\u0259rbaycan Respublikas\u0131n\u0131n \u018fm\u0259kdar Artisti S\u0259lim Abbasov, estradam\u0131z\u0131n tan\u0131nm\u0131\u015f ulduzu F\u0259rhad X\u0259lil , \u201cAz\u0259ristar 2008\u201d yar\u0131\u015fmas\u0131n\u0131n final\u00e7\u0131s\u0131 \u018fdal\u0259t Abasov, &#8220;Az\u0259rbaycan\u0131n S\u0259si Bala&#8221; v\u0259 &#8220;Bala T\u00fcrkvision&#8221; yar\u0131\u015fmalar\u0131n\u0131n qalibi \u018fhm\u0259d \u018fmirli, \u201cAz\u0259rbaycan\u0131n S\u0259si 2013\u201d&hellip;<\/p>\n","protected":false},"author":2,"featured_media":677035,"comment_status":"closed","ping_status":"closed","sticky":false,"template":"","format":"standard","meta":{"om_disable_all_campaigns":false,"_monsterinsights_skip_tracking":false,"_monsterinsights_sitenote_active":false,"_monsterinsights_sitenote_note":"","_monsterinsights_sitenote_category":0},"categories":[1],"tags":[],"aioseo_notices":[],"gutentor_comment":0,"rttpg_featured_image_url":{"full":["https:\/\/arantv.az\/wp-content\/uploads\/2024\/01\/bde8b4af-00f8-4db7-9281-609b1ae1342e.jpg",1200,853,false],"landscape":["https:\/\/arantv.az\/wp-content\/uploads\/2024\/01\/bde8b4af-00f8-4db7-9281-609b1ae1342e.jpg",1200,853,false],"portraits":["https:\/\/arantv.az\/wp-content\/uploads\/2024\/01\/bde8b4af-00f8-4db7-9281-609b1ae1342e.jpg",1200,853,false],"thumbnail":["https:\/\/arantv.az\/wp-content\/uploads\/2024\/01\/bde8b4af-00f8-4db7-9281-609b1ae1342e-500x280.jpg",500,280,true],"medium":["https:\/\/arantv.az\/wp-content\/uploads\/2024\/01\/bde8b4af-00f8-4db7-9281-609b1ae1342e-513x365.jpg",513,365,true],"large":["https:\/\/arantv.az\/wp-content\/uploads\/2024\/01\/bde8b4af-00f8-4db7-9281-609b1ae1342e-840x597.jpg",640,455,true],"1536x1536":["https:\/\/arantv.az\/wp-content\/uploads\/2024\/01\/bde8b4af-00f8-4db7-9281-609b1ae1342e.jpg",1200,853,false],"2048x2048":["https:\/\/arantv.az\/wp-content\/uploads\/2024\/01\/bde8b4af-00f8-4db7-9281-609b1ae1342e.jpg",1200,853,false],"post-thumbnail":["https:\/\/arantv.az\/wp-content\/uploads\/2024\/01\/bde8b4af-00f8-4db7-9281-609b1ae1342e-240x172.jpg",240,172,true],"advps-thumb-one":["https:\/\/arantv.az\/wp-content\/uploads\/2024\/01\/bde8b4af-00f8-4db7-9281-609b1ae1342e-1200x620.jpg",1200,620,true]},"rttpg_author":{"display_name":"V\u00fcsal Rafiqo\u011flu","author_link":"https:\/\/arantv.az\/?author=2"},"rttpg_comment":0,"rttpg_category":"<a href=\"https:\/\/arantv.az\/?cat=1\" rel=\"category\">C\u0259miyy\u0259t<\/a>","rttpg_excerpt":"4 yavnvar 2024-c\u00fc il tarixind\u0259 31 Dekabr &#8211; D\u00fcnya Az\u0259rbaycanl\u0131lar\u0131n\u0131n H\u0259mr\u0259yliyi G\u00fcn\u00fc v\u0259 Yeni \u0130l m\u00fcnasib\u0259ti il\u0259 \u201cNur Organization\u201dn\u0131n r\u0259hb\u0259ri, &#8220;Aran Media Group\u201d v\u0259 &#8220;Z\u0259f\u0259r Yolu M\u00fcharib\u0259 \u0130\u015ftirak\u00e7\u0131lar\u0131na v\u0259 \u015e\u0259hid Ail\u0259l\u0259rin\u0259 Humanitar D\u0259st\u0259k \u0130ctimai Birliyi\u201dnin t\u0259\u015fkilati d\u0259st\u0259yi il\u0259 \u00dcmid Yeri U\u015faq S\u0131\u011f\u0131naca\u011f\u0131nda valideyn himay\u0259sind\u0259n m\u0259hrum olmu\u015f u\u015faqlar \u00fc\u00e7\u00fcn &#8220;Q\u0131\u015f Na\u011f\u0131l\u0131&#8221;adl\u0131 konsert proqram\u0131 t\u0259\u015fkil edilib. Arantv.az-\u0131n&hellip;","_links":{"self":[{"href":"https:\/\/arantv.az\/index.php?rest_route=\/wp\/v2\/posts\/677033"}],"collection":[{"href":"https:\/\/arantv.az\/index.php?rest_route=\/wp\/v2\/posts"}],"about":[{"href":"https:\/\/arantv.az\/index.php?rest_route=\/wp\/v2\/types\/post"}],"author":[{"embeddable":true,"href":"https:\/\/arantv.az\/index.php?rest_route=\/wp\/v2\/users\/2"}],"replies":[{"embeddable":true,"href":"https:\/\/arantv.az\/index.php?rest_route=%2Fwp%2Fv2%2Fcomments&post=677033"}],"version-history":[{"count":0,"href":"https:\/\/arantv.az\/index.php?rest_route=\/wp\/v2\/posts\/677033\/revisions"}],"wp:featuredmedia":[{"embeddable":true,"href":"https:\/\/arantv.az\/index.php?rest_route=\/wp\/v2\/media\/677035"}],"wp:attachment":[{"href":"https:\/\/arantv.az\/index.php?rest_route=%2Fwp%2Fv2%2Fmedia&parent=677033"}],"wp:term":[{"taxonomy":"category","embeddable":true,"href":"https:\/\/arantv.az\/index.php?rest_route=%2Fwp%2Fv2%2Fcategories&post=677033"},{"taxonomy":"post_tag","embeddable":true,"href":"https:\/\/arantv.az\/index.php?rest_route=%2Fwp%2Fv2%2Ftags&post=677033"}],"curies":[{"name":"wp","href":"https:\/\/api.w.org\/{rel}","templated":true}]}}