{"id":678531,"date":"2024-01-11T07:30:35","date_gmt":"2024-01-11T03:30:35","guid":{"rendered":"https:\/\/arantv.az\/?p=678531"},"modified":"2024-01-11T07:30:35","modified_gmt":"2024-01-11T03:30:35","slug":"deyir%c9%99m-m%c9%99nim-peykim-m%c9%99nim-gozl%c9%99rimdir-prezident","status":"publish","type":"post","link":"https:\/\/arantv.az\/?p=678531","title":{"rendered":"Deyir\u0259m, m\u0259nim peykim m\u0259nim g\u00f6zl\u0259rimdir &#8211; Prezident"},"content":{"rendered":"<p>\u201cBizi ittiham edirl\u0259r ki, Erm\u0259nistana h\u00fccum etm\u0259k ist\u0259yirik. Bunu tam s\u0259mimiyy\u0259tl\u0259 deyir\u0259m, ist\u0259s\u0259ydik, gir\u0259rdik. \u0130stisu \u015f\u0259h\u0259ri g\u00f6z\u00fcm\u00fcz\u00fcn qaba\u011f\u0131nda idi. Kim idi bizi saxlayan? Bizim niyy\u0259timiz s\u0259rh\u0259dimizi m\u00fchafiz\u0259 etm\u0259k idi. El\u0259 t\u0259p\u0259l\u0259r bizim \u0259limizd\u0259 olmal\u0131yd\u0131 ki, erm\u0259nil\u0259rin planlar\u0131n\u0131 g\u00f6z\u00fcm\u00fczl\u0259 g\u00f6r\u0259k\u201d.<\/p>\n<p><strong>ARANTV.AZ\u00a0 x\u0259b\u0259r verir ki, <\/strong>bunu Prezident \u0130lham \u018fliyev yerli telekanallara m\u00fcsahib\u0259sind\u0259 deyib.<\/p>\n<p>\u201cBu m\u00f6vzu il\u0259 ba\u011fl\u0131 bir q\u0259rbli qona\u011f\u0131mla s\u00f6hb\u0259t \u0259snas\u0131nda m\u0259n\u0259 dedi ki, ax\u0131 sizin peykiniz var. Peyk\u0259nd\u0259n d\u0259 g\u00f6r\u0259 bil\u0259rsiniz. Deyir\u0259m, m\u0259nim peykim m\u0259nim g\u00f6zl\u0259rimdir. M\u0259n g\u00f6zl\u0259riml\u0259 g\u00f6rm\u0259liy\u0259m (g\u00fcl\u00fcr) \u2013 d\u00f6vl\u0259t ba\u015f\u00e7\u0131s\u0131 \u0259lav\u0259 edib.<\/p>\n","protected":false},"excerpt":{"rendered":"<p>\u201cBizi ittiham edirl\u0259r ki, Erm\u0259nistana h\u00fccum etm\u0259k ist\u0259yirik. Bunu tam s\u0259mimiyy\u0259tl\u0259 deyir\u0259m, ist\u0259s\u0259ydik, gir\u0259rdik. \u0130stisu \u015f\u0259h\u0259ri g\u00f6z\u00fcm\u00fcz\u00fcn qaba\u011f\u0131nda idi. Kim idi bizi saxlayan? Bizim niyy\u0259timiz s\u0259rh\u0259dimizi m\u00fchafiz\u0259 etm\u0259k idi. El\u0259 t\u0259p\u0259l\u0259r bizim \u0259limizd\u0259 olmal\u0131yd\u0131 ki, erm\u0259nil\u0259rin planlar\u0131n\u0131 g\u00f6z\u00fcm\u00fczl\u0259 g\u00f6r\u0259k\u201d. ARANTV.AZ\u00a0 x\u0259b\u0259r verir ki, bunu Prezident \u0130lham \u018fliyev yerli telekanallara m\u00fcsahib\u0259sind\u0259 deyib. \u201cBu m\u00f6vzu il\u0259 ba\u011fl\u0131 bir q\u0259rbli qona\u011f\u0131mla s\u00f6hb\u0259t \u0259snas\u0131nda m\u0259n\u0259 dedi ki, ax\u0131 sizin peykiniz var. Peyk\u0259nd\u0259n d\u0259 g\u00f6r\u0259 bil\u0259rsiniz. Deyir\u0259m, m\u0259nim peykim m\u0259nim g\u00f6zl\u0259rimdir. M\u0259n g\u00f6zl\u0259riml\u0259 g\u00f6rm\u0259liy\u0259m (g\u00fcl\u00fcr) \u2013 d\u00f6vl\u0259t ba\u015f\u00e7\u0131s\u0131 \u0259lav\u0259 edib.<\/p>\n","protected":false},"author":2,"featured_media":678532,"comment_status":"closed","ping_status":"closed","sticky":false,"template":"","format":"standard","meta":{"om_disable_all_campaigns":false,"_monsterinsights_skip_tracking":false,"_monsterinsights_sitenote_active":false,"_monsterinsights_sitenote_note":"","_monsterinsights_sitenote_category":0},"categories":[4],"tags":[],"aioseo_notices":[],"gutentor_comment":0,"rttpg_featured_image_url":{"full":["https:\/\/arantv.az\/wp-content\/uploads\/2024\/01\/d4031374170490699590439327110135993.jpg",975,540,false],"landscape":["https:\/\/arantv.az\/wp-content\/uploads\/2024\/01\/d4031374170490699590439327110135993.jpg",975,540,false],"portraits":["https:\/\/arantv.az\/wp-content\/uploads\/2024\/01\/d4031374170490699590439327110135993.jpg",975,540,false],"thumbnail":["https:\/\/arantv.az\/wp-content\/uploads\/2024\/01\/d4031374170490699590439327110135993-500x280.jpg",500,280,true],"medium":["https:\/\/arantv.az\/wp-content\/uploads\/2024\/01\/d4031374170490699590439327110135993-660x365.jpg",660,365,true],"large":["https:\/\/arantv.az\/wp-content\/uploads\/2024\/01\/d4031374170490699590439327110135993-840x465.jpg",640,354,true],"1536x1536":["https:\/\/arantv.az\/wp-content\/uploads\/2024\/01\/d4031374170490699590439327110135993.jpg",975,540,false],"2048x2048":["https:\/\/arantv.az\/wp-content\/uploads\/2024\/01\/d4031374170490699590439327110135993.jpg",975,540,false],"post-thumbnail":["https:\/\/arantv.az\/wp-content\/uploads\/2024\/01\/d4031374170490699590439327110135993-240x172.jpg",240,172,true],"advps-thumb-one":["https:\/\/arantv.az\/wp-content\/uploads\/2024\/01\/d4031374170490699590439327110135993.jpg",975,540,false]},"rttpg_author":{"display_name":"V\u00fcsal Rafiqo\u011flu","author_link":"https:\/\/arantv.az\/?author=2"},"rttpg_comment":0,"rttpg_category":"<a href=\"https:\/\/arantv.az\/?cat=4\" rel=\"category\">Siyas\u0259t<\/a>","rttpg_excerpt":"\u201cBizi ittiham edirl\u0259r ki, Erm\u0259nistana h\u00fccum etm\u0259k ist\u0259yirik. Bunu tam s\u0259mimiyy\u0259tl\u0259 deyir\u0259m, ist\u0259s\u0259ydik, gir\u0259rdik. \u0130stisu \u015f\u0259h\u0259ri g\u00f6z\u00fcm\u00fcz\u00fcn qaba\u011f\u0131nda idi. Kim idi bizi saxlayan? Bizim niyy\u0259timiz s\u0259rh\u0259dimizi m\u00fchafiz\u0259 etm\u0259k idi. El\u0259 t\u0259p\u0259l\u0259r bizim \u0259limizd\u0259 olmal\u0131yd\u0131 ki, erm\u0259nil\u0259rin planlar\u0131n\u0131 g\u00f6z\u00fcm\u00fczl\u0259 g\u00f6r\u0259k\u201d. ARANTV.AZ\u00a0 x\u0259b\u0259r verir ki, bunu Prezident \u0130lham \u018fliyev yerli telekanallara m\u00fcsahib\u0259sind\u0259 deyib. \u201cBu m\u00f6vzu il\u0259 ba\u011fl\u0131&hellip;","_links":{"self":[{"href":"https:\/\/arantv.az\/index.php?rest_route=\/wp\/v2\/posts\/678531"}],"collection":[{"href":"https:\/\/arantv.az\/index.php?rest_route=\/wp\/v2\/posts"}],"about":[{"href":"https:\/\/arantv.az\/index.php?rest_route=\/wp\/v2\/types\/post"}],"author":[{"embeddable":true,"href":"https:\/\/arantv.az\/index.php?rest_route=\/wp\/v2\/users\/2"}],"replies":[{"embeddable":true,"href":"https:\/\/arantv.az\/index.php?rest_route=%2Fwp%2Fv2%2Fcomments&post=678531"}],"version-history":[{"count":0,"href":"https:\/\/arantv.az\/index.php?rest_route=\/wp\/v2\/posts\/678531\/revisions"}],"wp:featuredmedia":[{"embeddable":true,"href":"https:\/\/arantv.az\/index.php?rest_route=\/wp\/v2\/media\/678532"}],"wp:attachment":[{"href":"https:\/\/arantv.az\/index.php?rest_route=%2Fwp%2Fv2%2Fmedia&parent=678531"}],"wp:term":[{"taxonomy":"category","embeddable":true,"href":"https:\/\/arantv.az\/index.php?rest_route=%2Fwp%2Fv2%2Fcategories&post=678531"},{"taxonomy":"post_tag","embeddable":true,"href":"https:\/\/arantv.az\/index.php?rest_route=%2Fwp%2Fv2%2Ftags&post=678531"}],"curies":[{"name":"wp","href":"https:\/\/api.w.org\/{rel}","templated":true}]}}