{"id":678537,"date":"2024-01-11T07:33:33","date_gmt":"2024-01-11T03:33:33","guid":{"rendered":"https:\/\/arantv.az\/?p=678537"},"modified":"2024-01-11T07:33:33","modified_gmt":"2024-01-11T03:33:33","slug":"pensiyalar-niy%c9%99-h%c9%99l%c9%99-d%c9%99-hesablara-kocm%c9%99yib","status":"publish","type":"post","link":"https:\/\/arantv.az\/?p=678537","title":{"rendered":"Pensiyalar niy\u0259 h\u0259l\u0259 d\u0259 hesablara k\u00f6\u00e7m\u0259yib?"},"content":{"rendered":"<p><strong>D\u00f6vl\u0259t Sosial M\u00fcdafi\u0259 Fondunun s\u0259dri Himalay M\u0259mi\u015fov bu g\u00fcn Bak\u0131 v\u0259 Sumqay\u0131t \u015f\u0259h\u0259rl\u0259ri, el\u0259c\u0259 d\u0259 Ab\u015feron rayonu \u00fczr\u0259 pensiyalar\u0131n \u00f6d\u0259nildiyi, v\u0259t\u0259nda\u015flar pensiyalar\u0131n\u0131 ala bil\u0259c\u0259yini bildirib. Amma art\u0131q ax\u015fam saatlar\u0131 olmas\u0131na baxmayaraq, h\u0259l\u0259 d\u0259 pensiyalar kart hesablar\u0131na oturmay\u0131b.<\/strong><\/p>\n<p><b>ARANTV.AZ <\/b>x\u0259b\u0259r verir ki, m\u0259s\u0259l\u0259 il\u0259 ba\u011fl\u0131 Axar.az-a a\u00e7\u0131qlama ver\u0259n D\u00f6vl\u0259t Sosial M\u00fcdafi\u0259 Fondundan (DSMF) \u0130ctimaiyy\u0259tl\u0259 \u0259laq\u0259l\u0259r \u015f\u00f6b\u0259sinin m\u00fcdiri R\u0259\u015fad Mehdili deyib ki, Bak\u0131 v\u0259 Sumqay\u0131t \u015f\u0259h\u0259rl\u0259ri, el\u0259c\u0259 d\u0259 Ab\u015feron rayonu \u00fczr\u0259 pensiyalar\u0131n \u00f6d\u0259nilm\u0259sin\u0259 ba\u015flan\u0131l\u0131b.<\/p>\n<p>\u201cProses 24 saat \u0259rzind\u0259 yekunla\u015facaq\u201d, &#8211; o bildirib.<\/p>\n<p>Qeyd ed\u0259k ki, g\u00fcz\u0259\u015ftli \u015f\u0259rtl\u0259rl\u0259 pensiya h\u00fcququna malik \u015f\u0259xsl\u0259rin pensiyalar\u0131 bu ay da qrafik \u00fczr\u0259 \u00f6d\u0259nil\u0259c\u0259k<\/p>\n","protected":false},"excerpt":{"rendered":"<p>D\u00f6vl\u0259t Sosial M\u00fcdafi\u0259 Fondunun s\u0259dri Himalay M\u0259mi\u015fov bu g\u00fcn Bak\u0131 v\u0259 Sumqay\u0131t \u015f\u0259h\u0259rl\u0259ri, el\u0259c\u0259 d\u0259 Ab\u015feron rayonu \u00fczr\u0259 pensiyalar\u0131n \u00f6d\u0259nildiyi, v\u0259t\u0259nda\u015flar pensiyalar\u0131n\u0131 ala bil\u0259c\u0259yini bildirib. Amma art\u0131q ax\u015fam saatlar\u0131 olmas\u0131na baxmayaraq, h\u0259l\u0259 d\u0259 pensiyalar kart hesablar\u0131na oturmay\u0131b. ARANTV.AZ x\u0259b\u0259r verir ki, m\u0259s\u0259l\u0259 il\u0259 ba\u011fl\u0131 Axar.az-a a\u00e7\u0131qlama ver\u0259n D\u00f6vl\u0259t Sosial M\u00fcdafi\u0259 Fondundan (DSMF) \u0130ctimaiyy\u0259tl\u0259 \u0259laq\u0259l\u0259r \u015f\u00f6b\u0259sinin m\u00fcdiri R\u0259\u015fad Mehdili deyib ki, Bak\u0131 v\u0259 Sumqay\u0131t \u015f\u0259h\u0259rl\u0259ri, el\u0259c\u0259 d\u0259 Ab\u015feron rayonu \u00fczr\u0259 pensiyalar\u0131n \u00f6d\u0259nilm\u0259sin\u0259 ba\u015flan\u0131l\u0131b. \u201cProses 24 saat \u0259rzind\u0259 yekunla\u015facaq\u201d, &#8211; o bildirib. Qeyd ed\u0259k ki, g\u00fcz\u0259\u015ftli \u015f\u0259rtl\u0259rl\u0259 pensiya h\u00fcququna malik \u015f\u0259xsl\u0259rin pensiyalar\u0131&hellip;<\/p>\n","protected":false},"author":2,"featured_media":678538,"comment_status":"closed","ping_status":"closed","sticky":false,"template":"","format":"standard","meta":{"om_disable_all_campaigns":false,"_monsterinsights_skip_tracking":false,"_monsterinsights_sitenote_active":false,"_monsterinsights_sitenote_note":"","_monsterinsights_sitenote_category":0},"categories":[26],"tags":[],"aioseo_notices":[],"gutentor_comment":0,"rttpg_featured_image_url":{"full":["https:\/\/arantv.az\/wp-content\/uploads\/2024\/01\/pensiya-1.jpg",1200,800,false],"landscape":["https:\/\/arantv.az\/wp-content\/uploads\/2024\/01\/pensiya-1.jpg",1200,800,false],"portraits":["https:\/\/arantv.az\/wp-content\/uploads\/2024\/01\/pensiya-1.jpg",1200,800,false],"thumbnail":["https:\/\/arantv.az\/wp-content\/uploads\/2024\/01\/pensiya-1-500x280.jpg",500,280,true],"medium":["https:\/\/arantv.az\/wp-content\/uploads\/2024\/01\/pensiya-1-548x365.jpg",548,365,true],"large":["https:\/\/arantv.az\/wp-content\/uploads\/2024\/01\/pensiya-1-840x560.jpg",640,427,true],"1536x1536":["https:\/\/arantv.az\/wp-content\/uploads\/2024\/01\/pensiya-1.jpg",1200,800,false],"2048x2048":["https:\/\/arantv.az\/wp-content\/uploads\/2024\/01\/pensiya-1.jpg",1200,800,false],"post-thumbnail":["https:\/\/arantv.az\/wp-content\/uploads\/2024\/01\/pensiya-1-240x172.jpg",240,172,true],"advps-thumb-one":["https:\/\/arantv.az\/wp-content\/uploads\/2024\/01\/pensiya-1-1200x620.jpg",1200,620,true]},"rttpg_author":{"display_name":"V\u00fcsal Rafiqo\u011flu","author_link":"https:\/\/arantv.az\/?author=2"},"rttpg_comment":0,"rttpg_category":"<a href=\"https:\/\/arantv.az\/?cat=26\" rel=\"category\">Sosial<\/a>","rttpg_excerpt":"D\u00f6vl\u0259t Sosial M\u00fcdafi\u0259 Fondunun s\u0259dri Himalay M\u0259mi\u015fov bu g\u00fcn Bak\u0131 v\u0259 Sumqay\u0131t \u015f\u0259h\u0259rl\u0259ri, el\u0259c\u0259 d\u0259 Ab\u015feron rayonu \u00fczr\u0259 pensiyalar\u0131n \u00f6d\u0259nildiyi, v\u0259t\u0259nda\u015flar pensiyalar\u0131n\u0131 ala bil\u0259c\u0259yini bildirib. Amma art\u0131q ax\u015fam saatlar\u0131 olmas\u0131na baxmayaraq, h\u0259l\u0259 d\u0259 pensiyalar kart hesablar\u0131na oturmay\u0131b. ARANTV.AZ x\u0259b\u0259r verir ki, m\u0259s\u0259l\u0259 il\u0259 ba\u011fl\u0131 Axar.az-a a\u00e7\u0131qlama ver\u0259n D\u00f6vl\u0259t Sosial M\u00fcdafi\u0259 Fondundan (DSMF) \u0130ctimaiyy\u0259tl\u0259 \u0259laq\u0259l\u0259r \u015f\u00f6b\u0259sinin&hellip;","_links":{"self":[{"href":"https:\/\/arantv.az\/index.php?rest_route=\/wp\/v2\/posts\/678537"}],"collection":[{"href":"https:\/\/arantv.az\/index.php?rest_route=\/wp\/v2\/posts"}],"about":[{"href":"https:\/\/arantv.az\/index.php?rest_route=\/wp\/v2\/types\/post"}],"author":[{"embeddable":true,"href":"https:\/\/arantv.az\/index.php?rest_route=\/wp\/v2\/users\/2"}],"replies":[{"embeddable":true,"href":"https:\/\/arantv.az\/index.php?rest_route=%2Fwp%2Fv2%2Fcomments&post=678537"}],"version-history":[{"count":0,"href":"https:\/\/arantv.az\/index.php?rest_route=\/wp\/v2\/posts\/678537\/revisions"}],"wp:featuredmedia":[{"embeddable":true,"href":"https:\/\/arantv.az\/index.php?rest_route=\/wp\/v2\/media\/678538"}],"wp:attachment":[{"href":"https:\/\/arantv.az\/index.php?rest_route=%2Fwp%2Fv2%2Fmedia&parent=678537"}],"wp:term":[{"taxonomy":"category","embeddable":true,"href":"https:\/\/arantv.az\/index.php?rest_route=%2Fwp%2Fv2%2Fcategories&post=678537"},{"taxonomy":"post_tag","embeddable":true,"href":"https:\/\/arantv.az\/index.php?rest_route=%2Fwp%2Fv2%2Ftags&post=678537"}],"curies":[{"name":"wp","href":"https:\/\/api.w.org\/{rel}","templated":true}]}}