{"id":679281,"date":"2024-01-12T19:26:58","date_gmt":"2024-01-12T15:26:58","guid":{"rendered":"https:\/\/arantv.az\/?p=679281"},"modified":"2024-01-12T19:26:58","modified_gmt":"2024-01-12T15:26:58","slug":"agdam-%c9%99sg%c9%99ran-yolundan-son-goruntul%c9%99r-video","status":"publish","type":"post","link":"https:\/\/arantv.az\/?p=679281","title":{"rendered":"A\u011fdam-\u018fsg\u0259ran yolundan son G\u00d6R\u00dcNT\u00dcL\u018fR &#8211; V\u0130DEO"},"content":{"rendered":"<article class=\"news\">\n<div class=\"news-inner\">\n<p>Qaraba\u011f iqtisadi rayonu \u0259razisind\u0259 i\u015f\u011faldan azad edilmi\u015f rayon v\u0259 k\u0259ndl\u0259rin sosial-iqtisadi inki\u015faf\u0131nda m\u00fch\u00fcm rol oynayacaq layih\u0259l\u0259rd\u0259n biri say\u0131lan A\u011fdam-\u018fsg\u0259ran avtomobil yolunun in\u015fas\u0131na ba\u015flan\u0131l\u0131b.<\/p>\n<p>Bu bar\u0259d\u0259 \u201cAzTV X\u0259b\u0259r\u201din A\u011fdama ezam olunmu\u015f \u0259m\u0259kda\u015f\u0131 birba\u015fa ba\u011flant\u0131da m\u0259lumat verib.<\/p>\n<p>Qeyd edilib ki, s\u00f6z\u00fcged\u0259n avtomobil yolunda torpaq v\u0259 qrunt i\u015fl\u0259rin\u0259 start verilib.<\/p>\n<p>O da bildirilib ki, A\u011fdamda \u015f\u0259h\u0259rdaxili avtomobil yollar\u0131n\u0131n tikintisi s\u00fcr\u0259tl\u0259 davam etdirilir. \u0130n\u015fa edil\u0259n \u015f\u0259h\u0259rdaxili yollarda \u00f6nc\u0259 su, kanalizasiya, rabit\u0259 v\u0259 qaz x\u0259ttl\u0259ri \u00e7\u0259kilir.<\/p>\n<p>\u018ftrafl\u0131 s\u00fcjetd\u0259:<\/p>\n<div><iframe loading=\"lazy\" title=\"YouTube video player\" src=\"https:\/\/www.youtube.com\/embed\/3tnRkxZOhAw?si=JtNX3wgKnUf62zYR\" width=\"560\" height=\"315\" frameborder=\"0\" allowfullscreen=\"allowfullscreen\" data-mce-fragment=\"1\"><\/iframe><\/div>\n<\/div>\n<\/article>\n","protected":false},"excerpt":{"rendered":"<p>Qaraba\u011f iqtisadi rayonu \u0259razisind\u0259 i\u015f\u011faldan azad edilmi\u015f rayon v\u0259 k\u0259ndl\u0259rin sosial-iqtisadi inki\u015faf\u0131nda m\u00fch\u00fcm rol oynayacaq layih\u0259l\u0259rd\u0259n biri say\u0131lan A\u011fdam-\u018fsg\u0259ran avtomobil yolunun in\u015fas\u0131na ba\u015flan\u0131l\u0131b. Bu bar\u0259d\u0259 \u201cAzTV X\u0259b\u0259r\u201din A\u011fdama ezam olunmu\u015f \u0259m\u0259kda\u015f\u0131 birba\u015fa ba\u011flant\u0131da m\u0259lumat verib. Qeyd edilib ki, s\u00f6z\u00fcged\u0259n avtomobil yolunda torpaq v\u0259 qrunt i\u015fl\u0259rin\u0259 start verilib. O da bildirilib ki, A\u011fdamda \u015f\u0259h\u0259rdaxili avtomobil yollar\u0131n\u0131n tikintisi s\u00fcr\u0259tl\u0259 davam etdirilir. \u0130n\u015fa edil\u0259n \u015f\u0259h\u0259rdaxili yollarda \u00f6nc\u0259 su, kanalizasiya, rabit\u0259 v\u0259 qaz x\u0259ttl\u0259ri \u00e7\u0259kilir. \u018ftrafl\u0131 s\u00fcjetd\u0259:<\/p>\n","protected":false},"author":2,"featured_media":679282,"comment_status":"closed","ping_status":"closed","sticky":false,"template":"","format":"standard","meta":{"om_disable_all_campaigns":false,"_monsterinsights_skip_tracking":false,"_monsterinsights_sitenote_active":false,"_monsterinsights_sitenote_note":"","_monsterinsights_sitenote_category":0},"categories":[1],"tags":[],"aioseo_notices":[],"gutentor_comment":0,"rttpg_featured_image_url":{"full":["https:\/\/arantv.az\/wp-content\/uploads\/2024\/01\/FotoJet-2-4.jpg",620,413,false],"landscape":["https:\/\/arantv.az\/wp-content\/uploads\/2024\/01\/FotoJet-2-4.jpg",620,413,false],"portraits":["https:\/\/arantv.az\/wp-content\/uploads\/2024\/01\/FotoJet-2-4.jpg",620,413,false],"thumbnail":["https:\/\/arantv.az\/wp-content\/uploads\/2024\/01\/FotoJet-2-4-500x280.jpg",500,280,true],"medium":["https:\/\/arantv.az\/wp-content\/uploads\/2024\/01\/FotoJet-2-4-548x365.jpg",548,365,true],"large":["https:\/\/arantv.az\/wp-content\/uploads\/2024\/01\/FotoJet-2-4.jpg",620,413,false],"1536x1536":["https:\/\/arantv.az\/wp-content\/uploads\/2024\/01\/FotoJet-2-4.jpg",620,413,false],"2048x2048":["https:\/\/arantv.az\/wp-content\/uploads\/2024\/01\/FotoJet-2-4.jpg",620,413,false],"post-thumbnail":["https:\/\/arantv.az\/wp-content\/uploads\/2024\/01\/FotoJet-2-4-240x172.jpg",240,172,true],"advps-thumb-one":["https:\/\/arantv.az\/wp-content\/uploads\/2024\/01\/FotoJet-2-4.jpg",620,413,false]},"rttpg_author":{"display_name":"V\u00fcsal Rafiqo\u011flu","author_link":"https:\/\/arantv.az\/?author=2"},"rttpg_comment":0,"rttpg_category":"<a href=\"https:\/\/arantv.az\/?cat=1\" rel=\"category\">C\u0259miyy\u0259t<\/a>","rttpg_excerpt":"Qaraba\u011f iqtisadi rayonu \u0259razisind\u0259 i\u015f\u011faldan azad edilmi\u015f rayon v\u0259 k\u0259ndl\u0259rin sosial-iqtisadi inki\u015faf\u0131nda m\u00fch\u00fcm rol oynayacaq layih\u0259l\u0259rd\u0259n biri say\u0131lan A\u011fdam-\u018fsg\u0259ran avtomobil yolunun in\u015fas\u0131na ba\u015flan\u0131l\u0131b. Bu bar\u0259d\u0259 \u201cAzTV X\u0259b\u0259r\u201din A\u011fdama ezam olunmu\u015f \u0259m\u0259kda\u015f\u0131 birba\u015fa ba\u011flant\u0131da m\u0259lumat verib. Qeyd edilib ki, s\u00f6z\u00fcged\u0259n avtomobil yolunda torpaq v\u0259 qrunt i\u015fl\u0259rin\u0259 start verilib. O da bildirilib ki, A\u011fdamda \u015f\u0259h\u0259rdaxili avtomobil yollar\u0131n\u0131n&hellip;","_links":{"self":[{"href":"https:\/\/arantv.az\/index.php?rest_route=\/wp\/v2\/posts\/679281"}],"collection":[{"href":"https:\/\/arantv.az\/index.php?rest_route=\/wp\/v2\/posts"}],"about":[{"href":"https:\/\/arantv.az\/index.php?rest_route=\/wp\/v2\/types\/post"}],"author":[{"embeddable":true,"href":"https:\/\/arantv.az\/index.php?rest_route=\/wp\/v2\/users\/2"}],"replies":[{"embeddable":true,"href":"https:\/\/arantv.az\/index.php?rest_route=%2Fwp%2Fv2%2Fcomments&post=679281"}],"version-history":[{"count":0,"href":"https:\/\/arantv.az\/index.php?rest_route=\/wp\/v2\/posts\/679281\/revisions"}],"wp:featuredmedia":[{"embeddable":true,"href":"https:\/\/arantv.az\/index.php?rest_route=\/wp\/v2\/media\/679282"}],"wp:attachment":[{"href":"https:\/\/arantv.az\/index.php?rest_route=%2Fwp%2Fv2%2Fmedia&parent=679281"}],"wp:term":[{"taxonomy":"category","embeddable":true,"href":"https:\/\/arantv.az\/index.php?rest_route=%2Fwp%2Fv2%2Fcategories&post=679281"},{"taxonomy":"post_tag","embeddable":true,"href":"https:\/\/arantv.az\/index.php?rest_route=%2Fwp%2Fv2%2Ftags&post=679281"}],"curies":[{"name":"wp","href":"https:\/\/api.w.org\/{rel}","templated":true}]}}