{"id":679292,"date":"2024-01-12T19:29:07","date_gmt":"2024-01-12T15:29:07","guid":{"rendered":"https:\/\/arantv.az\/?p=679292"},"modified":"2024-01-12T19:29:07","modified_gmt":"2024-01-12T15:29:07","slug":"medvedev-britaniyani-muharib%c9%99-il%c9%99-h%c9%99d%c9%99l%c9%99di-foto","status":"publish","type":"post","link":"https:\/\/arantv.az\/?p=679292","title":{"rendered":"Medvedev Britaniyan\u0131 m\u00fcharib\u0259 il\u0259 h\u0259d\u0259l\u0259di &#8211; FOTO"},"content":{"rendered":"<article class=\"news\">\n<div class=\"news-inner\">\n<p>Moskva\u00a0B\u00f6y\u00fck Britaniyan\u0131n Ukraynaya r\u0259smi h\u0259rbi kontingentini g\u00f6nd\u0259rm\u0259sini Rusiyaya m\u00fcharib\u0259 elan\u0131 kimi qiym\u0259tl\u0259ndir\u0259c\u0259k.<\/p>\n<p><strong>ARANTV.AZ<\/strong>-\u0131n m\u0259lumat\u0131na g\u00f6r\u0259, bu bar\u0259d\u0259 Rusiya T\u0259hl\u00fck\u0259sizlik \u015euras\u0131n\u0131n s\u0259dr m\u00fcavini Dmitri Medvedev \u00f6z\u00fcn\u00fcn \u201cTelegram\u201d kanal\u0131nda yaz\u0131b.<\/p>\n<p>\u201cOnlar\u0131n (Britaniya &#8211;\u00a0red.) r\u0259smi h\u0259rbi kontingentinin Ukraynada yerl\u0259\u015fdirilm\u0259si \u00f6lk\u0259miz\u0259 m\u00fcharib\u0259 elan\u0131 dem\u0259k olacaq\u201d, &#8211; dey\u0259 o bildirib.<\/p>\n<p>Qeyd ed\u0259k ki, bu g\u00fcn Kiyev\u0259 s\u0259f\u0259r ed\u0259n Britaniyan\u0131n ba\u015f naziri Ri\u015fi Sunak Ukrayna Prezidenti Volodimir Zelenski il\u0259 birlikd\u0259 iki \u00f6lk\u0259 aras\u0131nda tarixi t\u0259hl\u00fck\u0259sizlik sazi\u015fi imzalayaca\u011f\u0131n\u0131 bildirib.<\/p>\n<p>Londonda vur\u011fulan\u0131b ki, ke\u00e7\u0259n il NATO-nun Viln\u00fcsd\u0259 ke\u00e7iril\u0259n sammitind\u0259 G7 \u00f6lk\u0259l\u0259ri Kiyev\u0259 ikit\u0259r\u0259fli\u00a0<a href=\"https:\/\/oxu.az\/world\/767968\" target=\"_blank\" rel=\"noopener\"><strong>t\u0259hl\u00fck\u0259sizlik z\u0259man\u0259ti<\/strong><\/a>\u00a0bar\u0259d\u0259 raz\u0131l\u0131\u011fa g\u0259libl\u0259r. B\u00f6y\u00fck Britaniya m\u00fcvafiq m\u00fcqavil\u0259ni ba\u011flayan ilk \u00f6lk\u0259 olacaq.<\/p>\n<p>&nbsp;<\/p>\n<div class=\"gallery\">\n<div class=\"gallery-i\"><img src=\"https:\/\/cdn.oxu.az\/uploads\/W1siZiIsIjIwMjQvMDEvMTIvMTcvMTgvMzgvYmRkYjQ2MWUtYmIwYi00YjNmLWJkZGUtMTk3OTcxYjZiZmMxL9Ch0L3QuNC80L7QuiDRjdC60YDQsNC90LAgMjAyNC0wMS0xMiAxNzE4MjAucG5nIl0sWyJwIiwiZW5jb2RlIiwianBnIiwiLXF1YWxpdHkgODAiXSxbInAiLCJ0aHVtYiIsIjU5MHg1OTBcdTAwM2UiXV0?sha=889c117168594fe4\" \/><\/p>\n<div class=\"gallery-i-caption\"><\/div>\n<\/div>\n<\/div>\n<\/div>\n<\/article>\n<section class=\"related-news\">\n<div class=\"l-center\"><\/div>\n<\/section>\n","protected":false},"excerpt":{"rendered":"<p>Moskva\u00a0B\u00f6y\u00fck Britaniyan\u0131n Ukraynaya r\u0259smi h\u0259rbi kontingentini g\u00f6nd\u0259rm\u0259sini Rusiyaya m\u00fcharib\u0259 elan\u0131 kimi qiym\u0259tl\u0259ndir\u0259c\u0259k. ARANTV.AZ-\u0131n m\u0259lumat\u0131na g\u00f6r\u0259, bu bar\u0259d\u0259 Rusiya T\u0259hl\u00fck\u0259sizlik \u015euras\u0131n\u0131n s\u0259dr m\u00fcavini Dmitri Medvedev \u00f6z\u00fcn\u00fcn \u201cTelegram\u201d kanal\u0131nda yaz\u0131b. \u201cOnlar\u0131n (Britaniya &#8211;\u00a0red.) r\u0259smi h\u0259rbi kontingentinin Ukraynada yerl\u0259\u015fdirilm\u0259si \u00f6lk\u0259miz\u0259 m\u00fcharib\u0259 elan\u0131 dem\u0259k olacaq\u201d, &#8211; dey\u0259 o bildirib. Qeyd ed\u0259k ki, bu g\u00fcn Kiyev\u0259 s\u0259f\u0259r ed\u0259n Britaniyan\u0131n ba\u015f naziri Ri\u015fi Sunak Ukrayna Prezidenti Volodimir Zelenski il\u0259 birlikd\u0259 iki \u00f6lk\u0259 aras\u0131nda tarixi t\u0259hl\u00fck\u0259sizlik sazi\u015fi imzalayaca\u011f\u0131n\u0131 bildirib. Londonda vur\u011fulan\u0131b ki, ke\u00e7\u0259n il NATO-nun Viln\u00fcsd\u0259 ke\u00e7iril\u0259n sammitind\u0259 G7 \u00f6lk\u0259l\u0259ri Kiyev\u0259 ikit\u0259r\u0259fli\u00a0t\u0259hl\u00fck\u0259sizlik z\u0259man\u0259ti\u00a0bar\u0259d\u0259 raz\u0131l\u0131\u011fa g\u0259libl\u0259r. B\u00f6y\u00fck Britaniya&hellip;<\/p>\n","protected":false},"author":2,"featured_media":679293,"comment_status":"closed","ping_status":"closed","sticky":false,"template":"","format":"standard","meta":{"om_disable_all_campaigns":false,"_monsterinsights_skip_tracking":false,"_monsterinsights_sitenote_active":false,"_monsterinsights_sitenote_note":"","_monsterinsights_sitenote_category":0},"categories":[7],"tags":[],"aioseo_notices":[],"gutentor_comment":0,"rttpg_featured_image_url":{"full":["https:\/\/arantv.az\/wp-content\/uploads\/2024\/01\/416355690_750916926479063_8370685510095132742_n.jpg",620,413,false],"landscape":["https:\/\/arantv.az\/wp-content\/uploads\/2024\/01\/416355690_750916926479063_8370685510095132742_n.jpg",620,413,false],"portraits":["https:\/\/arantv.az\/wp-content\/uploads\/2024\/01\/416355690_750916926479063_8370685510095132742_n.jpg",620,413,false],"thumbnail":["https:\/\/arantv.az\/wp-content\/uploads\/2024\/01\/416355690_750916926479063_8370685510095132742_n-500x280.jpg",500,280,true],"medium":["https:\/\/arantv.az\/wp-content\/uploads\/2024\/01\/416355690_750916926479063_8370685510095132742_n-548x365.jpg",548,365,true],"large":["https:\/\/arantv.az\/wp-content\/uploads\/2024\/01\/416355690_750916926479063_8370685510095132742_n.jpg",620,413,false],"1536x1536":["https:\/\/arantv.az\/wp-content\/uploads\/2024\/01\/416355690_750916926479063_8370685510095132742_n.jpg",620,413,false],"2048x2048":["https:\/\/arantv.az\/wp-content\/uploads\/2024\/01\/416355690_750916926479063_8370685510095132742_n.jpg",620,413,false],"post-thumbnail":["https:\/\/arantv.az\/wp-content\/uploads\/2024\/01\/416355690_750916926479063_8370685510095132742_n-240x172.jpg",240,172,true],"advps-thumb-one":["https:\/\/arantv.az\/wp-content\/uploads\/2024\/01\/416355690_750916926479063_8370685510095132742_n.jpg",620,413,false]},"rttpg_author":{"display_name":"V\u00fcsal Rafiqo\u011flu","author_link":"https:\/\/arantv.az\/?author=2"},"rttpg_comment":0,"rttpg_category":"<a href=\"https:\/\/arantv.az\/?cat=7\" rel=\"category\">D\u00fcnya<\/a>","rttpg_excerpt":"Moskva\u00a0B\u00f6y\u00fck Britaniyan\u0131n Ukraynaya r\u0259smi h\u0259rbi kontingentini g\u00f6nd\u0259rm\u0259sini Rusiyaya m\u00fcharib\u0259 elan\u0131 kimi qiym\u0259tl\u0259ndir\u0259c\u0259k. ARANTV.AZ-\u0131n m\u0259lumat\u0131na g\u00f6r\u0259, bu bar\u0259d\u0259 Rusiya T\u0259hl\u00fck\u0259sizlik \u015euras\u0131n\u0131n s\u0259dr m\u00fcavini Dmitri Medvedev \u00f6z\u00fcn\u00fcn \u201cTelegram\u201d kanal\u0131nda yaz\u0131b. \u201cOnlar\u0131n (Britaniya &#8211;\u00a0red.) r\u0259smi h\u0259rbi kontingentinin Ukraynada yerl\u0259\u015fdirilm\u0259si \u00f6lk\u0259miz\u0259 m\u00fcharib\u0259 elan\u0131 dem\u0259k olacaq\u201d, &#8211; dey\u0259 o bildirib. Qeyd ed\u0259k ki, bu g\u00fcn Kiyev\u0259 s\u0259f\u0259r ed\u0259n Britaniyan\u0131n ba\u015f&hellip;","_links":{"self":[{"href":"https:\/\/arantv.az\/index.php?rest_route=\/wp\/v2\/posts\/679292"}],"collection":[{"href":"https:\/\/arantv.az\/index.php?rest_route=\/wp\/v2\/posts"}],"about":[{"href":"https:\/\/arantv.az\/index.php?rest_route=\/wp\/v2\/types\/post"}],"author":[{"embeddable":true,"href":"https:\/\/arantv.az\/index.php?rest_route=\/wp\/v2\/users\/2"}],"replies":[{"embeddable":true,"href":"https:\/\/arantv.az\/index.php?rest_route=%2Fwp%2Fv2%2Fcomments&post=679292"}],"version-history":[{"count":0,"href":"https:\/\/arantv.az\/index.php?rest_route=\/wp\/v2\/posts\/679292\/revisions"}],"wp:featuredmedia":[{"embeddable":true,"href":"https:\/\/arantv.az\/index.php?rest_route=\/wp\/v2\/media\/679293"}],"wp:attachment":[{"href":"https:\/\/arantv.az\/index.php?rest_route=%2Fwp%2Fv2%2Fmedia&parent=679292"}],"wp:term":[{"taxonomy":"category","embeddable":true,"href":"https:\/\/arantv.az\/index.php?rest_route=%2Fwp%2Fv2%2Fcategories&post=679292"},{"taxonomy":"post_tag","embeddable":true,"href":"https:\/\/arantv.az\/index.php?rest_route=%2Fwp%2Fv2%2Ftags&post=679292"}],"curies":[{"name":"wp","href":"https:\/\/api.w.org\/{rel}","templated":true}]}}