{"id":679295,"date":"2024-01-12T19:29:57","date_gmt":"2024-01-12T15:29:57","guid":{"rendered":"https:\/\/arantv.az\/?p=679295"},"modified":"2024-01-12T19:29:57","modified_gmt":"2024-01-12T15:29:57","slug":"abs-nin-sulh-ist%c9%99yi-vasinqton-c%c9%99nubi-qafqazda-obyektiv-olmalidir-s%c9%99rh-foto","status":"publish","type":"post","link":"https:\/\/arantv.az\/?p=679295","title":{"rendered":"AB\u015e-nin s\u00fclh ist\u0259yi: Va\u015finqton C\u0259nubi Qafqazda obyektiv olmal\u0131d\u0131r &#8211; \u015e\u018fRH + FOTO"},"content":{"rendered":"<p>Bu g\u00fcn Az\u0259rbaycan\u0131n xarici siyas\u0259t kursunun \u0259sas prioritetl\u0259rind\u0259n biri Erm\u0259nistanla s\u00fclh m\u00fcqavil\u0259sinin imzalanmas\u0131 v\u0259 regionda \u0259m\u0259kda\u015fl\u0131q m\u00fchitinin t\u0259min olunmas\u0131d\u0131r. R\u0259smi Bak\u0131 bunun \u00fc\u00e7\u00fcn m\u00fcvafiq add\u0131mlar at\u0131r.<\/p>\n<p>2020-ci ild\u0259 \u0130kinci Qaraba\u011f m\u00fcharib\u0259sind\u0259n v\u0259 2023-c\u00fc ilin sentyabr ay\u0131nda ke\u00e7irilmi\u015f birg\u00fcnl\u00fck lokal xarakterli antiterror t\u0259dbirl\u0259rind\u0259n sonra regionda s\u00fclh\u00fcn t\u0259min olunmas\u0131 istiqam\u0259tind\u0259 yeni imkanlar a\u00e7\u0131ld\u0131. Qondarma rejimin l\u0259\u011fvi il\u0259 is\u0259 s\u00fclh\u0259 mane olan \u0259sas \u0259ng\u0259l aradan qald\u0131r\u0131ld\u0131. Art\u0131q n\u0259inki Erm\u0259nistan, vasit\u0259\u00e7ilik iddias\u0131nda olan \u00fc\u00e7\u00fcnc\u00fc g\u00fccl\u0259r, o c\u00fcml\u0259d\u0259n AB\u015e d\u0259 ba\u015fa d\u00fc\u015f\u00fcr ki, s\u00fclh qa\u00e7\u0131lmazd\u0131r.<\/p>\n<p>\u0130kinci Qaraba\u011f m\u00fcharib\u0259sin\u0259d\u0259k bir \u00e7ox vasit\u0259\u00e7il\u0259r s\u00fclh\u0259 mane olma\u011fa, regionda g\u0259rginliyin saxlanmas\u0131na \u00e7al\u0131\u015f\u0131rd\u0131lar. M\u0259qs\u0259d b\u00f6lg\u0259d\u0259ki t\u0259sir g\u00fccl\u0259rinin qorunmas\u0131 idi. Bu g\u00fcn is\u0259 h\u0259min aktorlar s\u00fclh prosesind\u0259 vasit\u0259\u00e7i olma\u011fa v\u0259 bel\u0259likl\u0259, regiondak\u0131 m\u00f6vqel\u0259rini qoruma\u011fa \u00e7al\u0131\u015f\u0131rlar. Bu, m\u0259hz r\u0259smi Bak\u0131n\u0131n yaratd\u0131\u011f\u0131 reall\u0131qd\u0131r.<\/p>\n<p>Son zamanlar vasit\u0259\u00e7ilik iddias\u0131nda olan t\u0259r\u0259fl\u0259rin, o c\u00fcml\u0259d\u0259n AB\u015e-nin f\u0259alla\u015fmas\u0131 he\u00e7 d\u0259 t\u0259sad\u00fcfi deyil. Eynil\u0259 Moskva v\u0259 Br\u00fcssel kimi, Va\u015finqton da anlay\u0131r ki, Bak\u0131 \u00f6z maraqlar\u0131n\u0131 t\u0259min etm\u0259y\u0259 davam ed\u0259c\u0259k. Bel\u0259 olan halda Az\u0259rbaycan\u0131 g\u00f6rm\u0259zd\u0259n g\u0259lm\u0259k strateji s\u0259hv olar. Odur ki, beyn\u0259lxalq oyun\u00e7ular s\u00fclh prosesini tez-tez xat\u0131rlatmaqla h\u0259m d\u0259 vasit\u0259\u00e7ilikl\u0259rini t\u0259qdim edirl\u0259r. \u018flb\u0259tt\u0259, onlar\u0131 d\u00fc\u015f\u00fcnd\u00fcr\u0259n, dediyimiz kimi, ancaq \u00f6z maraqlar\u0131d\u0131r.<\/p>\n<p><img src=\"https:\/\/cdn.oxu.az\/uploads\/W1siZiIsIjIwMjQvMDEvMTIvMTYvMjUvMTAvNmRhZWFhNjctZDlhOC00ZTI2LTk3ZWUtMTNlNWM3OWJhYzdhLzBlNDJkZjVhLWRkZjUtMzM0NC1hYTIzLWQxYzQ0NTM2ODU2Yy5qcGciXSxbInAiLCJlbmNvZGUiLCJqcGciLCItcXVhbGl0eSA4MCJdLFsicCIsInRodW1iIiwiNTkweDU5MFx1MDAzZSJdXQ?sha=253b417c3ada87a1\" alt=\"\" \/><\/p>\n<p>AB\u015e D\u00f6vl\u0259t Departamentinin m\u0259tbuat katibinin m\u00fcavini Vedant Patel yanvar\u0131n 11-d\u0259 deyib ki, AB\u015e Bak\u0131 il\u0259 \u0130r\u0259van aras\u0131nda davaml\u0131 s\u00fclh\u00fcn b\u0259rq\u0259rar olmas\u0131n\u0131n m\u00fcmk\u00fcnl\u00fcy\u00fcn\u0259 inan\u0131r: \u201cErm\u0259nistanla Az\u0259rbaycan aras\u0131nda davaml\u0131 s\u00fclh\u00fcn m\u00fcmk\u00fcn oldu\u011funa h\u0259l\u0259 d\u0259 inan\u0131r\u0131q. Bu, D\u00f6vl\u0259t Departamentinin \u00e7al\u0131\u015faca\u011f\u0131 bir m\u0259s\u0259l\u0259dir. Lui Bono, d\u00f6vl\u0259t katibi v\u0259 dig\u0259rl\u0259ri bu i\u015fl\u0259 f\u0259al m\u0259\u015f\u011fuldurlar\u201d.<\/p>\n<p>Bel\u0259likl\u0259, Va\u015finqton t\u0259r\u0259fl\u0259r\u0259 xat\u0131rlad\u0131b ki, s\u00fclh p\u0259nc\u0259r\u0259si h\u0259l\u0259 d\u0259 a\u00e7\u0131qd\u0131r. H\u0259r\u00e7\u0259nd, bunu Az\u0259rbaycan \u00f6z\u00fc d\u0259 bilir. Bak\u0131ya laz\u0131m olan \u00fc\u00e7\u00fcnc\u00fc g\u00fccl\u0259rin b\u0259yanatlar\u0131ndan daha \u00e7ox, \u0259m\u0259li v\u0259 s\u0259mimi d\u0259st\u0259kl\u0259ridir.<\/p>\n<p>Maraql\u0131d\u0131r ki, el\u0259 h\u0259min g\u00fcn, y\u0259ni yanvar\u0131n 11-d\u0259 AB\u015e d\u00f6vl\u0259t katibinin Avropa v\u0259 Avrasiya m\u0259s\u0259l\u0259l\u0259ri \u00fczr\u0259 k\u00f6m\u0259k\u00e7isi Ceyms O&#8217;Brayen bildirib ki, AB\u015e Az\u0259rbaycanla Erm\u0259nistan aras\u0131nda s\u00fclh prosesini v\u0259 m\u00fcnasib\u0259tl\u0259rin normalla\u015fd\u0131r\u0131lmas\u0131n\u0131 d\u0259st\u0259kl\u0259m\u0259kd\u0259 davam edir v\u0259 bu istiqam\u0259td\u0259 ist\u0259nil\u0259n \u015f\u0259kild\u0259 k\u00f6m\u0259kd\u0259n m\u0259mnundur:<\/p>\n<p>\u201cSevindirici hald\u0131r ki, t\u0259r\u0259fl\u0259r aralar\u0131nda qalan m\u0259s\u0259l\u0259l\u0259rin h\u0259lli \u00fc\u00e7\u00fcn ikit\u0259r\u0259fli \u0259sasda m\u00fczakir\u0259l\u0259r davam edir. Biz \u00e7ox h\u0259v\u0259sl\u0259nirik ki, onlar (Az\u0259rbaycan v\u0259 Erm\u0259nistan &#8211; red.) ikit\u0259r\u0259fli s\u0259viyy\u0259d\u0259 f\u0259al g\u00fcnd\u0259liy\u0259 sahib olmaqda v\u0259 qalan m\u0259s\u0259l\u0259l\u0259rin h\u0259llin\u0259 davam edirl\u0259r. H\u0259l\u0259 g\u00f6r\u00fcl\u0259si i\u015fl\u0259r var v\u0259 k\u00f6m\u0259k ed\u0259 bil\u0259c\u0259yimiz d\u0259r\u0259c\u0259d\u0259 d\u0259st\u0259k verm\u0259kd\u0259n m\u0259mnunuq\u201d.<\/p>\n<p>Onun s\u00f6zl\u0259rin\u0259 g\u00f6r\u0259, AB\u015e Az\u0259rbaycan v\u0259 Erm\u0259nistanla yax\u015f\u0131 \u0259laq\u0259l\u0259r\u0259 malikdir v\u0259 onlar aras\u0131nda s\u00fclh\u00fcn regionda inki\u015faf \u00fc\u00e7\u00fcn yax\u015f\u0131 imkanlar yaradaca\u011f\u0131na inan\u0131r.<\/p>\n<p>C.O&#8217;Brayenin fikirl\u0259rind\u0259 \u0259n diqq\u0259t\u00e7\u0259k\u0259n m\u0259qam budur: o, ikit\u0259r\u0259fli t\u0259maslar\u0131 d\u0259st\u0259kl\u0259m\u0259sin\u0259 baxmayaraq, yen\u0259 d\u0259 vasit\u0259\u00e7ilik iddias\u0131 il\u0259 \u00e7\u0131x\u0131\u015f edib. \u018flb\u0259tt\u0259, n\u0259inki AB\u015e, ist\u0259nil\u0259n \u00fc\u00e7\u00fcnc\u00fc aktor m\u00fcmk\u00fcn q\u0259d\u0259r ikit\u0259r\u0259fli t\u0259maslara qar\u015f\u0131 \u00e7\u0131xma\u011fa \u00e7al\u0131\u015f\u0131r. \u00c7\u00fcnki bu, h\u0259min oyun\u00e7ular\u0131n regional t\u0259sir imkanlar\u0131n\u0131n azalmas\u0131 dem\u0259kdir.<\/p>\n<p><img src=\"https:\/\/cdn.oxu.az\/uploads\/W1siZiIsIjIwMjQvMDEvMTIvMTYvMjUvMTAvMWM5YmZkNGYtNGZmMS00ZjRiLWI0MGUtMTk5MWQ3ZTljNWFmL2M0NDQ0YTdjLTdhODgtM2VjZi1hMDIzLWExZWQxMzM5YjI2ZC5qcGciXSxbInAiLCJlbmNvZGUiLCJqcGciLCItcXVhbGl0eSA4MCJdLFsicCIsInRodW1iIiwiNTkweDU5MFx1MDAzZSJdXQ?sha=4c2bd35257ef55c7\" alt=\"\" \/><\/p>\n<p>\u018flb\u0259tt\u0259, Va\u015finqtonun s\u0259mimiliyin\u0259 inam yoxdur. Nec\u0259 dey\u0259rl\u0259r, Va\u015finqtonun ipinin \u00fcst\u00fcn\u0259 odun y\u0131\u011fmaq olmaz. \u018fn az\u0131ndan ona g\u00f6r\u0259 ki, bu d\u00f6vl\u0259t uzun ill\u0259r AT\u018fT-in ke\u00e7mi\u015f Minsk qrupunun h\u0259ms\u0259dri kimi he\u00e7 bir i\u015f g\u00f6rm\u0259yib, s\u00fclh\u0259 t\u00f6hf\u0259 verm\u0259yib, \u0259ksin\u0259, prosesin uzanmas\u0131na \u00e7al\u0131\u015f\u0131b. Va\u015finqton ayr\u0131-ayr\u0131 vaxtlarda \u0130r\u0259van\u0131n ba\u015f\u0131n\u0131n alt\u0131na yast\u0131q qoyub. Xat\u0131rlatmaq yerin\u0259 d\u00fc\u015f\u0259r ki, 2023-c\u00fc ilin noyabr ay\u0131nda AB\u015e Senat\u0131 erm\u0259nil\u0259rin m\u00fcdafi\u0259 akt\u0131 il\u0259 ba\u011fl\u0131 b\u0259yanat q\u0259bul edib. AB\u015e d\u00f6vl\u0259t katibinin Avropa v\u0259 Avrasiya m\u0259s\u0259l\u0259l\u0259ri \u00fczr\u0259 k\u00f6m\u0259k\u00e7isi v\u0259zif\u0259sini icra ed\u0259n Yuri Kim is\u0259 \u00f6t\u0259n ilin sentyabr\u0131nda s\u00f6yl\u0259mi\u015fdi ki, \u201cAB\u015e \u201cDa\u011fl\u0131q Qaraba\u011f\u201d\u0131n (bel\u0259 bir inzibati vahid yoxdur &#8211; red. ) erm\u0259ni \u0259halisin\u0259 qar\u015f\u0131 etnik t\u0259mizl\u0259m\u0259 v\u0259 ya dig\u0259r v\u0259h\u015filikl\u0259r t\u00f6r\u0259tm\u0259k \u00fc\u00e7\u00fcn q\u0131sa v\u0259 ya uzunm\u00fcdd\u0259tli he\u00e7 bir h\u0259r\u0259k\u0259t\u0259 v\u0259 ya s\u0259y\u0259 d\u00f6zm\u0259y\u0259c\u0259k\u201d.<\/p>\n<p>\u018flb\u0259tt\u0259, bel\u0259 hallar \u00e7ox olub. AB\u015e m\u00fcxt\u0259lif vaxtlarda, f\u0259rqli s\u0259viyy\u0259l\u0259rd\u0259 Az\u0259rbaycana qar\u015f\u0131 q\u0259r\u0259zli m\u00f6vqe ortaya qoyub. Odur ki, Va\u015finqton s\u0259mimi oldu\u011funu \u0259m\u0259li il\u0259 s\u00fcbut etm\u0259li, Bak\u0131n\u0131 buna inand\u0131rma\u011fa \u00e7al\u0131\u015fmal\u0131d\u0131r. Bunun \u00fc\u00e7\u00fcn is\u0259 \u0259m\u0259li add\u0131mlara ehtiyac var. A\u011f Ev Az\u0259rbaycan\u0131n maraqlar\u0131n\u0131 v\u0259 reall\u0131qlar\u0131 n\u0259z\u0259r\u0259 almal\u0131d\u0131r. Bunun \u00fc\u00e7\u00fcn is\u0259 m\u0259s\u0259l\u0259n, minal\u0131 \u0259razil\u0259rin x\u0259rit\u0259sinin Az\u0259rbaycana verilm\u0259si il\u0259 ba\u011fl\u0131 Erm\u0259nistana t\u0259zyiq g\u00f6st\u0259rilm\u0259li, s\u0259rh\u0259dl\u0259rin delimitasiya v\u0259 demarkasiyas\u0131na m\u00fcsb\u0259t t\u00f6hf\u0259 verilm\u0259lidir. Eyni zamanda, Erm\u0259nistan silahland\u0131r\u0131lmamal\u0131, t\u0259xribat\u00e7\u0131 h\u0259r\u0259k\u0259tl\u0259rd\u0259n, iddialardan \u00e7\u0259kindirilm\u0259lidir. H\u0259m\u00e7inin, A\u011f Ev s\u0259rh\u0259dl\u0259rin delimitasiya v\u0259 demarkasiyas\u0131na, anklavlar m\u0259s\u0259l\u0259sinin h\u0259llin\u0259 t\u00f6hf\u0259 verm\u0259y\u0259 \u00e7al\u0131\u015fmal\u0131d\u0131r. Bu halda n\u0259tic\u0259 \u0259ld\u0259 etm\u0259k olar. M\u00fcmk\u00fcnd\u00fcr ki, AB\u015e-nin h\u0259m d\u0259 regionla ba\u011fl\u0131 iqtisadi maraqlar\u0131 var. \u00dcst\u0259g\u0259l, ola bilsin, Va\u015finqton Moskvan\u0131n C\u0259nubi Qafqazdak\u0131 t\u0259sir imkanlar\u0131n\u0131 azaltmaq ist\u0259yir. Lakin AB\u015e bilm\u0259lidir ki, Bak\u0131n\u0131n maraqlar\u0131 n\u0259z\u0259r\u0259 al\u0131nmadan bu m\u0259qs\u0259dl\u0259r\u0259 nail olmaq m\u00fcmk\u00fcn deyil.<\/p>\n<p><img src=\"https:\/\/cdn.oxu.az\/uploads\/W1siZiIsIjIwMjQvMDEvMTIvMTYvMjUvMTAvZDkyYmE2NmUtNmIxYS00NzYyLTk5MWQtMjgyMzczYTI5ZTcxL2I2MzU0N2M4LTg4ZDYtNDEwOS1iYzMxLTUwN2VhMjZiMGZjNy5qcGciXSxbInAiLCJlbmNvZGUiLCJqcGciLCItcXVhbGl0eSA4MCJdLFsicCIsInRodW1iIiwiNTkweDU5MFx1MDAzZSJdXQ?sha=e4845eeba0020dff\" alt=\"\" \/><\/p>\n<p>AB\u015e, eyni zamanda, Fransa il\u0259 Az\u0259rbaycan aras\u0131ndak\u0131 m\u00fcnasib\u0259tl\u0259rin m\u00f6vcud s\u0259viyy\u0259sind\u0259n d\u0259 d\u0259rs \u00e7\u0131xarmal\u0131d\u0131r. R\u0259smi Paris uzun m\u00fcdd\u0259tdir, n\u0259inki erm\u0259nip\u0259r\u0259st, h\u0259m d\u0259 anti-Az\u0259rbaycan m\u00f6vqe ortaya qoyur. Bu is\u0259 ikit\u0259r\u0259fli m\u00fcnasib\u0259tl\u0259r\u0259 v\u0259 Yelisey saray\u0131n\u0131n C\u0259nubi Qafqazdak\u0131 maraqlar\u0131n\u0131n t\u0259min olunmas\u0131na m\u0259nfi t\u0259sir edir. Odur ki, ist\u0259nil\u0259n \u00fc\u00e7\u00fcnc\u00fc g\u00fcc, o c\u00fcml\u0259d\u0259n A\u011f Ev ba\u015fa d\u00fc\u015fm\u0259lidir ki, C\u0259nubi Qafqaz\u0131n \u0259sas aktor olan Az\u0259rbaycan\u0131n maraqlar\u0131 n\u0259z\u0259r\u0259 al\u0131nmadan regional maraqlar\u0131n t\u0259min olunmas\u0131 m\u00fcmk\u00fcn deyil. Bundan sonra Bak\u0131 il\u0259 \u0130r\u0259van aras\u0131nda ikit\u0259r\u0259fli t\u0259maslara \u00fcst\u00fcnl\u00fck verilm\u0259lidir. \u0130st\u0259nil\u0259n xarici q\u00fcvv\u0259nin, o c\u00fcml\u0259d\u0259n AB\u015e-nin prosesl\u0259r\u0259 t\u0259sir imkan\u0131 minimum olmal\u0131d\u0131r. \u00c7\u00fcnki dediyimiz kimi, ist\u0259nil\u0259n \u00fc\u00e7\u00fcnc\u00fc g\u00fcc \u00f6z maraqlar\u0131 bar\u0259d\u0259 d\u00fc\u015f\u00fcn\u00fcr. Bu is\u0259 b\u00f6lg\u0259d\u0259ki xaosu daha da art\u0131ra bil\u0259r.<\/p>\n<p>Bununla yana\u015f\u0131, \u0259lb\u0259tt\u0259, Az\u0259rbaycan \u00fc\u00e7\u00fcnc\u00fc g\u00fccl\u0259rin s\u0259mimi s\u0259yl\u0259rind\u0259n d\u0259 imtina etmir. \u018fksin\u0259, etiraf etm\u0259k laz\u0131md\u0131r ki, beyn\u0259lxalq oyun\u00e7ular\u0131n vasit\u0259\u00e7ilik istiqam\u0259tind\u0259ki m\u00fcbariz\u0259si r\u0259smi Bak\u0131 \u00fc\u00e7\u00fcn yeni imkanlar a\u00e7a bil\u0259r. Az\u0259rbaycan bu r\u0259qab\u0259t m\u00fchitind\u0259n \u00f6z xeyrin\u0259 istifad\u0259 ed\u0259 bil\u0259r.<\/p>\n<p>Bel\u0259likl\u0259, AB\u015e-nin prosesl\u0259rd\u0259 hans\u0131 rol oynamas\u0131 daha \u00e7ox bu d\u00f6vl\u0259tin \u00f6z ritorikas\u0131ndan, g\u0259l\u0259c\u0259k add\u0131mlar\u0131ndan as\u0131l\u0131d\u0131r. T\u0259cr\u00fcb\u0259 g\u00f6st\u0259rir ki, Az\u0259rbaycan \u00fc\u00e7\u00fcn hans\u0131sa d\u00f6vl\u0259tin vasit\u0259\u00e7iliyi h\u0259lledici v\u0259 taley\u00fckl\u00fc m\u0259s\u0259l\u0259 deyil. Bak\u0131 ist\u0259nil\u0259n halda \u00f6z maraqlar\u0131n\u0131 t\u0259min etm\u0259y\u0259 qadirdir. Va\u015finqtonun m\u00fcsb\u0259t v\u0259 s\u0259mimi vasit\u0259\u00e7ilik c\u0259hdl\u0259ri is\u0259 yaln\u0131z ikit\u0259r\u0259fli m\u00fcnasib\u0259tl\u0259rin inki\u015faf\u0131na t\u00f6hf\u0259 ver\u0259 bil\u0259r. Bu da AB\u015e \u00fc\u00e7\u00fcn \u0259h\u0259miyy\u0259tlidir.<\/p>\n<p><strong>\u201cReport\u201d \u0130nformasiya Agentliyi<\/strong><\/p>\n","protected":false},"excerpt":{"rendered":"<p>Bu g\u00fcn Az\u0259rbaycan\u0131n xarici siyas\u0259t kursunun \u0259sas prioritetl\u0259rind\u0259n biri Erm\u0259nistanla s\u00fclh m\u00fcqavil\u0259sinin imzalanmas\u0131 v\u0259 regionda \u0259m\u0259kda\u015fl\u0131q m\u00fchitinin t\u0259min olunmas\u0131d\u0131r. R\u0259smi Bak\u0131 bunun \u00fc\u00e7\u00fcn m\u00fcvafiq add\u0131mlar at\u0131r. 2020-ci ild\u0259 \u0130kinci Qaraba\u011f m\u00fcharib\u0259sind\u0259n v\u0259 2023-c\u00fc ilin sentyabr ay\u0131nda ke\u00e7irilmi\u015f birg\u00fcnl\u00fck lokal xarakterli antiterror t\u0259dbirl\u0259rind\u0259n sonra regionda s\u00fclh\u00fcn t\u0259min olunmas\u0131 istiqam\u0259tind\u0259 yeni imkanlar a\u00e7\u0131ld\u0131. Qondarma rejimin l\u0259\u011fvi il\u0259 is\u0259 s\u00fclh\u0259 mane olan \u0259sas \u0259ng\u0259l aradan qald\u0131r\u0131ld\u0131. Art\u0131q n\u0259inki Erm\u0259nistan, vasit\u0259\u00e7ilik iddias\u0131nda olan \u00fc\u00e7\u00fcnc\u00fc g\u00fccl\u0259r, o c\u00fcml\u0259d\u0259n AB\u015e d\u0259 ba\u015fa d\u00fc\u015f\u00fcr ki, s\u00fclh qa\u00e7\u0131lmazd\u0131r. \u0130kinci Qaraba\u011f m\u00fcharib\u0259sin\u0259d\u0259k bir \u00e7ox vasit\u0259\u00e7il\u0259r s\u00fclh\u0259 mane olma\u011fa, regionda&hellip;<\/p>\n","protected":false},"author":2,"featured_media":679296,"comment_status":"closed","ping_status":"closed","sticky":false,"template":"","format":"standard","meta":{"om_disable_all_campaigns":false,"_monsterinsights_skip_tracking":false,"_monsterinsights_sitenote_active":false,"_monsterinsights_sitenote_note":"","_monsterinsights_sitenote_category":0},"categories":[4],"tags":[],"aioseo_notices":[],"gutentor_comment":0,"rttpg_featured_image_url":{"full":["https:\/\/arantv.az\/wp-content\/uploads\/2024\/01\/36460400-0cd6-3140-a690-1a8a16cb488a_850.jpg",620,413,false],"landscape":["https:\/\/arantv.az\/wp-content\/uploads\/2024\/01\/36460400-0cd6-3140-a690-1a8a16cb488a_850.jpg",620,413,false],"portraits":["https:\/\/arantv.az\/wp-content\/uploads\/2024\/01\/36460400-0cd6-3140-a690-1a8a16cb488a_850.jpg",620,413,false],"thumbnail":["https:\/\/arantv.az\/wp-content\/uploads\/2024\/01\/36460400-0cd6-3140-a690-1a8a16cb488a_850-500x280.jpg",500,280,true],"medium":["https:\/\/arantv.az\/wp-content\/uploads\/2024\/01\/36460400-0cd6-3140-a690-1a8a16cb488a_850-548x365.jpg",548,365,true],"large":["https:\/\/arantv.az\/wp-content\/uploads\/2024\/01\/36460400-0cd6-3140-a690-1a8a16cb488a_850.jpg",620,413,false],"1536x1536":["https:\/\/arantv.az\/wp-content\/uploads\/2024\/01\/36460400-0cd6-3140-a690-1a8a16cb488a_850.jpg",620,413,false],"2048x2048":["https:\/\/arantv.az\/wp-content\/uploads\/2024\/01\/36460400-0cd6-3140-a690-1a8a16cb488a_850.jpg",620,413,false],"post-thumbnail":["https:\/\/arantv.az\/wp-content\/uploads\/2024\/01\/36460400-0cd6-3140-a690-1a8a16cb488a_850-240x172.jpg",240,172,true],"advps-thumb-one":["https:\/\/arantv.az\/wp-content\/uploads\/2024\/01\/36460400-0cd6-3140-a690-1a8a16cb488a_850.jpg",620,413,false]},"rttpg_author":{"display_name":"V\u00fcsal Rafiqo\u011flu","author_link":"https:\/\/arantv.az\/?author=2"},"rttpg_comment":0,"rttpg_category":"<a href=\"https:\/\/arantv.az\/?cat=4\" rel=\"category\">Siyas\u0259t<\/a>","rttpg_excerpt":"Bu g\u00fcn Az\u0259rbaycan\u0131n xarici siyas\u0259t kursunun \u0259sas prioritetl\u0259rind\u0259n biri Erm\u0259nistanla s\u00fclh m\u00fcqavil\u0259sinin imzalanmas\u0131 v\u0259 regionda \u0259m\u0259kda\u015fl\u0131q m\u00fchitinin t\u0259min olunmas\u0131d\u0131r. R\u0259smi Bak\u0131 bunun \u00fc\u00e7\u00fcn m\u00fcvafiq add\u0131mlar at\u0131r. 2020-ci ild\u0259 \u0130kinci Qaraba\u011f m\u00fcharib\u0259sind\u0259n v\u0259 2023-c\u00fc ilin sentyabr ay\u0131nda ke\u00e7irilmi\u015f birg\u00fcnl\u00fck lokal xarakterli antiterror t\u0259dbirl\u0259rind\u0259n sonra regionda s\u00fclh\u00fcn t\u0259min olunmas\u0131 istiqam\u0259tind\u0259 yeni imkanlar a\u00e7\u0131ld\u0131. Qondarma rejimin l\u0259\u011fvi il\u0259&hellip;","_links":{"self":[{"href":"https:\/\/arantv.az\/index.php?rest_route=\/wp\/v2\/posts\/679295"}],"collection":[{"href":"https:\/\/arantv.az\/index.php?rest_route=\/wp\/v2\/posts"}],"about":[{"href":"https:\/\/arantv.az\/index.php?rest_route=\/wp\/v2\/types\/post"}],"author":[{"embeddable":true,"href":"https:\/\/arantv.az\/index.php?rest_route=\/wp\/v2\/users\/2"}],"replies":[{"embeddable":true,"href":"https:\/\/arantv.az\/index.php?rest_route=%2Fwp%2Fv2%2Fcomments&post=679295"}],"version-history":[{"count":0,"href":"https:\/\/arantv.az\/index.php?rest_route=\/wp\/v2\/posts\/679295\/revisions"}],"wp:featuredmedia":[{"embeddable":true,"href":"https:\/\/arantv.az\/index.php?rest_route=\/wp\/v2\/media\/679296"}],"wp:attachment":[{"href":"https:\/\/arantv.az\/index.php?rest_route=%2Fwp%2Fv2%2Fmedia&parent=679295"}],"wp:term":[{"taxonomy":"category","embeddable":true,"href":"https:\/\/arantv.az\/index.php?rest_route=%2Fwp%2Fv2%2Fcategories&post=679295"},{"taxonomy":"post_tag","embeddable":true,"href":"https:\/\/arantv.az\/index.php?rest_route=%2Fwp%2Fv2%2Ftags&post=679295"}],"curies":[{"name":"wp","href":"https:\/\/api.w.org\/{rel}","templated":true}]}}