{"id":679304,"date":"2024-01-12T19:32:04","date_gmt":"2024-01-12T15:32:04","guid":{"rendered":"https:\/\/arantv.az\/?p=679304"},"modified":"2024-01-12T19:32:04","modified_gmt":"2024-01-12T15:32:04","slug":"su-saygaclarini-saxtali-havada-nec%c9%99-qoruyaq-video","status":"publish","type":"post","link":"https:\/\/arantv.az\/?p=679304","title":{"rendered":"Su say\u011faclar\u0131n\u0131 \u015faxtal\u0131 havada nec\u0259 qoruyaq? &#8211; V\u0130DEO"},"content":{"rendered":"<article class=\"news\">\n<div class=\"news-inner\">\n<p>\u00d6lk\u0259 \u0259razisind\u0259, x\u00fcsusil\u0259 Ab\u015feron yar\u0131madas\u0131nda qeyri-sabit v\u0259 \u015faxtal\u0131 hava \u015f\u0259raitinin ke\u00e7\u0259c\u0259yi g\u00fcnl\u0259rd\u0259 i\u00e7m\u0259li su x\u0259tl\u0259rinin v\u0259 say\u011faclar\u0131n donvurmadan qorunmas\u0131na ciddi diqq\u0259t yetirilm\u0259lidir.<\/p>\n<p>Bu bar\u0259d\u0259 Az\u0259rbaycan D\u00f6vl\u0259t Su Ehtiyatlar\u0131 Agentliyinin abonentl\u0259r\u0259 m\u00fcraci\u0259tind\u0259 bildirilib.<\/p>\n<p>Qurum bildirib ki, f\u0259rdi ya\u015fay\u0131\u015f evl\u0259rind\u0259 v\u0259 h\u0259y\u0259tyan\u0131 sah\u0259l\u0259rd\u0259, el\u0259c\u0259 d\u0259 kommersiya obyektl\u0259rind\u0259 qura\u015fd\u0131r\u0131lm\u0131\u015f say\u011faclar\u0131n \u015faxtal\u0131 g\u00fcnl\u0259rd\u0259 donvurma n\u0259tic\u0259sind\u0259 s\u0131radan \u00e7\u0131xmas\u0131n\u0131n qar\u015f\u0131s\u0131n\u0131 almaq \u00fc\u00e7\u00fcn z\u0259ruri qabaqlay\u0131c\u0131 t\u0259dbirl\u0259r g\u00f6r\u00fclm\u0259lidir.<\/p>\n<p>\u015eaxtan\u0131n daha \u00e7ox oldu\u011fu gec\u0259 saatlar\u0131nda say\u011fac\u0131n i\u00e7ind\u0259 suyun qalmamas\u0131 \u00fc\u00e7\u00fcn say\u011fac\u0131n giri\u015f ventili ba\u011flanmal\u0131, \u00e7\u0131x\u0131\u015f ventili a\u00e7\u0131q saxlanmal\u0131, say\u011fac qutular\u0131n\u0131n qapa\u011f\u0131 ba\u011fl\u0131 saxlanmal\u0131, say\u011fac qutusunun i\u00e7i a\u011fac yonqar\u0131 il\u0259 m\u00fchafiz\u0259 olunmal\u0131d\u0131r. Eyni zamanda f\u0259rdi h\u0259y\u0259t evl\u0259rind\u0259 a\u00e7\u0131q borular\u0131n izolyasiya edilm\u0259si vacibdir.<\/p>\n<p>Abonentl\u0259r \u015faxtal\u0131 hava \u015f\u0259raitind\u0259 i\u00e7m\u0259li su t\u0259chizat\u0131 v\u0259 say\u011faclar\u0131n istismar\u0131nda qar\u015f\u0131la\u015fd\u0131qlar\u0131 probleml\u0259rl\u0259 ba\u011fl\u0131 24 saat f\u0259aliyy\u0259t g\u00f6st\u0259r\u0259n \u201c955\u201d Z\u0259ng M\u0259rk\u0259zin\u0259 m\u00fcraci\u0259t ed\u0259 bil\u0259rl\u0259r.<\/p>\n<p>Xat\u0131rladaq ki, Milli Hidrometeorologiya Xidm\u0259tinin m\u0259lumat\u0131na g\u00f6r\u0259, Bak\u0131da v\u0259 Ab\u015feron yar\u0131madas\u0131nda yanvar\u0131n 13-d\u0259 havan\u0131n g\u00fcn \u0259rzind\u0259 arabir ya\u011f\u0131nt\u0131l\u0131 olacaq, g\u00fcnd\u00fczd\u0259n b\u0259zi yerl\u0259rd\u0259 sulu qara, qara ke\u00e7\u0259c\u0259k. Az\u0259rbaycan\u0131n rayonlar\u0131nda hava \u015f\u0259raitinin arabir ya\u011f\u0131nt\u0131l\u0131 olaca\u011f\u0131, b\u0259zi yerl\u0259rd\u0259 sulu qar, qar ya\u011faca\u011f\u0131 g\u00f6zl\u0259nilir. Ayr\u0131-ayr\u0131 yerl\u0259rd\u0259 intensiv olaca\u011f\u0131 ehtimal\u0131 var. B\u0259zi rayonlarda arabir duman olacaq. Q\u0259rb k\u00fcl\u0259yi ayr\u0131-ayr\u0131 yerl\u0259rd\u0259 arabir g\u00fccl\u0259n\u0259c\u0259k.<\/p>\n<div><iframe loading=\"lazy\" title=\"YouTube video player\" src=\"https:\/\/www.youtube.com\/embed\/CZSL8lTHkwc?si=Dg_189Xs9oIgqQEU\" width=\"560\" height=\"315\" frameborder=\"0\" allowfullscreen=\"allowfullscreen\" data-mce-fragment=\"1\"><\/iframe><\/div>\n<\/div>\n<\/article>\n","protected":false},"excerpt":{"rendered":"<p>\u00d6lk\u0259 \u0259razisind\u0259, x\u00fcsusil\u0259 Ab\u015feron yar\u0131madas\u0131nda qeyri-sabit v\u0259 \u015faxtal\u0131 hava \u015f\u0259raitinin ke\u00e7\u0259c\u0259yi g\u00fcnl\u0259rd\u0259 i\u00e7m\u0259li su x\u0259tl\u0259rinin v\u0259 say\u011faclar\u0131n donvurmadan qorunmas\u0131na ciddi diqq\u0259t yetirilm\u0259lidir. Bu bar\u0259d\u0259 Az\u0259rbaycan D\u00f6vl\u0259t Su Ehtiyatlar\u0131 Agentliyinin abonentl\u0259r\u0259 m\u00fcraci\u0259tind\u0259 bildirilib. Qurum bildirib ki, f\u0259rdi ya\u015fay\u0131\u015f evl\u0259rind\u0259 v\u0259 h\u0259y\u0259tyan\u0131 sah\u0259l\u0259rd\u0259, el\u0259c\u0259 d\u0259 kommersiya obyektl\u0259rind\u0259 qura\u015fd\u0131r\u0131lm\u0131\u015f say\u011faclar\u0131n \u015faxtal\u0131 g\u00fcnl\u0259rd\u0259 donvurma n\u0259tic\u0259sind\u0259 s\u0131radan \u00e7\u0131xmas\u0131n\u0131n qar\u015f\u0131s\u0131n\u0131 almaq \u00fc\u00e7\u00fcn z\u0259ruri qabaqlay\u0131c\u0131 t\u0259dbirl\u0259r g\u00f6r\u00fclm\u0259lidir. \u015eaxtan\u0131n daha \u00e7ox oldu\u011fu gec\u0259 saatlar\u0131nda say\u011fac\u0131n i\u00e7ind\u0259 suyun qalmamas\u0131 \u00fc\u00e7\u00fcn say\u011fac\u0131n giri\u015f ventili ba\u011flanmal\u0131, \u00e7\u0131x\u0131\u015f ventili a\u00e7\u0131q saxlanmal\u0131, say\u011fac qutular\u0131n\u0131n qapa\u011f\u0131 ba\u011fl\u0131 saxlanmal\u0131, say\u011fac qutusunun i\u00e7i a\u011fac yonqar\u0131 il\u0259&hellip;<\/p>\n","protected":false},"author":2,"featured_media":316214,"comment_status":"closed","ping_status":"closed","sticky":false,"template":"","format":"standard","meta":{"om_disable_all_campaigns":false,"_monsterinsights_skip_tracking":false,"_monsterinsights_sitenote_active":false,"_monsterinsights_sitenote_note":"","_monsterinsights_sitenote_category":0},"categories":[1],"tags":[],"aioseo_notices":[],"gutentor_comment":0,"rttpg_featured_image_url":{"full":["https:\/\/arantv.az\/wp-content\/uploads\/2021\/03\/azersu.jpg",620,414,false],"landscape":["https:\/\/arantv.az\/wp-content\/uploads\/2021\/03\/azersu.jpg",620,414,false],"portraits":["https:\/\/arantv.az\/wp-content\/uploads\/2021\/03\/azersu.jpg",620,414,false],"thumbnail":["https:\/\/arantv.az\/wp-content\/uploads\/2021\/03\/azersu-150x150.jpg",150,150,true],"medium":["https:\/\/arantv.az\/wp-content\/uploads\/2021\/03\/azersu-300x200.jpg",300,200,true],"large":["https:\/\/arantv.az\/wp-content\/uploads\/2021\/03\/azersu.jpg",620,414,false],"1536x1536":["https:\/\/arantv.az\/wp-content\/uploads\/2021\/03\/azersu.jpg",620,414,false],"2048x2048":["https:\/\/arantv.az\/wp-content\/uploads\/2021\/03\/azersu.jpg",620,414,false],"post-thumbnail":["https:\/\/arantv.az\/wp-content\/uploads\/2021\/03\/azersu-240x172.jpg",240,172,true],"advps-thumb-one":["https:\/\/arantv.az\/wp-content\/uploads\/2021\/03\/azersu.jpg",620,414,false]},"rttpg_author":{"display_name":"V\u00fcsal Rafiqo\u011flu","author_link":"https:\/\/arantv.az\/?author=2"},"rttpg_comment":0,"rttpg_category":"<a href=\"https:\/\/arantv.az\/?cat=1\" rel=\"category\">C\u0259miyy\u0259t<\/a>","rttpg_excerpt":"\u00d6lk\u0259 \u0259razisind\u0259, x\u00fcsusil\u0259 Ab\u015feron yar\u0131madas\u0131nda qeyri-sabit v\u0259 \u015faxtal\u0131 hava \u015f\u0259raitinin ke\u00e7\u0259c\u0259yi g\u00fcnl\u0259rd\u0259 i\u00e7m\u0259li su x\u0259tl\u0259rinin v\u0259 say\u011faclar\u0131n donvurmadan qorunmas\u0131na ciddi diqq\u0259t yetirilm\u0259lidir. Bu bar\u0259d\u0259 Az\u0259rbaycan D\u00f6vl\u0259t Su Ehtiyatlar\u0131 Agentliyinin abonentl\u0259r\u0259 m\u00fcraci\u0259tind\u0259 bildirilib. Qurum bildirib ki, f\u0259rdi ya\u015fay\u0131\u015f evl\u0259rind\u0259 v\u0259 h\u0259y\u0259tyan\u0131 sah\u0259l\u0259rd\u0259, el\u0259c\u0259 d\u0259 kommersiya obyektl\u0259rind\u0259 qura\u015fd\u0131r\u0131lm\u0131\u015f say\u011faclar\u0131n \u015faxtal\u0131 g\u00fcnl\u0259rd\u0259 donvurma n\u0259tic\u0259sind\u0259 s\u0131radan \u00e7\u0131xmas\u0131n\u0131n qar\u015f\u0131s\u0131n\u0131 almaq&hellip;","_links":{"self":[{"href":"https:\/\/arantv.az\/index.php?rest_route=\/wp\/v2\/posts\/679304"}],"collection":[{"href":"https:\/\/arantv.az\/index.php?rest_route=\/wp\/v2\/posts"}],"about":[{"href":"https:\/\/arantv.az\/index.php?rest_route=\/wp\/v2\/types\/post"}],"author":[{"embeddable":true,"href":"https:\/\/arantv.az\/index.php?rest_route=\/wp\/v2\/users\/2"}],"replies":[{"embeddable":true,"href":"https:\/\/arantv.az\/index.php?rest_route=%2Fwp%2Fv2%2Fcomments&post=679304"}],"version-history":[{"count":0,"href":"https:\/\/arantv.az\/index.php?rest_route=\/wp\/v2\/posts\/679304\/revisions"}],"wp:featuredmedia":[{"embeddable":true,"href":"https:\/\/arantv.az\/index.php?rest_route=\/wp\/v2\/media\/316214"}],"wp:attachment":[{"href":"https:\/\/arantv.az\/index.php?rest_route=%2Fwp%2Fv2%2Fmedia&parent=679304"}],"wp:term":[{"taxonomy":"category","embeddable":true,"href":"https:\/\/arantv.az\/index.php?rest_route=%2Fwp%2Fv2%2Fcategories&post=679304"},{"taxonomy":"post_tag","embeddable":true,"href":"https:\/\/arantv.az\/index.php?rest_route=%2Fwp%2Fv2%2Ftags&post=679304"}],"curies":[{"name":"wp","href":"https:\/\/api.w.org\/{rel}","templated":true}]}}