{"id":679306,"date":"2024-01-12T19:32:53","date_gmt":"2024-01-12T15:32:53","guid":{"rendered":"https:\/\/arantv.az\/?p=679306"},"modified":"2024-01-12T19:32:53","modified_gmt":"2024-01-12T15:32:53","slug":"yagisa-tab-g%c9%99tirm%c9%99y%c9%99n-bakinin-yollari-qara-hazirdirmi-r%c9%99smi-aciqlama","status":"publish","type":"post","link":"https:\/\/arantv.az\/?p=679306","title":{"rendered":"Ya\u011f\u0131\u015fa tab g\u0259tirm\u0259y\u0259n Bak\u0131n\u0131n yollar\u0131 QARA HAZIRDIRMI? &#8211; R\u0259smi A\u00c7IQLAMA"},"content":{"rendered":"<p>Milli Hidrometeorologiya Xidm\u0259tinin m\u0259lumat\u0131na g\u00f6r\u0259, sabah Bak\u0131da v\u0259 Ab\u015feron yar\u0131madas\u0131nda g\u00fcn \u0259rzind\u0259 arabir ya\u011f\u0131nt\u0131l\u0131 olacaq, g\u00fcnd\u00fcz b\u0259zi yerl\u0259rd\u0259 sulu qar ya\u011facaq, daha sonra is\u0259 qara ke\u00e7\u0259c\u0259k. G\u00fcn \u0259rzind\u0259 g\u00fccl\u00fc \u015fimal-q\u0259rb k\u00fcl\u0259yi d\u0259 \u0259s\u0259c\u0259k.<\/p>\n<p>Q\u0131\u015f f\u0259slinin g\u0259li\u015find\u0259n sonra n\u00f6vb\u0259ti g\u00fcnl\u0259rd\u0259 g\u00fccl\u00fc qar\u0131n ya\u011fmas\u0131 istisna edilmir.<\/p>\n<p>Ad\u0259t\u0259n paytaxta q\u0131sam\u00fcdd\u0259tli ya\u011f\u0131\u015f ya\u011fanda bel\u0259 b\u0259zi k\u00fc\u00e7\u0259 v\u0259 prospektl\u0259ri su bas\u0131r, m\u00fc\u0259yy\u0259n g\u00f6lm\u0259\u00e7\u0259l\u0259r yaran\u0131r, yollarda toplanan ya\u011f\u0131\u015f sular\u0131 h\u0259m avtomobill\u0259rin, h\u0259m d\u0259 piyadalar\u0131n h\u0259r\u0259k\u0259tini \u00e7\u0259tinl\u0259\u015fdirir.<\/p>\n<p>B\u0259s paytaxt yollar\u0131 q\u0131\u015fa haz\u0131rd\u0131r? Hans\u0131 qabaqlay\u0131c\u0131 t\u0259dbirl\u0259r plan\u0131 h\u0259yata ke\u00e7iril\u0259c\u0259k?<\/p>\n<p>Bizim.Media bu suallarla qurumlara sor\u011fu \u00fcnvanlay\u0131b.<\/p>\n<p>Az\u0259rbaycan Avtomobil Yollar\u0131 D\u00f6vl\u0259t Agentliyinin (AAYDA) m\u0259tbuat katibi Anar N\u0259c\u0259flinin s\u00f6zl\u0259rin\u0259 g\u00f6r\u0259, qurum pay\u0131z-q\u0131\u015f m\u00f6vs\u00fcm\u00fcn\u0259 haz\u0131rl\u0131q \u00e7\u0259r\u00e7iv\u0259sind\u0259 q\u0131\u015f m\u00f6vs\u00fcm\u00fcnd\u0259 qar\u0131n ya\u011fmas\u0131 v\u0259 yollar\u0131n buzla\u015fmas\u0131n\u0131n qar\u015f\u0131s\u0131n\u0131n al\u0131nmas\u0131 m\u0259qs\u0259dil\u0259 h\u0259r il t\u0259dbirl\u0259r g\u00f6r\u00fcr:<\/p>\n<p>\u201cQ\u0131\u015fa haz\u0131rl\u0131qla ba\u011fl\u0131 kifay\u0259t q\u0259d\u0259r yol texnikas\u0131, ma\u015f\u0131n v\u0259 mexanizm haz\u0131r v\u0259ziyy\u0259t\u0259 g\u0259tirilir. Bu il d\u0259 h\u0259m\u00e7inin laz\u0131mi miqdarda yanacaq-s\u00fcrtk\u00fc materiallar\u0131 v\u0259 duz-qum ehtiyat\u0131 toplan\u0131b. Ehtiyac yaranaca\u011f\u0131 t\u0259qdird\u0259 h\u0259min ehtiyat\u0131n yenil\u0259nm\u0259si istiqam\u0259tind\u0259 add\u0131mlar at\u0131lacaq. \u015e\u0259h\u0259rin m\u0259rk\u0259zi hiss\u0259si istisna olmaqla (Bak\u0131 \u015e\u0259h\u0259r \u0130cra Hakimiyy\u0259tinin n\u0259zar\u0259tind\u0259dir) \u015f\u0259h\u0259r\u0259 daxil olan yollar, \u0259sas prospektl\u0259r AAYDA\u00a0t\u0259r\u0259find\u0259n n\u0259zar\u0259td\u0259 saxlan\u0131lacaq.<\/p>\n<p>Bir problem oldu\u011fu t\u0259qdird\u0259 m\u00fcdaxil\u0259 olunaraq aradan qald\u0131r\u0131lacaq. M\u00fc\u0259yy\u0259n n\u00f6qt\u0259l\u0259r var, m\u0259s\u0259l\u0259n, Bak\u0131 dair\u0259vi avtomobil yoluna \u00f6nc\u0259d\u0259n texnika \u00e7\u0131xar\u0131l\u0131r, n\u00f6vb\u0259t\u00e7il\u0259r olur. \u00c7\u00fcnki problemi \u0259razil\u0259rd\u0259n biridir. Amma bu, o dem\u0259k deyil ki, biz 100 faiz b\u00fct\u00fcn probleml\u0259rin qar\u015f\u0131s\u0131n\u0131n al\u0131nmas\u0131na haz\u0131r\u0131q\u201d.<\/p>\n<p>O \u0259lav\u0259 edib ki, bu m\u0259s\u0259l\u0259d\u0259 s\u00fcr\u00fcc\u00fcl\u0259rin \u00f6zl\u0259ri d\u0259 haz\u0131r olmal\u0131d\u0131r:<\/p>\n<p>\u201cAvtomobill\u0259rin \u015finl\u0259ri q\u0131\u015f m\u00f6vs\u00fcm\u00fcn\u0259 uy\u011fun deyils\u0259, biz n\u0259 q\u0259d\u0259r t\u0259dbir g\u00f6rs\u0259k d\u0259, h\u0259min n\u0259qliyyat vasit\u0259l\u0259rinin h\u0259r\u0259k\u0259tind\u0259 problem olacaq, s\u00fcr\u00fc\u015f\u0259c\u0259k v\u0259 dig\u0259r avtomobill\u0259rin h\u0259r\u0259k\u0259tin\u0259 mane\u0259 t\u00f6r\u0259d\u0259c\u0259k. N\u0259tic\u0259 etibaril\u0259 bizim x\u00fcsusi texnikalar\u0131m\u0131z\u0131n \u0259raziy\u0259 daxil olmas\u0131nda da \u00e7\u0259tinlik olacaq.<\/p>\n<p>S\u00fcr\u00fcc\u00fcl\u0259r g\u00f6zl\u0259m\u0259m\u0259lidirl\u0259r\u00a0ki, qar ya\u011fs\u0131n, yollar t\u0259mizl\u0259nsin v\u0259 s. Bu, bizd\u0259 d\u0259b hal\u0131n\u0131 al\u0131b. 4 f\u0259sil \u015finl\u0259rind\u0259n istifad\u0259 olunur. Bu \u015finl\u0259rd\u0259 d\u0259 ya\u011f\u0131nt\u0131l\u0131 havalarda problem ya\u015fana bilir. Q\u0131\u015f v\u0259 yay\u0131n \u00f6z \u015finl\u0259ri var. F\u0259sil\u0259 uy\u011fun olaraq n\u0259qliyyat vasit\u0259si t\u0259chiz olunmal\u0131d\u0131r\u201d.<\/p>\n<p>Qurum r\u0259smisi onu da qeyd edib ki, da\u011fl\u0131q v\u0259 da\u011f\u0259t\u0259yi rayonlarda da pay\u0131z f\u0259slind\u0259n etibar\u0259n haz\u0131rl\u0131q g\u00f6r\u00fcl\u00fcb:<\/p>\n<p>\u201cYol k\u0259narlar\u0131na duz-qum qar\u0131\u015f\u0131\u011f\u0131 s\u0259pilib. Paytaxtdan f\u0259rqli olaraq rayonlar\u0131m\u0131zda ya\u015fayan v\u0259t\u0259nda\u015flar\u0131n n\u0259qliyyat vasit\u0259l\u0259ri q\u0131\u015fa daha uy\u011fun t\u0259chiz edilib. H\u0259m Bak\u0131 \u015f\u0259h\u0259rinin k\u00fc\u00e7\u0259 v\u0259 prospektl\u0259ri, h\u0259m d\u0259 respublikan\u0131n avtomobil yollar\u0131na xidm\u0259t m\u0259qs\u0259di il\u0259 1000-d\u0259n \u00e7ox texnika haz\u0131r v\u0259ziyy\u0259t\u0259 g\u0259tirilib\u201d.<\/p>\n<p>Bak\u0131 \u015e\u0259h\u0259r M\u0259nzil Kommunal T\u0259s\u0259rr\u00fcfat Departamentind\u0259n is\u0259 sor\u011fumuza bel\u0259 cavab verilib:<\/p>\n<p>\u201cQ\u0131\u015f f\u0259sli il\u0259 \u0259laq\u0259dar dekabr ay\u0131nda b\u00fct\u00fcn rayonlarda iclas ke\u00e7irilib. H\u0259min iclaslarda h\u0259r bir \u0259razi v\u0259 k\u00fc\u00e7\u0259 \u00fc\u00e7\u00fcn cavabdeh \u015f\u0259xsl\u0259r t\u0259yin edilib. H\u0259r bir quruma qar\u0131n t\u0259mizl\u0259nm\u0259si \u00fc\u00e7\u00fcn laz\u0131mi q\u0259d\u0259r al\u0259t, inventar\u0131n (bel, k\u00fcr\u0259k, ling v\u0259 s.) toplanmas\u0131, duz ehtiyat\u0131 yarad\u0131lmas\u0131, x\u00fcsusi texnikalar\u0131n v\u0259ziyy\u0259tinin yoxlan\u0131lmas\u0131 il\u0259 ba\u011fl\u0131 tap\u015f\u0131r\u0131qlar verilib. Rayondak\u0131 k\u00fc\u00e7\u0259 v\u0259 m\u0259h\u0259ll\u0259l\u0259rin qardan t\u0259mizl\u0259nm\u0259sin\u0259 cavabdeh \u015f\u0259xsl\u0259rin siyah\u0131lar\u0131 haz\u0131rlan\u0131b, bu i\u015fl\u0259r\u0259 kommunal qurumlar\u0131n texnikas\u0131 il\u0259 yana\u015f\u0131 idar\u0259, t\u0259\u015fkilat, b\u0259l\u0259diyy\u0259 v\u0259 \u00f6z\u0259l qurumlar\u0131n da m\u00f6vcud texnikalar\u0131n\u0131n c\u0259lb edilm\u0259si q\u0259rara al\u0131n\u0131b.<\/p>\n<p>H\u0259m\u00e7inin rayonlardak\u0131 idar\u0259, t\u0259\u015fkilat v\u0259 \u00f6z\u0259l qurumlar, b\u0259l\u0259diyy\u0259l\u0259r, o c\u00fcml\u0259d\u0259n ictimai ia\u015f\u0259 m\u00fc\u0259ssis\u0259l\u0259rinin r\u0259hb\u0259rl\u0259rin\u0259, ictimaiyy\u0259t n\u00fcmay\u0259nd\u0259l\u0259rin\u0259 qarl\u0131 g\u00fcnl\u0259rd\u0259 Avropa \u00f6lk\u0259l\u0259rind\u0259 d\u0259 q\u0259bul edil\u0259n qaydalara uy\u011fun \u00f6zl\u0259rin\u0259 aid \u0259razil\u0259rin t\u0259mizl\u0259nm\u0259sind\u0259 yax\u0131ndan i\u015ftirak etm\u0259y\u0259 \u00e7a\u011f\u0131r\u0131\u015f edilib\u201d.<\/p>\n","protected":false},"excerpt":{"rendered":"<p>Milli Hidrometeorologiya Xidm\u0259tinin m\u0259lumat\u0131na g\u00f6r\u0259, sabah Bak\u0131da v\u0259 Ab\u015feron yar\u0131madas\u0131nda g\u00fcn \u0259rzind\u0259 arabir ya\u011f\u0131nt\u0131l\u0131 olacaq, g\u00fcnd\u00fcz b\u0259zi yerl\u0259rd\u0259 sulu qar ya\u011facaq, daha sonra is\u0259 qara ke\u00e7\u0259c\u0259k. G\u00fcn \u0259rzind\u0259 g\u00fccl\u00fc \u015fimal-q\u0259rb k\u00fcl\u0259yi d\u0259 \u0259s\u0259c\u0259k. Q\u0131\u015f f\u0259slinin g\u0259li\u015find\u0259n sonra n\u00f6vb\u0259ti g\u00fcnl\u0259rd\u0259 g\u00fccl\u00fc qar\u0131n ya\u011fmas\u0131 istisna edilmir. Ad\u0259t\u0259n paytaxta q\u0131sam\u00fcdd\u0259tli ya\u011f\u0131\u015f ya\u011fanda bel\u0259 b\u0259zi k\u00fc\u00e7\u0259 v\u0259 prospektl\u0259ri su bas\u0131r, m\u00fc\u0259yy\u0259n g\u00f6lm\u0259\u00e7\u0259l\u0259r yaran\u0131r, yollarda toplanan ya\u011f\u0131\u015f sular\u0131 h\u0259m avtomobill\u0259rin, h\u0259m d\u0259 piyadalar\u0131n h\u0259r\u0259k\u0259tini \u00e7\u0259tinl\u0259\u015fdirir. B\u0259s paytaxt yollar\u0131 q\u0131\u015fa haz\u0131rd\u0131r? Hans\u0131 qabaqlay\u0131c\u0131 t\u0259dbirl\u0259r plan\u0131 h\u0259yata ke\u00e7iril\u0259c\u0259k? Bizim.Media bu suallarla qurumlara sor\u011fu \u00fcnvanlay\u0131b. Az\u0259rbaycan Avtomobil Yollar\u0131&hellip;<\/p>\n","protected":false},"author":2,"featured_media":679307,"comment_status":"closed","ping_status":"closed","sticky":false,"template":"","format":"standard","meta":{"om_disable_all_campaigns":false,"_monsterinsights_skip_tracking":false,"_monsterinsights_sitenote_active":false,"_monsterinsights_sitenote_note":"","_monsterinsights_sitenote_category":0},"categories":[1],"tags":[],"aioseo_notices":[],"gutentor_comment":0,"rttpg_featured_image_url":{"full":["https:\/\/arantv.az\/wp-content\/uploads\/2024\/01\/1705059721_1.jpg",700,394,false],"landscape":["https:\/\/arantv.az\/wp-content\/uploads\/2024\/01\/1705059721_1.jpg",700,394,false],"portraits":["https:\/\/arantv.az\/wp-content\/uploads\/2024\/01\/1705059721_1.jpg",700,394,false],"thumbnail":["https:\/\/arantv.az\/wp-content\/uploads\/2024\/01\/1705059721_1-500x280.jpg",500,280,true],"medium":["https:\/\/arantv.az\/wp-content\/uploads\/2024\/01\/1705059721_1-648x365.jpg",648,365,true],"large":["https:\/\/arantv.az\/wp-content\/uploads\/2024\/01\/1705059721_1.jpg",640,360,false],"1536x1536":["https:\/\/arantv.az\/wp-content\/uploads\/2024\/01\/1705059721_1.jpg",700,394,false],"2048x2048":["https:\/\/arantv.az\/wp-content\/uploads\/2024\/01\/1705059721_1.jpg",700,394,false],"post-thumbnail":["https:\/\/arantv.az\/wp-content\/uploads\/2024\/01\/1705059721_1-240x172.jpg",240,172,true],"advps-thumb-one":["https:\/\/arantv.az\/wp-content\/uploads\/2024\/01\/1705059721_1.jpg",700,394,false]},"rttpg_author":{"display_name":"V\u00fcsal Rafiqo\u011flu","author_link":"https:\/\/arantv.az\/?author=2"},"rttpg_comment":0,"rttpg_category":"<a href=\"https:\/\/arantv.az\/?cat=1\" rel=\"category\">C\u0259miyy\u0259t<\/a>","rttpg_excerpt":"Milli Hidrometeorologiya Xidm\u0259tinin m\u0259lumat\u0131na g\u00f6r\u0259, sabah Bak\u0131da v\u0259 Ab\u015feron yar\u0131madas\u0131nda g\u00fcn \u0259rzind\u0259 arabir ya\u011f\u0131nt\u0131l\u0131 olacaq, g\u00fcnd\u00fcz b\u0259zi yerl\u0259rd\u0259 sulu qar ya\u011facaq, daha sonra is\u0259 qara ke\u00e7\u0259c\u0259k. G\u00fcn \u0259rzind\u0259 g\u00fccl\u00fc \u015fimal-q\u0259rb k\u00fcl\u0259yi d\u0259 \u0259s\u0259c\u0259k. Q\u0131\u015f f\u0259slinin g\u0259li\u015find\u0259n sonra n\u00f6vb\u0259ti g\u00fcnl\u0259rd\u0259 g\u00fccl\u00fc qar\u0131n ya\u011fmas\u0131 istisna edilmir. Ad\u0259t\u0259n paytaxta q\u0131sam\u00fcdd\u0259tli ya\u011f\u0131\u015f ya\u011fanda bel\u0259 b\u0259zi k\u00fc\u00e7\u0259 v\u0259 prospektl\u0259ri su&hellip;","_links":{"self":[{"href":"https:\/\/arantv.az\/index.php?rest_route=\/wp\/v2\/posts\/679306"}],"collection":[{"href":"https:\/\/arantv.az\/index.php?rest_route=\/wp\/v2\/posts"}],"about":[{"href":"https:\/\/arantv.az\/index.php?rest_route=\/wp\/v2\/types\/post"}],"author":[{"embeddable":true,"href":"https:\/\/arantv.az\/index.php?rest_route=\/wp\/v2\/users\/2"}],"replies":[{"embeddable":true,"href":"https:\/\/arantv.az\/index.php?rest_route=%2Fwp%2Fv2%2Fcomments&post=679306"}],"version-history":[{"count":0,"href":"https:\/\/arantv.az\/index.php?rest_route=\/wp\/v2\/posts\/679306\/revisions"}],"wp:featuredmedia":[{"embeddable":true,"href":"https:\/\/arantv.az\/index.php?rest_route=\/wp\/v2\/media\/679307"}],"wp:attachment":[{"href":"https:\/\/arantv.az\/index.php?rest_route=%2Fwp%2Fv2%2Fmedia&parent=679306"}],"wp:term":[{"taxonomy":"category","embeddable":true,"href":"https:\/\/arantv.az\/index.php?rest_route=%2Fwp%2Fv2%2Fcategories&post=679306"},{"taxonomy":"post_tag","embeddable":true,"href":"https:\/\/arantv.az\/index.php?rest_route=%2Fwp%2Fv2%2Ftags&post=679306"}],"curies":[{"name":"wp","href":"https:\/\/api.w.org\/{rel}","templated":true}]}}