{"id":679309,"date":"2024-01-12T19:34:18","date_gmt":"2024-01-12T15:34:18","guid":{"rendered":"https:\/\/arantv.az\/?p=679309"},"modified":"2024-01-12T19:34:18","modified_gmt":"2024-01-12T15:34:18","slug":"bu-bir-ictimai-muzakir%c9%99-movzusu-olmalidir","status":"publish","type":"post","link":"https:\/\/arantv.az\/?p=679309","title":{"rendered":"Bu, bir ictimai m\u00fczakir\u0259 m\u00f6vzusu olmal\u0131d\u0131r&#8230;"},"content":{"rendered":"<div class=\"text-content\" data-id=\"\" data-url=\"\">\n<p><strong>\u201cDemokratik t\u0259f\u0259kk\u00fcr v\u0259 d\u0259y\u0259rl\u0259r sisteminin \u015f\u00fcar\u0131 ola bil\u0259c\u0259k bu s\u00f6zl\u0259ri Prezident \u0130lham \u018fliyev yanvar\u0131n 10-da yerli televiziya kanallar\u0131na m\u00fcsahib\u0259sind\u0259 s\u0259sl\u0259ndirib. D\u00f6vl\u0259t ba\u015f\u00e7\u0131s\u0131 konkret bir m\u0259s\u0259l\u0259 il\u0259 ba\u011fl\u0131 c\u0259miyy\u0259ti n\u00f6vb\u0259ti d\u0259f\u0259 a\u00e7\u0131q ictimai m\u00fczakir\u0259l\u0259r\u0259 d\u0259v\u0259t etdi. T\u0259f\u0259rr\u00fcatlara yox, m\u0259hz hadis\u0259l\u0259rin mahiyy\u0259tin\u0259 diqq\u0259t yetir\u0259n v\u0259 adekvat qiym\u0259t verm\u0259yi bacaran h\u0259r bir m\u0259suliyy\u0259tli v\u0259t\u0259nda\u015f Prezident \u0130lham \u018fliyevin el\u0259 t\u0259kc\u0259 bu m\u00fcraci\u0259t xarakterli fikirl\u0259rini \u00f6lk\u0259nin ictimai-siyasi h\u0259yat\u0131nda ba\u015f vermi\u015f m\u00f6ht\u0259\u015f\u0259m hadis\u0259 kimi d\u0259y\u0259rl\u0259ndir\u0259c\u0259k\u201d.<\/strong><\/p>\n<p><strong>Bu fikirl\u0259r politoloq A.Adilin Az\u0259rbaycan Prezidentinin yerli televiziya kanallar\u0131na m\u00fcsahib\u0259sind\u0259 s\u0259sl\u0259ndirdiyi fikirl\u0259rl\u0259 ba\u011fl\u0131 q\u0259l\u0259m\u0259 ald\u0131\u011f\u0131 m\u0259qal\u0259d\u0259 yer al\u0131b.\u00a0<\/strong><\/p>\n<p><strong>ARANTV.AZ <\/strong>\u00a0m\u0259qal\u0259ni t\u0259qdim edir.<\/p>\n<p>M\u00fclahiz\u0259l\u0259rimizin adekvatl\u0131\u011f\u0131 v\u0259 konteksti qorumaq \u00fc\u00e7\u00fcn sitat\u0131 tam g\u00f6st\u0259r\u0259k: \u201cBizim \u0259sas milli ideyam\u0131z \u0259razil\u0259rimizi azad etm\u0259k idi. Y\u0259ni, b\u00fct\u00fcn xalq bu ideya \u0259traf\u0131nda, bu amal \u0259traf\u0131nda birl\u0259\u015fmi\u015fdi, biz bunu art\u0131q \u0259ld\u0259 etmi\u015fik. Ona g\u00f6r\u0259 g\u0259l\u0259c\u0259k inki\u015fafla ba\u011fl\u0131, \u0259lb\u0259tt\u0259 ki, m\u0259nim fikirl\u0259rim var v\u0259 bir \u00e7ox hallarda onlar h\u0259lledici olacaq t\u0259bii ki. Ancaq m\u0259n ist\u0259rdim ki, c\u0259miyy\u0259td\u0259 d\u0259 bu m\u0259s\u0259l\u0259 il\u0259 ba\u011fl\u0131 diskussiyalar getsin, siyas\u0259t\u00e7il\u0259r, politoloqlar, elm adamlar\u0131, ziyal\u0131lar, y\u0259ni, bizim g\u0259l\u0259c\u0259k inki\u015faf\u0131m\u0131zla ba\u011fl\u0131 \u0259sas milli ideya v\u0259 ideyalar\u0131m\u0131z n\u0259 olmal\u0131d\u0131r. Bu, bir ictimai m\u00fczakir\u0259 m\u00f6vzusu olmal\u0131d\u0131r\u201d. Bu be\u015f c\u00fcml\u0259d\u0259, s\u00f6z\u00fcn \u0259sl m\u0259nas\u0131nda, d\u00fc\u015f\u00fcnm\u0259k v\u0259 \u015fax\u0259li f\u0259aliyy\u0259t \u00fc\u00e7\u00fcn d\u0259rya boyda fikirl\u0259r gizl\u0259nir.<\/p>\n<p>Sosial \u015f\u0259b\u0259k\u0259l\u0259rd\u0259 oturub ictimai qeyb\u0259tl\u0259rin \u201cson trendl\u0259rini\u201d izl\u0259m\u0259k \u0259v\u0259zin\u0259 Prezident \u0130lham \u018fliyevin s\u00f6z\u00fcged\u0259n \u00e7a\u011f\u0131r\u0131\u015f\u0131na adekvat olan fundamental i\u015fl\u0259rin haz\u0131rlanmas\u0131 v\u0259 bununla da b\u00f6y\u00fck Az\u0259rbaycan xalq\u0131n\u0131n elmi-ictimai fikrinin z\u0259nginl\u0259\u015fdirilm\u0259si zaman\u0131 deyilmi? Tarixi Z\u0259f\u0259r, c\u0259miyy\u0259td\u0259 ya\u015fanan Q\u0259l\u0259b\u0259 ruhu, \u00f6lk\u0259mizin he\u00e7 zaman olmad\u0131\u011f\u0131 q\u0259d\u0259r g\u00fccl\u00fc olmas\u0131, Prezidentin c\u0259miyy\u0259tin inki\u015faf\u0131na dair bu c\u00fcr a\u00e7\u0131q m\u00fcraci\u0259ti, \u0259ld\u0259 olunmu\u015f u\u011furlar\u0131n qorunmas\u0131na dair obyektiv z\u0259rur\u0259t \u2013 daha n\u0259l\u0259r olmal\u0131d\u0131r ki, d\u00f6vl\u0259t ba\u015f\u00e7\u0131s\u0131 b\u0259hs etdiyi v\u0259 xalq\u0131m\u0131z\u0131n ictimai-elmi t\u0259f\u0259kk\u00fcr\u00fcnd\u0259 \u0259b\u0259di h\u0259kk olunacaq ideoloji fikirl\u0259rinin formala\u015fmas\u0131na xidm\u0259t ed\u0259n fundamental xarakterli \u0259s\u0259rl\u0259r yaz\u0131ls\u0131n?<\/p>\n<p>\u0130lk n\u00f6vb\u0259d\u0259, n\u0259z\u0259r\u0259 almal\u0131y\u0131q ki, bilavasit\u0259 d\u00f6vl\u0259t ba\u015f\u00e7\u0131s\u0131 t\u0259r\u0259find\u0259n bu c\u00fcr m\u00fcsahib\u0259l\u0259rin verilm\u0259si t\u0259cr\u00fcb\u0259si \u00f6zl\u00fcy\u00fcnd\u0259 demokratik m\u00fcnasib\u0259tl\u0259r\u0259 sadiqliyin \u0259lam\u0259tidir. Bu, t\u0259kc\u0259 \u00f6n\u0259mli mesajlar\u0131n verilm\u0259si vasit\u0259si deyil, a\u00e7\u0131q m\u00fcsahib\u0259l\u0259r, eyni zamanda, idar\u0259\u00e7ilikd\u0259 hesabatl\u0131l\u0131q prinsipinin t\u0259zah\u00fcr\u00fcd\u00fcr. Odur ki, Prezident \u0130lham \u018fliyevin 10 yanvar tarixli m\u00fcsahib\u0259si \u00f6lk\u0259nin siyasi h\u0259yat\u0131nda, s\u00f6z\u00fcn \u0259sl m\u0259nas\u0131nda, m\u00fch\u00fcm hadis\u0259dir. \u00c7\u0259kinm\u0259d\u0259n dey\u0259 bil\u0259rik ki, fasil\u0259siz informasiya ax\u0131n\u0131n\u0131n t\u0259siri alt\u0131nda bu m\u00fcsahib\u0259nin unudulmas\u0131 v\u0259 m\u00fcsahib\u0259 zaman\u0131 s\u0259sl\u0259ndirilmi\u015f fikirl\u0259rin bir m\u00fcdd\u0259t sonra t\u0259dqiqat predmetin\u0259 \u00e7evrilm\u0259m\u0259si sad\u0259c\u0259 q\u0259bah\u0259t kimi qiym\u0259tl\u0259ndiril\u0259 bil\u0259r.<\/p>\n<p>\u018fsas m\u0259s\u0259l\u0259y\u0259 ke\u00e7m\u0259zd\u0259n \u00f6nc\u0259 c\u0259mi bir ne\u00e7\u0259 c\u00fcml\u0259 il\u0259 yuxar\u0131da g\u00f6st\u0259ril\u0259n sitatda \u0259ksini tapm\u0131\u015f b\u0259zi prinsipial m\u0259qamlar\u0131 qeyd ed\u0259k. \u201c&#8230; b\u00fct\u00fcn xalq bu ideya \u0259traf\u0131nda, bu amal \u0259traf\u0131nda birl\u0259\u015fmi\u015fdi&#8230;\u201d \u2013 bununla da \u0259slind\u0259 Prezident \u201cmilli birlik\u201d m\u0259fhumunu d\u00f6vl\u0259t v\u0259 c\u0259miyy\u0259tin sabit inki\u015faf\u0131n\u0131 \u015f\u0259rtl\u0259ndir\u0259n \u0259sas amil kimi m\u00fc\u0259yy\u0259n etmi\u015f olur.<\/p>\n<p>Prezident \u0130lham \u018fliyevin m\u00f6vcud kontekst \u00e7\u0259r\u00e7iv\u0259sind\u0259 \u201c&#8230; g\u0259l\u0259c\u0259k inki\u015fafla ba\u011fl\u0131 \u0259lb\u0259tt\u0259 ki, m\u0259nim fikirl\u0259rim var\u201d s\u00f6zl\u0259ri bilavasit\u0259 \u015f\u0259xsi m\u0259suliyy\u0259t hissinin t\u0259zah\u00fcr\u00fcd\u00fcr. Siyasi m\u0259suliyy\u0259t hissi r\u0259hb\u0259ri pe\u015f\u0259kar edir v\u0259 verilmi\u015f b\u00fct\u00fcn v\u0259dl\u0259r\u0259 h\u0259r zaman sadiq qalaca\u011f\u0131n\u0131n d\u0259lal\u0259tidir. Raz\u0131la\u015f\u0131n ki, qeyd olunan meyarlar Prezident \u0130lham \u018fliyevin siyas\u0259tini xarakteriz\u0259 ed\u0259n \u0259sas g\u00f6st\u0259ricil\u0259rd\u0259ndir. Tam \u0259ksin\u0259 olaraq, \u00f6t\u0259n ill\u0259rin t\u0259cr\u00fcb\u0259sini n\u0259z\u0259r\u0259 alaraq dey\u0259 bil\u0259rik ki, bizim b\u0259la siyas\u0259t\u015fiv\u0259nl\u0259rimiz is\u0259 m\u0259suliyy\u0259t hissind\u0259n tamamil\u0259 m\u0259hrumdurlar. M\u0259suliyy\u0259t hissi olmayan yerd\u0259 is\u0259 he\u00e7 bir inki\u015faf v\u0259 etibardan s\u00f6hb\u0259t bel\u0259 ged\u0259 bilm\u0259z. Yeri g\u0259lmi\u015fk\u0259n, qeyd ed\u0259 bil\u0259rik ki, \u201cm\u0259suliyy\u0259tsizlik\u201d bilavasit\u0259 radikal d\u00fc\u015f\u00fcnc\u0259nin \u0259lam\u0259tidir.<\/p>\n<p>Konteksti inki\u015faf etdir\u0259r\u0259k s\u00f6z\u00fcged\u0259n sitatda x\u00fcsusil\u0259 \u00f6n\u0259mli hesab oluna bil\u0259c\u0259k dig\u0259r s\u00f6zl\u0259r\u0259 d\u0259 diqq\u0259t yetir\u0259k: \u201c&#8230; diskussiyalar getsin, siyas\u0259t\u00e7il\u0259r, politoloqlar, elm adamlar\u0131, ziyal\u0131lar, y\u0259ni, bizim g\u0259l\u0259c\u0259k inki\u015faf\u0131m\u0131zla ba\u011fl\u0131 \u0259sas milli ideya v\u0259 ideyalar\u0131m\u0131z n\u0259 olmal\u0131d\u0131r\u201d. \u0130lk n\u00f6vb\u0259d\u0259, bu s\u00f6zl\u0259rd\u0259 biz yen\u0259 d\u0259 dialoqa, habel\u0259 a\u00e7\u0131q v\u0259 pe\u015f\u0259kar m\u00fczakir\u0259l\u0259r\u0259 \u00e7a\u011f\u0131r\u0131\u015f\u0131 g\u00f6r\u00fcr\u00fck. Bununla da Prezident \u0130lham \u018fliyev n\u00f6vb\u0259ti d\u0259f\u0259 \u0259m\u0259kda\u015fl\u0131q \u0259lini c\u0259miyy\u0259t\u0259 uzad\u0131r. Bu c\u00fcr yana\u015fma Az\u0259rbaycanda realla\u015fan d\u00f6vl\u0259t siyas\u0259tinin f\u0259ls\u0259f\u0259sinin \u0259sas paradiqmalar\u0131ndan biridir. T\u0259sad\u00fcfi deyil ki, dialoqu inkar ed\u0259n radikal t\u0259f\u0259kk\u00fcr\u0259 Az\u0259rbaycan siyas\u0259tind\u0259 yer yoxdur.<\/p>\n<p>\u00dcmumiyy\u0259tl\u0259, Prezident \u0130lham \u018fliyevin d\u00f6vl\u0259t siyas\u0259tinin strategiyas\u0131n\u0131 t\u0259hlil ed\u0259n zaman biz ayd\u0131n \u015f\u0259kild\u0259 g\u00f6r\u0259 bilirik ki, d\u00fczg\u00fcn prioritetl\u0259rin m\u00fc\u0259yy\u0259n olunmas\u0131 m\u0259s\u0259l\u0259si Prezidentin \u0259n g\u00fccl\u00fc t\u0259r\u0259fl\u0259rind\u0259n biridir. Hadis\u0259l\u0259rin gedi\u015fat\u0131, \u0130kinci Qaraba\u011f m\u00fcharib\u0259sind\u0259 \u0259ld\u0259 etdiyimiz Q\u0259l\u0259b\u0259, veril\u0259n strateji q\u0259rarlar, apar\u0131lan islahatlar\u0131n ard\u0131c\u0131ll\u0131\u011f\u0131 v\u0259 bir \u00e7ox dig\u0259r amill\u0259r qeyd olunan m\u00fclahiz\u0259ni t\u0259sdiq edirl\u0259r.<\/p>\n<p>\u018flb\u0259tt\u0259 ki, Az\u0259rbaycan\u0131n artan g\u00fcc\u00fc b\u0259zi \u00f6lk\u0259l\u0259ri narahat edir. Bu fakt bir siyasi aksiom kimi q\u0259bul olunmal\u0131d\u0131r. Biz g\u00fccl\u00fcy\u00fck ki, kiml\u0259rins\u0259 narahat\u00e7\u0131l\u0131\u011f\u0131na s\u0259b\u0259b oluruq. B\u0259li, Az\u0259rbaycan ictimaiyy\u0259ti v\u0259 ilk n\u00f6vb\u0259d\u0259 ekspertl\u0259r Prezident \u0130lham \u018fliyevin a\u00e7\u0131q m\u00fczakir\u0259l\u0259r\u0259 etdiyi d\u0259v\u0259ti q\u0259bul etm\u0259li v\u0259 \u00f6z potensiallar\u0131n\u0131 c\u0259miyy\u0259timizin inki\u015faf\u0131 namin\u0259 \u0259sirg\u0259m\u0259m\u0259lidir.<\/p>\n<\/div>\n<div><\/div>\n<div>\n<div class=\"banner banner-6cdd60ea0045eb7a6ec44c54d29ed402\" data-banner=\"MTg0\"><\/div>\n<\/div>\n","protected":false},"excerpt":{"rendered":"<p>\u201cDemokratik t\u0259f\u0259kk\u00fcr v\u0259 d\u0259y\u0259rl\u0259r sisteminin \u015f\u00fcar\u0131 ola bil\u0259c\u0259k bu s\u00f6zl\u0259ri Prezident \u0130lham \u018fliyev yanvar\u0131n 10-da yerli televiziya kanallar\u0131na m\u00fcsahib\u0259sind\u0259 s\u0259sl\u0259ndirib. D\u00f6vl\u0259t ba\u015f\u00e7\u0131s\u0131 konkret bir m\u0259s\u0259l\u0259 il\u0259 ba\u011fl\u0131 c\u0259miyy\u0259ti n\u00f6vb\u0259ti d\u0259f\u0259 a\u00e7\u0131q ictimai m\u00fczakir\u0259l\u0259r\u0259 d\u0259v\u0259t etdi. T\u0259f\u0259rr\u00fcatlara yox, m\u0259hz hadis\u0259l\u0259rin mahiyy\u0259tin\u0259 diqq\u0259t yetir\u0259n v\u0259 adekvat qiym\u0259t verm\u0259yi bacaran h\u0259r bir m\u0259suliyy\u0259tli v\u0259t\u0259nda\u015f Prezident \u0130lham \u018fliyevin el\u0259 t\u0259kc\u0259 bu m\u00fcraci\u0259t xarakterli fikirl\u0259rini \u00f6lk\u0259nin ictimai-siyasi h\u0259yat\u0131nda ba\u015f vermi\u015f m\u00f6ht\u0259\u015f\u0259m hadis\u0259 kimi d\u0259y\u0259rl\u0259ndir\u0259c\u0259k\u201d. Bu fikirl\u0259r politoloq A.Adilin Az\u0259rbaycan Prezidentinin yerli televiziya kanallar\u0131na m\u00fcsahib\u0259sind\u0259 s\u0259sl\u0259ndirdiyi fikirl\u0259rl\u0259 ba\u011fl\u0131 q\u0259l\u0259m\u0259 ald\u0131\u011f\u0131 m\u0259qal\u0259d\u0259 yer al\u0131b.\u00a0 ARANTV.AZ \u00a0m\u0259qal\u0259ni t\u0259qdim&hellip;<\/p>\n","protected":false},"author":2,"featured_media":679310,"comment_status":"closed","ping_status":"closed","sticky":false,"template":"","format":"standard","meta":{"om_disable_all_campaigns":false,"_monsterinsights_skip_tracking":false,"_monsterinsights_sitenote_active":false,"_monsterinsights_sitenote_note":"","_monsterinsights_sitenote_category":0},"categories":[4],"tags":[],"aioseo_notices":[],"gutentor_comment":0,"rttpg_featured_image_url":{"full":["https:\/\/arantv.az\/wp-content\/uploads\/2024\/01\/757203614b0a60baec6a390f02ae1fb3.jpg",870,500,false],"landscape":["https:\/\/arantv.az\/wp-content\/uploads\/2024\/01\/757203614b0a60baec6a390f02ae1fb3.jpg",870,500,false],"portraits":["https:\/\/arantv.az\/wp-content\/uploads\/2024\/01\/757203614b0a60baec6a390f02ae1fb3.jpg",870,500,false],"thumbnail":["https:\/\/arantv.az\/wp-content\/uploads\/2024\/01\/757203614b0a60baec6a390f02ae1fb3-500x280.jpg",500,280,true],"medium":["https:\/\/arantv.az\/wp-content\/uploads\/2024\/01\/757203614b0a60baec6a390f02ae1fb3-635x365.jpg",635,365,true],"large":["https:\/\/arantv.az\/wp-content\/uploads\/2024\/01\/757203614b0a60baec6a390f02ae1fb3-840x483.jpg",640,368,true],"1536x1536":["https:\/\/arantv.az\/wp-content\/uploads\/2024\/01\/757203614b0a60baec6a390f02ae1fb3.jpg",870,500,false],"2048x2048":["https:\/\/arantv.az\/wp-content\/uploads\/2024\/01\/757203614b0a60baec6a390f02ae1fb3.jpg",870,500,false],"post-thumbnail":["https:\/\/arantv.az\/wp-content\/uploads\/2024\/01\/757203614b0a60baec6a390f02ae1fb3-240x172.jpg",240,172,true],"advps-thumb-one":["https:\/\/arantv.az\/wp-content\/uploads\/2024\/01\/757203614b0a60baec6a390f02ae1fb3.jpg",870,500,false]},"rttpg_author":{"display_name":"V\u00fcsal Rafiqo\u011flu","author_link":"https:\/\/arantv.az\/?author=2"},"rttpg_comment":0,"rttpg_category":"<a href=\"https:\/\/arantv.az\/?cat=4\" rel=\"category\">Siyas\u0259t<\/a>","rttpg_excerpt":"\u201cDemokratik t\u0259f\u0259kk\u00fcr v\u0259 d\u0259y\u0259rl\u0259r sisteminin \u015f\u00fcar\u0131 ola bil\u0259c\u0259k bu s\u00f6zl\u0259ri Prezident \u0130lham \u018fliyev yanvar\u0131n 10-da yerli televiziya kanallar\u0131na m\u00fcsahib\u0259sind\u0259 s\u0259sl\u0259ndirib. D\u00f6vl\u0259t ba\u015f\u00e7\u0131s\u0131 konkret bir m\u0259s\u0259l\u0259 il\u0259 ba\u011fl\u0131 c\u0259miyy\u0259ti n\u00f6vb\u0259ti d\u0259f\u0259 a\u00e7\u0131q ictimai m\u00fczakir\u0259l\u0259r\u0259 d\u0259v\u0259t etdi. T\u0259f\u0259rr\u00fcatlara yox, m\u0259hz hadis\u0259l\u0259rin mahiyy\u0259tin\u0259 diqq\u0259t yetir\u0259n v\u0259 adekvat qiym\u0259t verm\u0259yi bacaran h\u0259r bir m\u0259suliyy\u0259tli v\u0259t\u0259nda\u015f Prezident \u0130lham \u018fliyevin el\u0259&hellip;","_links":{"self":[{"href":"https:\/\/arantv.az\/index.php?rest_route=\/wp\/v2\/posts\/679309"}],"collection":[{"href":"https:\/\/arantv.az\/index.php?rest_route=\/wp\/v2\/posts"}],"about":[{"href":"https:\/\/arantv.az\/index.php?rest_route=\/wp\/v2\/types\/post"}],"author":[{"embeddable":true,"href":"https:\/\/arantv.az\/index.php?rest_route=\/wp\/v2\/users\/2"}],"replies":[{"embeddable":true,"href":"https:\/\/arantv.az\/index.php?rest_route=%2Fwp%2Fv2%2Fcomments&post=679309"}],"version-history":[{"count":0,"href":"https:\/\/arantv.az\/index.php?rest_route=\/wp\/v2\/posts\/679309\/revisions"}],"wp:featuredmedia":[{"embeddable":true,"href":"https:\/\/arantv.az\/index.php?rest_route=\/wp\/v2\/media\/679310"}],"wp:attachment":[{"href":"https:\/\/arantv.az\/index.php?rest_route=%2Fwp%2Fv2%2Fmedia&parent=679309"}],"wp:term":[{"taxonomy":"category","embeddable":true,"href":"https:\/\/arantv.az\/index.php?rest_route=%2Fwp%2Fv2%2Fcategories&post=679309"},{"taxonomy":"post_tag","embeddable":true,"href":"https:\/\/arantv.az\/index.php?rest_route=%2Fwp%2Fv2%2Ftags&post=679309"}],"curies":[{"name":"wp","href":"https:\/\/api.w.org\/{rel}","templated":true}]}}