{"id":679312,"date":"2024-01-12T19:34:59","date_gmt":"2024-01-12T15:34:59","guid":{"rendered":"https:\/\/arantv.az\/?p=679312"},"modified":"2024-01-12T19:34:59","modified_gmt":"2024-01-12T15:34:59","slug":"ingilt%c9%99r%c9%99d%c9%99-milli-r%c9%99qsl%c9%99rimiz-oyr%c9%99dilir-video","status":"publish","type":"post","link":"https:\/\/arantv.az\/?p=679312","title":{"rendered":"\u0130ngilt\u0259r\u0259d\u0259 milli r\u0259qsl\u0259rimiz \u00f6yr\u0259dilir &#8211; V\u0130DEO"},"content":{"rendered":"<p><strong>\u0130ngilt\u0259r\u0259nin tarixi Kembric \u015f\u0259h\u0259rind\u0259 ayda bir d\u0259f\u0259 Az\u0259rbaycan milli r\u0259qsl\u0259ri d\u0259rsi ke\u00e7irilir v\u0259 d\u0259rsl\u0259rd\u0259 \u201cQaraba\u011f Yall\u0131s\u0131\u201d, \u201cT\u0259r\u0259k\u0259m\u0259&#8221; kimi milli r\u0259qsl\u0259rimiz \u00f6yr\u0259dilir.<\/strong><\/p>\n<p><strong>ARANTV.AZ <\/strong>\u00a0AZ\u018fRTAC-a istinad\u0259n x\u0259b\u0259r verir ki, Xoreoqraf S\u0259kin\u0259 Muxtarl\u0131 qeyd edir ki, xarici i\u015ftirak\u00e7\u0131lar Az\u0259rbaycan ritml\u0259rini \u00e7ox sevirl\u0259r.<\/p>\n<p>D\u0259rsl\u0259rd\u0259 i\u015ftirak ed\u0259n ingilis Tom Amiral Moody Az\u0259rbaycan dilini \u00f6yr\u0259ndiyini deyir, qeyd edir ki, Az\u0259rbaycan musiqisini v\u0259 yem\u0259kl\u0259rini \u00e7ox sevir.<\/p>\n<p><iframe src=\"https:\/\/www.youtube.com\/embed\/ng5POxK-AiI\" allowfullscreen=\"allowfullscreen\" data-mce-fragment=\"1\"><\/iframe><\/p>\n","protected":false},"excerpt":{"rendered":"<p>\u0130ngilt\u0259r\u0259nin tarixi Kembric \u015f\u0259h\u0259rind\u0259 ayda bir d\u0259f\u0259 Az\u0259rbaycan milli r\u0259qsl\u0259ri d\u0259rsi ke\u00e7irilir v\u0259 d\u0259rsl\u0259rd\u0259 \u201cQaraba\u011f Yall\u0131s\u0131\u201d, \u201cT\u0259r\u0259k\u0259m\u0259&#8221; kimi milli r\u0259qsl\u0259rimiz \u00f6yr\u0259dilir. ARANTV.AZ \u00a0AZ\u018fRTAC-a istinad\u0259n x\u0259b\u0259r verir ki, Xoreoqraf S\u0259kin\u0259 Muxtarl\u0131 qeyd edir ki, xarici i\u015ftirak\u00e7\u0131lar Az\u0259rbaycan ritml\u0259rini \u00e7ox sevirl\u0259r. D\u0259rsl\u0259rd\u0259 i\u015ftirak ed\u0259n ingilis Tom Amiral Moody Az\u0259rbaycan dilini \u00f6yr\u0259ndiyini deyir, qeyd edir ki, Az\u0259rbaycan musiqisini v\u0259 yem\u0259kl\u0259rini \u00e7ox sevir.<\/p>\n","protected":false},"author":2,"featured_media":679313,"comment_status":"closed","ping_status":"closed","sticky":false,"template":"","format":"standard","meta":{"om_disable_all_campaigns":false,"_monsterinsights_skip_tracking":false,"_monsterinsights_sitenote_active":false,"_monsterinsights_sitenote_note":"","_monsterinsights_sitenote_category":0},"categories":[1],"tags":[],"aioseo_notices":[],"gutentor_comment":0,"rttpg_featured_image_url":{"full":["https:\/\/arantv.az\/wp-content\/uploads\/2024\/01\/84314f1ad6d45d6e906f12daa6d326ee.jpg",870,500,false],"landscape":["https:\/\/arantv.az\/wp-content\/uploads\/2024\/01\/84314f1ad6d45d6e906f12daa6d326ee.jpg",870,500,false],"portraits":["https:\/\/arantv.az\/wp-content\/uploads\/2024\/01\/84314f1ad6d45d6e906f12daa6d326ee.jpg",870,500,false],"thumbnail":["https:\/\/arantv.az\/wp-content\/uploads\/2024\/01\/84314f1ad6d45d6e906f12daa6d326ee-500x280.jpg",500,280,true],"medium":["https:\/\/arantv.az\/wp-content\/uploads\/2024\/01\/84314f1ad6d45d6e906f12daa6d326ee-635x365.jpg",635,365,true],"large":["https:\/\/arantv.az\/wp-content\/uploads\/2024\/01\/84314f1ad6d45d6e906f12daa6d326ee-840x483.jpg",640,368,true],"1536x1536":["https:\/\/arantv.az\/wp-content\/uploads\/2024\/01\/84314f1ad6d45d6e906f12daa6d326ee.jpg",870,500,false],"2048x2048":["https:\/\/arantv.az\/wp-content\/uploads\/2024\/01\/84314f1ad6d45d6e906f12daa6d326ee.jpg",870,500,false],"post-thumbnail":["https:\/\/arantv.az\/wp-content\/uploads\/2024\/01\/84314f1ad6d45d6e906f12daa6d326ee-240x172.jpg",240,172,true],"advps-thumb-one":["https:\/\/arantv.az\/wp-content\/uploads\/2024\/01\/84314f1ad6d45d6e906f12daa6d326ee.jpg",870,500,false]},"rttpg_author":{"display_name":"V\u00fcsal Rafiqo\u011flu","author_link":"https:\/\/arantv.az\/?author=2"},"rttpg_comment":0,"rttpg_category":"<a href=\"https:\/\/arantv.az\/?cat=1\" rel=\"category\">C\u0259miyy\u0259t<\/a>","rttpg_excerpt":"\u0130ngilt\u0259r\u0259nin tarixi Kembric \u015f\u0259h\u0259rind\u0259 ayda bir d\u0259f\u0259 Az\u0259rbaycan milli r\u0259qsl\u0259ri d\u0259rsi ke\u00e7irilir v\u0259 d\u0259rsl\u0259rd\u0259 \u201cQaraba\u011f Yall\u0131s\u0131\u201d, \u201cT\u0259r\u0259k\u0259m\u0259&#8221; kimi milli r\u0259qsl\u0259rimiz \u00f6yr\u0259dilir. ARANTV.AZ \u00a0AZ\u018fRTAC-a istinad\u0259n x\u0259b\u0259r verir ki, Xoreoqraf S\u0259kin\u0259 Muxtarl\u0131 qeyd edir ki, xarici i\u015ftirak\u00e7\u0131lar Az\u0259rbaycan ritml\u0259rini \u00e7ox sevirl\u0259r. D\u0259rsl\u0259rd\u0259 i\u015ftirak ed\u0259n ingilis Tom Amiral Moody Az\u0259rbaycan dilini \u00f6yr\u0259ndiyini deyir, qeyd edir ki, Az\u0259rbaycan musiqisini&hellip;","_links":{"self":[{"href":"https:\/\/arantv.az\/index.php?rest_route=\/wp\/v2\/posts\/679312"}],"collection":[{"href":"https:\/\/arantv.az\/index.php?rest_route=\/wp\/v2\/posts"}],"about":[{"href":"https:\/\/arantv.az\/index.php?rest_route=\/wp\/v2\/types\/post"}],"author":[{"embeddable":true,"href":"https:\/\/arantv.az\/index.php?rest_route=\/wp\/v2\/users\/2"}],"replies":[{"embeddable":true,"href":"https:\/\/arantv.az\/index.php?rest_route=%2Fwp%2Fv2%2Fcomments&post=679312"}],"version-history":[{"count":0,"href":"https:\/\/arantv.az\/index.php?rest_route=\/wp\/v2\/posts\/679312\/revisions"}],"wp:featuredmedia":[{"embeddable":true,"href":"https:\/\/arantv.az\/index.php?rest_route=\/wp\/v2\/media\/679313"}],"wp:attachment":[{"href":"https:\/\/arantv.az\/index.php?rest_route=%2Fwp%2Fv2%2Fmedia&parent=679312"}],"wp:term":[{"taxonomy":"category","embeddable":true,"href":"https:\/\/arantv.az\/index.php?rest_route=%2Fwp%2Fv2%2Fcategories&post=679312"},{"taxonomy":"post_tag","embeddable":true,"href":"https:\/\/arantv.az\/index.php?rest_route=%2Fwp%2Fv2%2Ftags&post=679312"}],"curies":[{"name":"wp","href":"https:\/\/api.w.org\/{rel}","templated":true}]}}