{"id":679316,"date":"2024-01-12T19:35:38","date_gmt":"2024-01-12T15:35:38","guid":{"rendered":"https:\/\/arantv.az\/?p=679316"},"modified":"2024-01-12T19:35:38","modified_gmt":"2024-01-12T15:35:38","slug":"bazarlarda-alisib-yanan-qiym%c9%99tl%c9%99r-aprel%c9%99-q%c9%99d%c9%99r-alicilar-usyandavideo","status":"publish","type":"post","link":"https:\/\/arantv.az\/?p=679316","title":{"rendered":"Bazarlarda ALI\u015eIB-YANAN qiym\u0259tl\u0259r: Aprel\u0259 q\u0259d\u0259r\u2026 &#8211; al\u0131c\u0131lar \u00dcSYANDAV\u0130DEO"},"content":{"rendered":"<p><strong>Art\u0131q 2024-c\u00fc ilin birinci ong\u00fcnl\u00fcy\u00fcn\u00fc gerid\u0259 qoymu\u015fuq.<\/strong><\/p>\n<h3>B\u0259s bayramdan sonra bazarlarda v\u0259ziyy\u0259t nec\u0259dir? Qiym\u0259tl\u0259rd\u0259 enm\u0259, yoxsa art\u0131m var?<\/h3>\n<p>&#8220;TV Musavat&#8221;\u0131n \u0259m\u0259kda\u015flar\u0131 m\u0259s\u0259l\u0259ni daha yax\u0131ndan m\u00fc\u015fahid\u0259 etm\u0259k \u00fc\u00e7\u00fcn &#8220;8-ci kilometr&#8221; bazar\u0131ndan reportaj haz\u0131rlay\u0131b.<\/p>\n<p><strong>H\u0259min videoreportaj\u0131 t\u0259qdim edirik:<\/strong><\/p>\n<p><strong><iframe title=\"YouTube video player\" src=\"https:\/\/www.youtube.com\/embed\/UCP4HUM_l0g?si=OZRTu4evllS_wFdw\" frameborder=\"0\" allowfullscreen=\"allowfullscreen\" data-mce-fragment=\"1\"><\/iframe><\/strong><\/p>\n","protected":false},"excerpt":{"rendered":"<p>Art\u0131q 2024-c\u00fc ilin birinci ong\u00fcnl\u00fcy\u00fcn\u00fc gerid\u0259 qoymu\u015fuq. B\u0259s bayramdan sonra bazarlarda v\u0259ziyy\u0259t nec\u0259dir? Qiym\u0259tl\u0259rd\u0259 enm\u0259, yoxsa art\u0131m var? &#8220;TV Musavat&#8221;\u0131n \u0259m\u0259kda\u015flar\u0131 m\u0259s\u0259l\u0259ni daha yax\u0131ndan m\u00fc\u015fahid\u0259 etm\u0259k \u00fc\u00e7\u00fcn &#8220;8-ci kilometr&#8221; bazar\u0131ndan reportaj haz\u0131rlay\u0131b. H\u0259min videoreportaj\u0131 t\u0259qdim edirik:<\/p>\n","protected":false},"author":2,"featured_media":679317,"comment_status":"closed","ping_status":"closed","sticky":false,"template":"","format":"standard","meta":{"om_disable_all_campaigns":false,"_monsterinsights_skip_tracking":false,"_monsterinsights_sitenote_active":false,"_monsterinsights_sitenote_note":"","_monsterinsights_sitenote_category":0},"categories":[1],"tags":[],"aioseo_notices":[],"gutentor_comment":0,"rttpg_featured_image_url":{"full":["https:\/\/arantv.az\/wp-content\/uploads\/2024\/01\/4efb930cce06793bee55d5512d024c2f.jpg",870,500,false],"landscape":["https:\/\/arantv.az\/wp-content\/uploads\/2024\/01\/4efb930cce06793bee55d5512d024c2f.jpg",870,500,false],"portraits":["https:\/\/arantv.az\/wp-content\/uploads\/2024\/01\/4efb930cce06793bee55d5512d024c2f.jpg",870,500,false],"thumbnail":["https:\/\/arantv.az\/wp-content\/uploads\/2024\/01\/4efb930cce06793bee55d5512d024c2f-500x280.jpg",500,280,true],"medium":["https:\/\/arantv.az\/wp-content\/uploads\/2024\/01\/4efb930cce06793bee55d5512d024c2f-635x365.jpg",635,365,true],"large":["https:\/\/arantv.az\/wp-content\/uploads\/2024\/01\/4efb930cce06793bee55d5512d024c2f-840x483.jpg",640,368,true],"1536x1536":["https:\/\/arantv.az\/wp-content\/uploads\/2024\/01\/4efb930cce06793bee55d5512d024c2f.jpg",870,500,false],"2048x2048":["https:\/\/arantv.az\/wp-content\/uploads\/2024\/01\/4efb930cce06793bee55d5512d024c2f.jpg",870,500,false],"post-thumbnail":["https:\/\/arantv.az\/wp-content\/uploads\/2024\/01\/4efb930cce06793bee55d5512d024c2f-240x172.jpg",240,172,true],"advps-thumb-one":["https:\/\/arantv.az\/wp-content\/uploads\/2024\/01\/4efb930cce06793bee55d5512d024c2f.jpg",870,500,false]},"rttpg_author":{"display_name":"V\u00fcsal Rafiqo\u011flu","author_link":"https:\/\/arantv.az\/?author=2"},"rttpg_comment":0,"rttpg_category":"<a href=\"https:\/\/arantv.az\/?cat=1\" rel=\"category\">C\u0259miyy\u0259t<\/a>","rttpg_excerpt":"Art\u0131q 2024-c\u00fc ilin birinci ong\u00fcnl\u00fcy\u00fcn\u00fc gerid\u0259 qoymu\u015fuq. B\u0259s bayramdan sonra bazarlarda v\u0259ziyy\u0259t nec\u0259dir? Qiym\u0259tl\u0259rd\u0259 enm\u0259, yoxsa art\u0131m var? &#8220;TV Musavat&#8221;\u0131n \u0259m\u0259kda\u015flar\u0131 m\u0259s\u0259l\u0259ni daha yax\u0131ndan m\u00fc\u015fahid\u0259 etm\u0259k \u00fc\u00e7\u00fcn &#8220;8-ci kilometr&#8221; bazar\u0131ndan reportaj haz\u0131rlay\u0131b. H\u0259min videoreportaj\u0131 t\u0259qdim edirik:","_links":{"self":[{"href":"https:\/\/arantv.az\/index.php?rest_route=\/wp\/v2\/posts\/679316"}],"collection":[{"href":"https:\/\/arantv.az\/index.php?rest_route=\/wp\/v2\/posts"}],"about":[{"href":"https:\/\/arantv.az\/index.php?rest_route=\/wp\/v2\/types\/post"}],"author":[{"embeddable":true,"href":"https:\/\/arantv.az\/index.php?rest_route=\/wp\/v2\/users\/2"}],"replies":[{"embeddable":true,"href":"https:\/\/arantv.az\/index.php?rest_route=%2Fwp%2Fv2%2Fcomments&post=679316"}],"version-history":[{"count":0,"href":"https:\/\/arantv.az\/index.php?rest_route=\/wp\/v2\/posts\/679316\/revisions"}],"wp:featuredmedia":[{"embeddable":true,"href":"https:\/\/arantv.az\/index.php?rest_route=\/wp\/v2\/media\/679317"}],"wp:attachment":[{"href":"https:\/\/arantv.az\/index.php?rest_route=%2Fwp%2Fv2%2Fmedia&parent=679316"}],"wp:term":[{"taxonomy":"category","embeddable":true,"href":"https:\/\/arantv.az\/index.php?rest_route=%2Fwp%2Fv2%2Fcategories&post=679316"},{"taxonomy":"post_tag","embeddable":true,"href":"https:\/\/arantv.az\/index.php?rest_route=%2Fwp%2Fv2%2Ftags&post=679316"}],"curies":[{"name":"wp","href":"https:\/\/api.w.org\/{rel}","templated":true}]}}