{"id":679319,"date":"2024-01-12T19:36:53","date_gmt":"2024-01-12T15:36:53","guid":{"rendered":"https:\/\/arantv.az\/?p=679319"},"modified":"2024-01-12T19:36:53","modified_gmt":"2024-01-12T15:36:53","slug":"intibahin-xarakteri","status":"publish","type":"post","link":"https:\/\/arantv.az\/?p=679319","title":{"rendered":"\u0130ntibah\u0131n XARAKTER\u0130"},"content":{"rendered":"<p><strong>D\u00fcnyan\u0131n bug\u00fcnk\u00fc simas\u0131n\u0131 m\u00fc\u0259yy\u0259nl\u0259\u015fdir\u0259n \u0259sas \u015f\u0259xsl\u0259rd\u0259n biri say\u0131lan Uinston \u00c7\u00f6r\u00e7ill d\u00f6vl\u0259t xadiminin siyasi xadimd\u0259n f\u0259rqini siyas\u0259t\u00e7inin g\u0259l\u0259c\u0259k se\u00e7kil\u0259ri, d\u00f6vl\u0259t xadiminin is\u0259 g\u0259l\u0259c\u0259k n\u0259sill\u0259ri d\u00fc\u015f\u00fcnm\u0259si \u015f\u0259klind\u0259 ifad\u0259 edirdi.<\/strong><\/p>\n<p>Son g\u00fcnl\u0259r bu bar\u0259d\u0259 &#8211; se\u00e7kil\u0259r v\u0259 g\u0259l\u0259c\u0259k n\u0259sill\u0259r m\u00f6vzusuna daha tez-tez m\u00fcraci\u0259t etm\u0259yimiz \u0259b\u0259s deyil. \u2013 Az\u0259rbaycan\u0131n d\u00f6vl\u0259t ba\u015f\u00e7\u0131s\u0131 \u0130lham \u018fliyev \u00f6t\u0259n il son ay\u0131n\u0131n 7-d\u0259 Az\u0259rbaycanda n\u00f6vb\u0259d\u0259nk\u0259nar Prezident se\u00e7kil\u0259rinin ke\u00e7irilm\u0259si haqq\u0131nda S\u0259r\u0259ncam imzalad\u0131.<\/p>\n<p><img loading=\"lazy\" src=\"https:\/\/cdn.musavat.com\/news\/thumbnails\/f53f5773410f992b768cf030014df4d3.jpg\" alt=\"serencam.jpg (60 KB)\" width=\"700\" height=\"436\" \/><\/p>\n<p><strong>M\u0259lumunuz, \u0259g\u0259r bu S\u0259r\u0259ncam olmasayd\u0131, bu se\u00e7kil\u0259rin \u00f6t\u0259n prezident se\u00e7kil\u0259rinin 7-ci ilinin tamam\u0131nda \u2013 2025-ci ild\u0259 ke\u00e7iril\u0259c\u0259yini g\u00f6zl\u0259y\u0259c\u0259kdik.<\/strong>\u00a0Son Prezident se\u00e7kil\u0259rind\u0259n sonra \u00f6lk\u0259mizin simas\u0131, ictimai-siyasi f\u0259aliyy\u0259tin, d\u00f6vl\u0259t v\u0259 xalq h\u0259yat\u0131n\u0131n ritmi, ah\u0259ngi d\u0259yi\u015fib \u2013 daha do\u011frusu, \u00f6z qaydas\u0131na d\u00fc\u015f\u00fcb, tarazl\u0131q, nizam yaran\u0131b. \u018frazi b\u00fct\u00f6vl\u00fcy\u00fc, suverenliyi pozulmu\u015f d\u00f6vl\u0259t, xalq hans\u0131 ah\u0259ngd\u0259, nec\u0259 bir ritmd\u0259 ola bil\u0259rdi ki? \u2013 Baxmayaraq, o ritm, ah\u0259ng pozulmas\u0131 \u00fc\u00e7 on il boyunca uzanm\u0131\u015fd\u0131, inan\u0131rd\u0131q ki, \u0259z\u0259l-ax\u0131r haqq \u00f6z yerini tapacaq. Xalq \u015fairi Z\u0259limxan Yaqub nec\u0259 deyirdi? \u2013<\/p>\n<p>\u201cKe\u00e7idl\u0259rd\u0259 oca\u011f\u0131m\u0131z s\u0259ngidi,<\/p>\n<p>Yoxu\u015flarda n\u0259f\u0259simiz t\u0259ngidi,<\/p>\n<p>Tarix bir az haqq s\u00f6z\u00fcnd\u0259 l\u0259ngidi,<\/p>\n<p>H\u0259qiq\u0259tl\u0259r \u00e7\u00f6z\u00fcm-\u00e7\u00f6z\u00fcm olacaq,<\/p>\n<p>Bug\u00fcn-sabah d\u00fcnya bizim olacaq\u201d.<\/p>\n<p><strong>Bel\u0259likl\u0259, tarixi Z\u0259f\u0259r\u0259 imza atm\u0131\u015f, \u00f6z ah\u0259ngini, nizam\u0131n\u0131 b\u0259rpa etmi\u015f xalqa, suverenliyini, \u0259razi b\u00fct\u00f6vl\u00fcy\u00fcn\u00fc b\u0259rpa etmi\u015f d\u00f6vl\u0259t\u0259 ilk olaraq \u0259n ali se\u00e7ki yara\u015f\u0131rd\u0131. \u0130ndi qar\u015f\u0131dak\u0131 parlament v\u0259 b\u0259l\u0259diyy\u0259 se\u00e7kil\u0259rin\u0259 \u0259razisi b\u00fct\u00f6v, suverenliyi tam v\u0259 n\u00f6vb\u0259ti 7 il \u00fc\u00e7\u00fcn \u00f6z Prezidentini se\u00e7mi\u015f \u00f6lk\u0259 olaraq ged\u0259c\u0259yik.<\/strong><\/p>\n<p><strong><img loading=\"lazy\" src=\"https:\/\/cdn.musavat.com\/news\/thumbnails\/01bd09112040e2c5c779d03484b9e07a.jpg\" alt=\"\u0130LHAM ESGER.jpg (246 KB)\" width=\"700\" height=\"402\" \/><\/strong><\/p>\n<p><strong>D\u00f6vl\u0259tin \u0259n ali k\u00fcrs\u00fcs\u00fcn\u0259 se\u00e7kil\u0259ri he\u00e7 zaman se\u00e7kil\u0259ri deyil, h\u0259mi\u015f\u0259 g\u0259l\u0259c\u0259k n\u0259sill\u0259ri d\u00fc\u015f\u00fcn\u0259n m\u00fcdrik d\u00f6vl\u0259t xadiminin imzalamas\u0131 ayr\u0131 bir g\u00f6z\u0259llik, f\u0259r\u0259hli bir hadis\u0259dir!<\/strong>\u00a0Prezidentin 10 yanvarda yerli TV-l\u0259r\u0259 verdiyi m\u00fcsahib\u0259d\u0259n bir b\u00f6l\u00fcm\u0259 diqq\u0259t ed\u0259k:<\/p>\n<p>\u201c&#8230;Xocal\u0131da bayra\u011f\u0131 qald\u0131randa fikirl\u0259\u015firdim, bax, bu g\u00fcn biz tam \u0259minlikl\u0259 dey\u0259 bil\u0259rik ki, Xocal\u0131 qurbanlar\u0131n\u0131n qan\u0131 yerd\u0259 qalmad\u0131. Xocal\u0131da bayra\u011f\u0131n qald\u0131r\u0131lmas\u0131 daha da h\u0259y\u0259canl\u0131 idi, onu a\u00e7\u0131q dey\u0259 bil\u0259r\u0259m. Xank\u0259ndid\u0259 is\u0259 bayra\u011f\u0131n qald\u0131r\u0131lmas\u0131 \u0259dal\u0259tin tam b\u0259rpas\u0131 idi v\u0259 Z\u0259f\u0259rimizin son n\u00f6qt\u0259si idi.<\/p>\n<p>Y\u0259ni bunlar tarixi anlard\u0131r. Biz ham\u0131m\u0131z xo\u015fb\u0259xtik ki, bu d\u00f6vrd\u0259 ya\u015fay\u0131r\u0131q, bu d\u00f6vr\u00fcn \u015fahidl\u0259riyik, bu b\u00f6y\u00fck Z\u0259f\u0259rin \u0259ld\u0259 olunmas\u0131nda i\u015ftirak etmi\u015fik, h\u0259r\u0259 \u00f6z yerind\u0259, siz media n\u00fcmay\u0259nd\u0259l\u0259ri kimi, m\u0259n Ali Ba\u015f Komandan kimi, xalq\u0131m\u0131z\u0131n b\u00fct\u00fcn t\u0259b\u0259q\u0259l\u0259ri \u00f6z i\u015fi il\u0259 bu Q\u0259l\u0259b\u0259ni yax\u0131nla\u015fd\u0131r\u0131rd\u0131lar. Bu, \u00fcmummilli bir m\u0259s\u0259l\u0259y\u0259 \u00e7evrildi, \u00fcmummilli h\u0259r\u0259kata \u00e7evrildi v\u0259 30 il \u0259rzind\u0259 bir \u00e7ox beyn\u0259lxalq t\u0259r\u0259fda\u015flar\u0131m\u0131z\u0131n s\u0259yl\u0259rin\u0259 baxmayaraq, bu m\u00f6vzu unudulmad\u0131. Bunu biz\u0259 unutdurmaq ist\u0259mi\u015fdil\u0259r. M\u00fcxt\u0259lif b\u0259han\u0259l\u0259r alt\u0131nda &#8211; Erm\u0259nistanla \u0259m\u0259kda\u015fl\u0131q, insanlar\u0131, c\u0259miyy\u0259tl\u0259ri s\u00fclh\u0259 haz\u0131rlamaq \u00fc\u00e7\u00fcn m\u00fcxt\u0259lif QHT-l\u0259r vasit\u0259sil\u0259 t\u0259maslar\u0131n yarad\u0131lmas\u0131 m\u0259hz o m\u0259qs\u0259di g\u00fcd\u00fcrd\u00fc ki, Az\u0259rbaycanda yeti\u015f\u0259n g\u0259nc n\u0259sil bu m\u0259s\u0259l\u0259d\u0259 f\u0259rqli istiqam\u0259td\u0259 yeti\u015fsin. Bizim is\u0259 m\u0259qs\u0259dimiz o idi ki, yeti\u015f\u0259n g\u0259nc n\u0259sil v\u0259t\u0259np\u0259rv\u0259r olsun, he\u00e7 vaxt bu \u0259dal\u0259tsizlikl\u0259 bar\u0131\u015fmas\u0131n v\u0259 \u0259g\u0259r biz\u0259 n\u0259sib olmazsa bu tarixi \u0259dal\u0259ti b\u0259rpa etm\u0259k, g\u0259l\u0259c\u0259k n\u0259sill\u0259r onu etm\u0259lidirl\u0259r\u201d.<\/p>\n<p><img loading=\"lazy\" src=\"https:\/\/cdn.musavat.com\/news\/thumbnails\/965bb8209b42242246b854bcc42c9412.jpg\" alt=\"MUSAH\u0130B YEN\u0130.jpg (64 KB)\" width=\"700\" height=\"436\" \/><\/p>\n<p><strong>G\u0259l\u0259c\u0259k n\u0259sill\u0259r! \u2013 Bu vur\u011fu, \u0259lb\u0259tt\u0259, t\u0259sad\u00fcfi deyil!<\/strong>\u00a0Bu vur\u011fu \u0259n t\u0259vaf\u00fcq hadis\u0259dir. M\u0259n\u0259 n\u0259sib olub uzun ill\u0259r g\u0259ncl\u0259rl\u0259 i\u015fl\u0259mi\u015f\u0259m, o c\u00fcml\u0259d\u0259n d\u00f6vl\u0259t g\u0259ncl\u0259r siyas\u0259tini h\u0259yata ke\u00e7ir\u0259n nazirlikd\u0259 \u00e7al\u0131\u015fm\u0131\u015fam, M\u00fcst\u0259qil Az\u0259rbaycan G\u0259ncl\u0259rinin I Forumunda \u00e7\u0131x\u0131\u015f etmi\u015f\u0259m, g\u0259ncl\u0259r t\u0259\u015fkilatlar\u0131n\u0131n qurucusu v\u0259 r\u0259hb\u0259ri, g\u0259ncl\u0259r t\u0259\u015fkilatlar\u0131n\u0131n konfederativ qurumunun r\u0259hb\u0259rl\u0259rind\u0259n olmu\u015f, \u00e7oxsayl\u0131 beyn\u0259lxalq g\u0259ncl\u0259r t\u0259dbirl\u0259rind\u0259 n\u00fcmay\u0259nd\u0259 hey\u0259tinin \u00fczv\u00fc v\u0259 r\u0259hb\u0259ri olaraq i\u015ftirak etmi\u015f\u0259m. \u2013 Bu v\u0259sil\u0259 il\u0259 g\u0259ncl\u0259rl\u0259 i\u015fi, d\u00f6vl\u0259t g\u0259ncl\u0259r siyas\u0259tinin mahiyy\u0259tini yax\u0131ndan bil\u0259nl\u0259rd\u0259n biriy\u0259m \u2013 des\u0259m, q\u00fcsur say\u0131lmaz. \u0130lham \u018fliyev g\u0259ncl\u0259r siyas\u0259tini d\u0259, b\u00fct\u00fcn dig\u0259r \u0259m\u0259li \u00e7al\u0131\u015fma sah\u0259l\u0259ri \u00fczr\u0259 d\u00f6vl\u0259t siyas\u0259tini d\u0259 h\u0259mi\u015f\u0259 g\u0259l\u0259c\u0259ky\u00f6n\u00fcml\u00fc f\u0259aliyy\u0259t\u0259 k\u00f6kl\u0259yib. \u018flb\u0259tt\u0259, Prezident v\u0259 onun komandas\u0131 \u00f6z\u0259llikl\u0259 taley\u00fckl\u00fc m\u0259s\u0259l\u0259l\u0259rl\u0259 ba\u011fl\u0131 d\u00f6vl\u0259t siyas\u0259tinin inc\u0259likl\u0259rini, f\u0259aliyy\u0259tin m\u0259nas\u0131n\u0131, mahiyy\u0259tini vaxt\u0131ndan \u00f6nc\u0259 ictimaiyy\u0259t\u0259 a\u00e7\u0131qlamaz v\u0259 bu m\u0259hz d\u00f6vl\u0259tin ali m\u0259nf\u0259\u0259tl\u0259ri \u00fc\u00e7\u00fcn edilir. Prezidentin yerli tv-l\u0259r\u0259 m\u00fcsahib\u0259sind\u0259n g\u0259tirdiyimiz sitat m\u0259hz bu bax\u0131mdan \u00e7ox manidard\u0131r.<\/p>\n<p><strong>\u0130lham \u018fliyev g\u0259l\u0259c\u0259k n\u0259sil vur\u011fusunu, tarixi \u201c\u015eu\u015fa B\u0259yannam\u0259si\u201d imzalanark\u0259n da etmi\u015fdi \u2013 o s\u0259n\u0259di \u0259cdadlar\u0131n ruhunu \u015fad ed\u0259n, g\u0259l\u0259c\u0259k n\u0259sill\u0259r\u0259 yol g\u00f6st\u0259r\u0259n s\u0259n\u0259d olaraq xarakteriz\u0259 etmi\u015fdi.<\/strong><\/p>\n<p><strong><img loading=\"lazy\" src=\"https:\/\/cdn.musavat.com\/news\/thumbnails\/aab30e288a5377c12d0d562539bf2d90.jpg\" alt=\"susa beyan.PNG (1.77 MB)\" width=\"700\" height=\"375\" \/><\/strong><\/p>\n<p><strong>\u0130lham \u018fliyev V\u0259t\u0259n m\u00fcharib\u0259sind\u0259n dan\u0131\u015fark\u0259n d\u0259f\u0259l\u0259rl\u0259 vur\u011fulay\u0131b ki, biz el\u0259 bir g\u0259nc n\u0259sil t\u0259rbiy\u0259 edib yeti\u015fdirdik ki, onlar \u00f6l\u00fcm\u00fcn \u00fcst\u00fcn\u0259 getdi, he\u00e7 n\u0259d\u0259n qorxmadan, \u00e7\u0259kinm\u0259d\u0259n!<\/strong><\/p>\n<p>\u0130lham \u018fliyevin g\u0259ncl\u0259rl\u0259 \u00e7oxsayl\u0131 g\u00f6r\u00fc\u015fl\u0259ri, o g\u00f6r\u00fc\u015fl\u0259rd\u0259ki unudulmaz \u00e7\u0131x\u0131\u015flar\u0131, g\u0259ncl\u0259rl\u0259 ba\u011fl\u0131 s\u0259r\u0259ncamlar\u0131 g\u0259nclik, g\u0259l\u0259c\u0259k n\u0259sil m\u00f6vzusuna, s\u00f6z\u00fcn \u0259n m\u00fcsb\u0259t anlam\u0131nda, nec\u0259 talib oldu\u011funu \u00e7ox parlaq \u015f\u0259kild\u0259 g\u00f6st\u0259rm\u0259kd\u0259dir.<\/p>\n<p>Biz indi bu yaz\u0131 il\u0259 t\u0259bli\u011fat-t\u0259\u015fviqat i\u015fi g\u00f6rm\u00fcr\u00fck \u2013 \u0259slind\u0259, buna ehtiyac da yoxdur; biz xalq m\u00fcdrikliyin\u0259 candan-k\u00f6n\u00fcld\u0259n inanlardan\u0131q. \u2013 Xalq\u0131m\u0131z se\u00e7kini d\u0259, se\u00e7m\u0259yi d\u0259 v\u0259 bunu n\u0259 \u00fc\u00e7\u00fcn etdiyini d\u0259 yax\u015f\u0131 bilir. \u00d6z c\u0259sar\u0259tini, d\u00f6vl\u0259tcanl\u0131l\u0131\u011f\u0131n\u0131 \u0259n taley\u00fckl\u00fc m\u0259qamlarda parlaq \u015f\u0259kild\u0259 ifad\u0259 ed\u0259n xalq yeni d\u00f6n\u0259min v\u0259zif\u0259l\u0259rini d\u0259 bilir. Se\u00e7kil\u0259rin n\u0259tic\u0259l\u0259ri elan olunduqdan sonra ayd\u0131n \u015f\u0259kild\u0259 g\u00f6r\u0259c\u0259yik ki, xalq\u0131m\u0131z Qaraba\u011fda suverenliyimizin, \u0259razi b\u00fct\u00f6vl\u00fcy\u00fcm\u00fcz\u00fcn tam b\u0259rpa olunmas\u0131 il\u0259 a\u011fr\u0131l\u0131 bir d\u00f6n\u0259m\u0259 yekun vurulmas\u0131n\u0131, 7 fevral se\u00e7kil\u0259rinin yeni d\u00f6n\u0259min ba\u015flan\u011f\u0131c\u0131 olmas\u0131n\u0131 nec\u0259 d\u0259rind\u0259n v\u0259 \u00fcf\u00fcq\u00fcgeni\u015f \u015f\u0259kild\u0259 idrak edib. Xalq\u0131m\u0131zla, bu xalq\u0131n \u00f6vlad\u0131 olma\u011f\u0131m\u0131zla v\u0259 bacard\u0131qca qullu\u011funda durma\u011f\u0131m\u0131zla q\u00fcrur duyuruq!<\/p>\n<p>B\u0259li, Az\u0259rbaycan tarixind\u0259 (\u00f6z\u00fc d\u0259 yaln\u0131z respublikam\u0131z\u0131n deyil, \u00fcmum\u0259n Az\u0259rbaycan\u0131n, D\u00fcnya az\u0259rbaycanl\u0131lar\u0131n\u0131n tarixind\u0259!) yeni d\u00f6n\u0259m ba\u015flay\u0131r \u2013 bu intibah d\u00f6n\u0259midir. Tarix\u00e7il\u0259r, kulturoloqlar \u00e7a\u011fda\u015f intibah tarixinin ba\u015flanma tarixi \u00fcz\u0259rind\u0259, 8 noyabr 2020-ci il, 20 sentyabr 2023-c\u00fc il, 15 oktyabr 2023-c\u00fc il dey\u0259 f\u0259rqli fikir s\u00f6yl\u0259y\u0259 bil\u0259r; ancaq bir fikird\u0259 f\u0259rqlilik olmad\u0131\u011f\u0131na inan\u0131ram \u2013 Az\u0259rbaycan illa yeni d\u00f6n\u0259m\u0259 daxil olub v\u0259 bu d\u00f6n\u0259m m\u0259hz intibah d\u00f6n\u0259midir. \u00d6nc\u0259l\u0259r d\u0259 bel\u0259 c\u0259hdl\u0259r oldu\u011funa \u015f\u00fcbh\u0259 etm\u0259d\u0259n, daha \u00f6nc\u0259ki intibah c\u0259hdl\u0259rind\u0259 bulananlar\u0131 alq\u0131\u015flayaraq, etiraf etm\u0259liyik ki, \u0130lham \u018fliyev intibah\u0131 yaln\u0131z ba\u015flatmad\u0131, onu s\u00f6z\u00fcn m\u00fcsb\u0259t anlam\u0131nda sabitl\u0259\u015fdirm\u0259yi bacard\u0131, davam v\u0259 inki\u015faf\u0131na xarakter verdi.<\/p>\n<p>Qoy bundan sonra yeni milli ideoloji inki\u015faf\u0131m\u0131z\u0131n \u0259sas\u0131, m\u00fcst\u0259qil d\u00f6vl\u0259tin yeni missiyas\u0131, bir s\u00f6zl\u0259, yeni ideoloji \u0259saslar haqq\u0131nda akademik \u00e7evr\u0259l\u0259r, tarix\u00e7il\u0259r, kulturoloqlar \u0259s\u0259r yazs\u0131n, r\u0259y versin, \u00e7\u0131x\u0131\u015f etsin. Bu, el\u0259 bir yeni d\u00f6n\u0259mdir, burada h\u0259r k\u0259sin i\u015fi, ham\u0131n\u0131n rolu ola bil\u0259r v\u0259 olmal\u0131d\u0131r. \u00c7\u00fcnki b\u00f6y\u00fck u\u011furlar\u0131m\u0131z \u00fcmumxalq hadis\u0259sidir. Biz bunu 44 g\u00fcnl\u00fck m\u00fcharib\u0259d\u0259ki \u0259v\u0259zsiz d\u00f6vl\u0259t-xalq birliyind\u0259 g\u00f6rd\u00fck.<\/p>\n<p><strong>D\u00d6VL\u018fT\u0130M\u0130Z ZAVAL G\u00d6RM\u018fS\u0130N!<\/strong><\/p>\n<div class=\"news-author text-left\"><a href=\"https:\/\/www.musavat.com\/author\/ekber-qosali_162\"><img class=\"img-responsive img-author\" src=\"https:\/\/cdn.musavat.com\/authors\/thumbnails\/336d8cc81c306b1767ed671548b9f182.jpeg\" \/>\u018fkb\u0259r Qo\u015fal\u0131<\/a><\/div>\n","protected":false},"excerpt":{"rendered":"<p>D\u00fcnyan\u0131n bug\u00fcnk\u00fc simas\u0131n\u0131 m\u00fc\u0259yy\u0259nl\u0259\u015fdir\u0259n \u0259sas \u015f\u0259xsl\u0259rd\u0259n biri say\u0131lan Uinston \u00c7\u00f6r\u00e7ill d\u00f6vl\u0259t xadiminin siyasi xadimd\u0259n f\u0259rqini siyas\u0259t\u00e7inin g\u0259l\u0259c\u0259k se\u00e7kil\u0259ri, d\u00f6vl\u0259t xadiminin is\u0259 g\u0259l\u0259c\u0259k n\u0259sill\u0259ri d\u00fc\u015f\u00fcnm\u0259si \u015f\u0259klind\u0259 ifad\u0259 edirdi. Son g\u00fcnl\u0259r bu bar\u0259d\u0259 &#8211; se\u00e7kil\u0259r v\u0259 g\u0259l\u0259c\u0259k n\u0259sill\u0259r m\u00f6vzusuna daha tez-tez m\u00fcraci\u0259t etm\u0259yimiz \u0259b\u0259s deyil. \u2013 Az\u0259rbaycan\u0131n d\u00f6vl\u0259t ba\u015f\u00e7\u0131s\u0131 \u0130lham \u018fliyev \u00f6t\u0259n il son ay\u0131n\u0131n 7-d\u0259 Az\u0259rbaycanda n\u00f6vb\u0259d\u0259nk\u0259nar Prezident se\u00e7kil\u0259rinin ke\u00e7irilm\u0259si haqq\u0131nda S\u0259r\u0259ncam imzalad\u0131. M\u0259lumunuz, \u0259g\u0259r bu S\u0259r\u0259ncam olmasayd\u0131, bu se\u00e7kil\u0259rin \u00f6t\u0259n prezident se\u00e7kil\u0259rinin 7-ci ilinin tamam\u0131nda \u2013 2025-ci ild\u0259 ke\u00e7iril\u0259c\u0259yini g\u00f6zl\u0259y\u0259c\u0259kdik.\u00a0Son Prezident se\u00e7kil\u0259rind\u0259n sonra \u00f6lk\u0259mizin simas\u0131, ictimai-siyasi f\u0259aliyy\u0259tin, d\u00f6vl\u0259t v\u0259 xalq&hellip;<\/p>\n","protected":false},"author":2,"featured_media":679320,"comment_status":"closed","ping_status":"closed","sticky":false,"template":"","format":"standard","meta":{"om_disable_all_campaigns":false,"_monsterinsights_skip_tracking":false,"_monsterinsights_sitenote_active":false,"_monsterinsights_sitenote_note":"","_monsterinsights_sitenote_category":0},"categories":[19],"tags":[],"aioseo_notices":[],"gutentor_comment":0,"rttpg_featured_image_url":{"full":["https:\/\/arantv.az\/wp-content\/uploads\/2024\/01\/100441.jpg",1060,480,false],"landscape":["https:\/\/arantv.az\/wp-content\/uploads\/2024\/01\/100441.jpg",1060,480,false],"portraits":["https:\/\/arantv.az\/wp-content\/uploads\/2024\/01\/100441.jpg",1060,480,false],"thumbnail":["https:\/\/arantv.az\/wp-content\/uploads\/2024\/01\/100441-500x280.jpg",500,280,true],"medium":["https:\/\/arantv.az\/wp-content\/uploads\/2024\/01\/100441-660x299.jpg",660,299,true],"large":["https:\/\/arantv.az\/wp-content\/uploads\/2024\/01\/100441-840x380.jpg",640,290,true],"1536x1536":["https:\/\/arantv.az\/wp-content\/uploads\/2024\/01\/100441.jpg",1060,480,false],"2048x2048":["https:\/\/arantv.az\/wp-content\/uploads\/2024\/01\/100441.jpg",1060,480,false],"post-thumbnail":["https:\/\/arantv.az\/wp-content\/uploads\/2024\/01\/100441-240x172.jpg",240,172,true],"advps-thumb-one":["https:\/\/arantv.az\/wp-content\/uploads\/2024\/01\/100441.jpg",1060,480,false]},"rttpg_author":{"display_name":"V\u00fcsal Rafiqo\u011flu","author_link":"https:\/\/arantv.az\/?author=2"},"rttpg_comment":0,"rttpg_category":"<a href=\"https:\/\/arantv.az\/?cat=19\" rel=\"category\">G\u00fcnd\u0259m<\/a>","rttpg_excerpt":"D\u00fcnyan\u0131n bug\u00fcnk\u00fc simas\u0131n\u0131 m\u00fc\u0259yy\u0259nl\u0259\u015fdir\u0259n \u0259sas \u015f\u0259xsl\u0259rd\u0259n biri say\u0131lan Uinston \u00c7\u00f6r\u00e7ill d\u00f6vl\u0259t xadiminin siyasi xadimd\u0259n f\u0259rqini siyas\u0259t\u00e7inin g\u0259l\u0259c\u0259k se\u00e7kil\u0259ri, d\u00f6vl\u0259t xadiminin is\u0259 g\u0259l\u0259c\u0259k n\u0259sill\u0259ri d\u00fc\u015f\u00fcnm\u0259si \u015f\u0259klind\u0259 ifad\u0259 edirdi. Son g\u00fcnl\u0259r bu bar\u0259d\u0259 &#8211; se\u00e7kil\u0259r v\u0259 g\u0259l\u0259c\u0259k n\u0259sill\u0259r m\u00f6vzusuna daha tez-tez m\u00fcraci\u0259t etm\u0259yimiz \u0259b\u0259s deyil. \u2013 Az\u0259rbaycan\u0131n d\u00f6vl\u0259t ba\u015f\u00e7\u0131s\u0131 \u0130lham \u018fliyev \u00f6t\u0259n il son ay\u0131n\u0131n 7-d\u0259 Az\u0259rbaycanda&hellip;","_links":{"self":[{"href":"https:\/\/arantv.az\/index.php?rest_route=\/wp\/v2\/posts\/679319"}],"collection":[{"href":"https:\/\/arantv.az\/index.php?rest_route=\/wp\/v2\/posts"}],"about":[{"href":"https:\/\/arantv.az\/index.php?rest_route=\/wp\/v2\/types\/post"}],"author":[{"embeddable":true,"href":"https:\/\/arantv.az\/index.php?rest_route=\/wp\/v2\/users\/2"}],"replies":[{"embeddable":true,"href":"https:\/\/arantv.az\/index.php?rest_route=%2Fwp%2Fv2%2Fcomments&post=679319"}],"version-history":[{"count":0,"href":"https:\/\/arantv.az\/index.php?rest_route=\/wp\/v2\/posts\/679319\/revisions"}],"wp:featuredmedia":[{"embeddable":true,"href":"https:\/\/arantv.az\/index.php?rest_route=\/wp\/v2\/media\/679320"}],"wp:attachment":[{"href":"https:\/\/arantv.az\/index.php?rest_route=%2Fwp%2Fv2%2Fmedia&parent=679319"}],"wp:term":[{"taxonomy":"category","embeddable":true,"href":"https:\/\/arantv.az\/index.php?rest_route=%2Fwp%2Fv2%2Fcategories&post=679319"},{"taxonomy":"post_tag","embeddable":true,"href":"https:\/\/arantv.az\/index.php?rest_route=%2Fwp%2Fv2%2Ftags&post=679319"}],"curies":[{"name":"wp","href":"https:\/\/api.w.org\/{rel}","templated":true}]}}