{"id":679326,"date":"2024-01-12T19:39:40","date_gmt":"2024-01-12T15:39:40","guid":{"rendered":"https:\/\/arantv.az\/?p=679326"},"modified":"2024-01-12T19:39:40","modified_gmt":"2024-01-12T15:39:40","slug":"az%c9%99rbaycan-yeni-dovrd%c9%99-d%c9%99-butun-h%c9%99d%c9%99fl%c9%99rin%c9%99-nail-olacaq-agalar-v%c9%99liyev","status":"publish","type":"post","link":"https:\/\/arantv.az\/?p=679326","title":{"rendered":"Az\u0259rbaycan yeni d\u00f6vrd\u0259 d\u0259 b\u00fct\u00fcn h\u0259d\u0259fl\u0259rin\u0259 nail olacaq &#8211; A\u011falar V\u0259liyev"},"content":{"rendered":"<p><em><strong>Prezident \u0130lham \u018fliyevin yanvar\u0131n 10-da \u00fc\u00e7 saata yax\u0131n davam ed\u0259n v\u0259 20-d\u0259k istiqam\u0259t \u00fczr\u0259 suallar\u0131 \u00f6z\u00fcnd\u0259 ehtiva ed\u0259n yerli televiziya kanallar\u0131na m\u00fcsahib\u0259si \u00f6lk\u0259mizin \u0259ld\u0259 etdiyi u\u011furlar, g\u0259l\u0259c\u0259k\u00a0 perspektiv inki\u015faf istiqam\u0259tl\u0259ri bax\u0131m\u0131ndan b\u00f6y\u00fck \u0259h\u0259miyy\u0259t k\u0259sb edir. D\u00f6vl\u0259t ba\u015f\u00e7\u0131s\u0131n\u0131n mediaya tam a\u00e7\u0131q olmas\u0131, Ona \u00fcnvanlanan ist\u0259nil\u0259n sual\u0131 geni\u015f \u015f\u0259kild\u0259 cavabland\u0131rmas\u0131 h\u0259m xalq\u0131m\u0131z,, h\u0259m d\u0259 beyn\u0259lxalq ictimaiyy\u0259tl\u0259 \u00e7ox nadir dialoq formas\u0131d\u0131r. Biz \u0130kinci Qaraba\u011f m\u00fcharib\u0259si d\u00f6vr\u00fcnd\u0259 d\u0259 bu forman\u0131n \u015fahidi olduq. D\u00f6vl\u0259t ba\u015f\u00e7\u0131m\u0131z\u0131n xalqa m\u00fcraci\u0259tl\u0259ri, birba\u015fa dialoqu, atd\u0131\u011f\u0131 tvitl\u0259r, n\u00fcfuzlu beyn\u0259lxalq media orqanlar\u0131na verdiyi m\u00fcsahib\u0259l\u0259r h\u0259m xalq\u0131n m\u0259lumatland\u0131r\u0131lmas\u0131, h\u0259m d\u0259 \u00f6lk\u0259 h\u0259qiq\u0259tl\u0259rinin d\u00fcnyaya \u00e7atd\u0131r\u0131lmas\u0131nda m\u00fcst\u0259sna d\u0259r\u0259c\u0259d\u0259 b\u00f6y\u00fck rol oynad\u0131.<\/strong><\/em><\/p>\n<p><strong>Bu fikirl\u0259ri K\u0130V-\u0259 a\u00e7\u0131qlamas\u0131nda Milli M\u0259clisin deputat\u0131 A\u011falar V\u0259liyev ifad\u0259 edib.<\/strong><\/p>\n<p>Deputat vur\u011fulay\u0131b ki, m\u00fcsahib\u0259sind\u0259 \u00f6t\u0259n 20 il \u0259rzind\u0259ki f\u0259aliyy\u0259ti d\u0259y\u0259rl\u0259ndir\u0259n Prezident \u0130lham \u018fliyev qeyd etdi ki, m\u00fcst\u0259qil tariximizin \u0259n h\u0259lledici m\u0259qam\u0131 m\u0259hz 2003-c\u00fc il idi. \u00c7\u00fcnki o vaxt \u00f6lk\u0259mizin g\u0259l\u0259c\u0259yi il\u0259 ba\u011fl\u0131 konseptual yana\u015fma tam \u00f6z\u00fcn\u00fc t\u0259sdiql\u0259mi\u015fdi, y\u0259ni, Heyd\u0259r \u018fliyev siyas\u0259ti davam etdirildi. \u018fg\u0259r tarix ba\u015fqa istiqam\u0259td\u0259 gets\u0259ydi, bilm\u0259k olmaz, xalq\u0131m\u0131z, d\u00f6vl\u0259timiz hans\u0131 b\u0259lalar, faci\u0259l\u0259rl\u0259 \u00fczl\u0259\u015f\u0259 bil\u0259rdi. 2003-c\u00fc ild\u0259 \u0259sas\u0131 1993-c\u00fc ild\u0259 qoyulmu\u015f siyas\u0259t\u0259 bir daha d\u0259st\u0259k verildi. 1993-2003-c\u00fc ill\u0259rin hadis\u0259l\u0259rin\u0259 n\u0259z\u0259r salsaq g\u00f6r\u0259rik ki, m\u0259hz bu ill\u0259r \u0259rzind\u0259 bug\u00fcnk\u00fc d\u00f6vl\u0259t\u00e7ilik prinsipl\u0259ri b\u0259rq\u0259rar olundu v\u0259 Az\u0259rbaycanda v\u0259t\u0259nda\u015f c\u0259miyy\u0259ti yarad\u0131ld\u0131, eyni zamanda, xalq-iqtidar birliyi art\u0131q \u00f6n\u0259mli bir amil\u0259 \u00e7evrildi.<\/p>\n<p>Son 20 ilin tarixin\u0259 g\u0259ldikd\u0259 is\u0259 h\u0259r \u015fey g\u00f6z qaba\u011f\u0131ndad\u0131r. \u00d6t\u0259n 20 il \u0259rzind\u0259 \u00f6lk\u0259mizin qar\u015f\u0131s\u0131nda dayanan b\u00fct\u00fcn h\u0259d\u0259fl\u0259r\u0259 nail olundu. Siyasi-iqtisadi bax\u0131mdan g\u00fccl\u0259n\u0259n Az\u0259rbaycan ordu potensial\u0131n\u0131 art\u0131raraq d\u00fcnyan\u0131n \u0259n g\u00fccl\u00fc ordular\u0131ndan birini yaratma\u011fa nail oldu. H\u0259d\u0259f \u0259razi b\u00fct\u00f6vl\u00fcy\u00fc t\u0259min olunmu\u015f g\u00fccl\u00fc Az\u0259rbaycan idi. Prezident \u0130lham \u018fliyev 20 illik hakimiyy\u0259tinin 17 ilini bu h\u0259d\u0259f\u0259 \u00e7atmaq \u00fc\u00e7\u00fcn g\u00f6r\u00fcl\u0259n i\u015fl\u0259r\u0259 h\u0259sr etdi. N\u0259hay\u0259t, 2020-ci ild\u0259 \u00f6lk\u0259miz M\u00fcz\u0259ff\u0259r Ali Ba\u015f Komandan \u0130lham \u018fliyevin Liderliyi il\u0259 tarixi Z\u0259f\u0259r qazand\u0131. \u00d6t\u0259n ilin sentyabr ay\u0131nda is\u0259 \u0259razi b\u00fct\u00f6vl\u00fcy\u00fcm\u00fcz v\u0259 suverenliyimiz b\u00fct\u00fcn \u00f6lk\u0259 \u0259razisind\u0259 tam b\u0259rpa edildi. C\u0259nab Prezidentin vur\u011fulad\u0131\u011f\u0131 kimi m\u00fcasir tariximizin yeni d\u00f6vr\u00fc m\u0259hz sentyabr\u0131n 20-d\u0259n sonra ba\u015flay\u0131r. Bu g\u00fcn biz 2024-c\u00fc il\u0259 suverenliyini tam b\u0259rpa etmi\u015f \u00f6lk\u0259 kimi, xalq kimi ba\u015flay\u0131r\u0131q.<\/p>\n<p>Milli M\u0259clisin deputat\u0131 qeyd edib ki, \u00f6lk\u0259mizin qar\u015f\u0131s\u0131nda dayanan b\u00fct\u00fcn v\u0259zif\u0259l\u0259r yerin\u0259 yetirildi v\u0259 art\u0131q yeni m\u0259rh\u0259l\u0259, yeni d\u00f6vr, yeni missiya ba\u015flay\u0131r. Bu bax\u0131mdan fevral\u0131n 7-d\u0259 ke\u00e7iril\u0259c\u0259k prezident se\u00e7kil\u0259ri m\u00fch\u00fcm \u0259h\u0259miyy\u0259t k\u0259sb edir. D\u00f6vl\u0259t ba\u015f\u00e7\u0131s\u0131 yerli televiziya kanallar\u0131na m\u00fcsahib\u0259sind\u0259 prezident se\u00e7kil\u0259rinin ke\u00e7irilm\u0259sini \u015f\u0259rtl\u0259ndir\u0259n \u0259sas amill\u0259ri diqq\u0259t\u0259 \u00e7atd\u0131rd\u0131. Birinci s\u0259b\u0259b kimi suverenliyimizin tam b\u0259rpas\u0131 vur\u011fuland\u0131. D\u00f6vl\u0259t ba\u015f\u00e7\u0131s\u0131 bildirdi ki, sentyabr ay\u0131nda biz el\u0259 bir d\u00f6vr\u0259 yekun vurmu\u015fuq ki, bu, epoxal bir hadis\u0259dir. Y\u0259ni, Az\u0259rbaycan\u0131n \u00e7ox\u0259srlik tarixind\u0259 buna ox\u015far Z\u0259f\u0259r olmam\u0131\u015fd\u0131r. \u0130kinci s\u0259b\u0259b m\u00fcst\u0259qil h\u0259yat\u0131m\u0131zda se\u00e7kil\u0259r \u0259razil\u0259rimizin h\u0259r bir yerind\u0259 ke\u00e7iril\u0259c\u0259k. Dig\u0259r m\u00fch\u00fcm m\u0259qam c\u0259nab \u0130lham \u018fliyevin Prezident kimi f\u0259aliyy\u0259tinin 20 ili tamamland\u0131. 20 ild\u0259n sonra yenid\u0259n prezident se\u00e7kil\u0259rinin ke\u00e7irilm\u0259si t\u0259bii ki, bu xronoloji d\u00f6vr\u00fc d\u0259 \u0259sasland\u0131rm\u0131\u015f olur. Bel\u0259likl\u0259, yeni d\u00f6vr ba\u015flay\u0131r v\u0259 d\u00f6vl\u0259t ba\u015f\u00e7\u0131m\u0131z\u0131n vur\u011fulad\u0131\u011f\u0131 kimi prezident se\u00e7kil\u0259ri bu yeni d\u00f6vr\u0259 xeyir-dua ver\u0259c\u0259k.<\/p>\n<p>Deputat qeyd edib ki, c\u0259nab Prezident m\u00fcsahib\u0259sind\u0259 Erm\u0259nistanla apar\u0131lan s\u00fclh dan\u0131\u015f\u0131qlar\u0131n\u0131n haz\u0131rk\u0131 v\u0259ziyy\u0259ti, Z\u0259ng\u0259zur d\u0259hlizi il\u0259 ba\u011fl\u0131 m\u0259qamlara da toxundu. \u00d6t\u0259n ilinin sentyabr ay\u0131nda ke\u00e7iril\u0259n lokal xarakterli antiterror t\u0259dbirl\u0259rind\u0259n sonra \u00f6lk\u0259miz \u0259razi b\u00fct\u00f6vl\u00fcy\u00fcn\u00fc v\u0259 suverenliyini tam b\u0259rpa etdi, separatizm d\u0259ft\u0259rini bird\u0259f\u0259lik ba\u011flad\u0131. Bu is\u0259 Erm\u0259nistanla s\u00fclh m\u00fcqavil\u0259sinin imzalanmas\u0131 \u00fc\u00e7\u00fcn \u015f\u0259rait yarad\u0131r. Az\u0259rbaycan yen\u0259 d\u0259 \u0259dal\u0259tli, haql\u0131 t\u0259r\u0259f kimi beyn\u0259lxalq h\u00fcququn prinsipl\u0259rin\u0259 uy\u011fun olaraq s\u00fclh m\u00fcqavil\u0259sini imzalama\u011fa haz\u0131rd\u0131r. Amma Erm\u0259nistan\u0131n qeyri-konstruktiv m\u00f6vqeyi, havadarlar\u0131n\u0131n d\u0259st\u0259yi il\u0259 ortaya qoydu\u011fu \u0259dal\u0259tsiz yana\u015fma m\u00fcqavil\u0259nin imzalanmas\u0131na imkan vermir. Eyni m\u00f6vqeni\u00a0 Z\u0259ng\u0259zur d\u0259hlizi il\u0259 ba\u011fl\u0131 m\u0259s\u0259l\u0259d\u0259 d\u0259 g\u00f6r\u00fcr\u00fck. Siyasi manipulyasiyalarla m\u0259\u015f\u011ful olan Erm\u0259nistan anlamal\u0131d\u0131r ki, bu, onun \u00dc\u00e7t\u0259r\u0259fli b\u0259yanata \u0259sas\u0259n \u00f6hd\u0259liyidir v\u0259 Z\u0259ngilanla Ordubad aras\u0131ndak\u0131 \u0259razid\u0259 biz\u0259 mane\u0259siz ke\u00e7id verm\u0259lidirl\u0259r. C\u0259nab Prezidentin m\u00fcsahib\u0259sind\u0259 qeyd etdiyi kimi, \u0259ks t\u0259qdird\u0259, Erm\u0259nistan \u0259b\u0259di dalan kimi qalacaq v\u0259 \u0259g\u0259r, dediyim mar\u015frut a\u00e7\u0131lmasa, biz Erm\u0259nistanla he\u00e7 bir ba\u015fqa yerd\u0259 s\u0259rh\u0259dimizi a\u00e7maq fikrind\u0259 deyilik. Y\u0259ni, bel\u0259likl\u0259, onlar bundan daha \u00e7ox ziyan g\u00f6r\u0259c\u0259kl\u0259r, n\u0259inki xeyir.<\/p>\n<p>Milli M\u0259clisin deputat\u0131 fikirl\u0259rini \u00fcmumil\u0259\u015fdir\u0259r\u0259k qeyd edib ki, \u00f6t\u0259n il 20 ild\u0259 qar\u015f\u0131ya qoyulan b\u00fct\u00fcn h\u0259d\u0259fl\u0259r\u0259 nail olan Az\u0259rbaycan bundan sonra daha da q\u00fcdr\u0259tl\u0259n\u0259r\u0259k yeni z\u0259f\u0259rl\u0259r\u0259 do\u011fru inamla add\u0131mlayacaq.<\/p>\n","protected":false},"excerpt":{"rendered":"<p>Prezident \u0130lham \u018fliyevin yanvar\u0131n 10-da \u00fc\u00e7 saata yax\u0131n davam ed\u0259n v\u0259 20-d\u0259k istiqam\u0259t \u00fczr\u0259 suallar\u0131 \u00f6z\u00fcnd\u0259 ehtiva ed\u0259n yerli televiziya kanallar\u0131na m\u00fcsahib\u0259si \u00f6lk\u0259mizin \u0259ld\u0259 etdiyi u\u011furlar, g\u0259l\u0259c\u0259k\u00a0 perspektiv inki\u015faf istiqam\u0259tl\u0259ri bax\u0131m\u0131ndan b\u00f6y\u00fck \u0259h\u0259miyy\u0259t k\u0259sb edir. D\u00f6vl\u0259t ba\u015f\u00e7\u0131s\u0131n\u0131n mediaya tam a\u00e7\u0131q olmas\u0131, Ona \u00fcnvanlanan ist\u0259nil\u0259n sual\u0131 geni\u015f \u015f\u0259kild\u0259 cavabland\u0131rmas\u0131 h\u0259m xalq\u0131m\u0131z,, h\u0259m d\u0259 beyn\u0259lxalq ictimaiyy\u0259tl\u0259 \u00e7ox nadir dialoq formas\u0131d\u0131r. Biz \u0130kinci Qaraba\u011f m\u00fcharib\u0259si d\u00f6vr\u00fcnd\u0259 d\u0259 bu forman\u0131n \u015fahidi olduq. D\u00f6vl\u0259t ba\u015f\u00e7\u0131m\u0131z\u0131n xalqa m\u00fcraci\u0259tl\u0259ri, birba\u015fa dialoqu, atd\u0131\u011f\u0131 tvitl\u0259r, n\u00fcfuzlu beyn\u0259lxalq media orqanlar\u0131na verdiyi m\u00fcsahib\u0259l\u0259r h\u0259m xalq\u0131n m\u0259lumatland\u0131r\u0131lmas\u0131, h\u0259m d\u0259 \u00f6lk\u0259 h\u0259qiq\u0259tl\u0259rinin d\u00fcnyaya&hellip;<\/p>\n","protected":false},"author":2,"featured_media":679327,"comment_status":"closed","ping_status":"closed","sticky":false,"template":"","format":"standard","meta":{"om_disable_all_campaigns":false,"_monsterinsights_skip_tracking":false,"_monsterinsights_sitenote_active":false,"_monsterinsights_sitenote_note":"","_monsterinsights_sitenote_category":0},"categories":[8],"tags":[],"aioseo_notices":[],"gutentor_comment":0,"rttpg_featured_image_url":{"full":["https:\/\/arantv.az\/wp-content\/uploads\/2024\/01\/f1748d6b170507042838843669710066672.jpg",975,540,false],"landscape":["https:\/\/arantv.az\/wp-content\/uploads\/2024\/01\/f1748d6b170507042838843669710066672.jpg",975,540,false],"portraits":["https:\/\/arantv.az\/wp-content\/uploads\/2024\/01\/f1748d6b170507042838843669710066672.jpg",975,540,false],"thumbnail":["https:\/\/arantv.az\/wp-content\/uploads\/2024\/01\/f1748d6b170507042838843669710066672-500x280.jpg",500,280,true],"medium":["https:\/\/arantv.az\/wp-content\/uploads\/2024\/01\/f1748d6b170507042838843669710066672-660x365.jpg",660,365,true],"large":["https:\/\/arantv.az\/wp-content\/uploads\/2024\/01\/f1748d6b170507042838843669710066672-840x465.jpg",640,354,true],"1536x1536":["https:\/\/arantv.az\/wp-content\/uploads\/2024\/01\/f1748d6b170507042838843669710066672.jpg",975,540,false],"2048x2048":["https:\/\/arantv.az\/wp-content\/uploads\/2024\/01\/f1748d6b170507042838843669710066672.jpg",975,540,false],"post-thumbnail":["https:\/\/arantv.az\/wp-content\/uploads\/2024\/01\/f1748d6b170507042838843669710066672-240x172.jpg",240,172,true],"advps-thumb-one":["https:\/\/arantv.az\/wp-content\/uploads\/2024\/01\/f1748d6b170507042838843669710066672.jpg",975,540,false]},"rttpg_author":{"display_name":"V\u00fcsal Rafiqo\u011flu","author_link":"https:\/\/arantv.az\/?author=2"},"rttpg_comment":0,"rttpg_category":"<a href=\"https:\/\/arantv.az\/?cat=8\" rel=\"category\">\u018fsas s\u0259hif\u0259<\/a>","rttpg_excerpt":"Prezident \u0130lham \u018fliyevin yanvar\u0131n 10-da \u00fc\u00e7 saata yax\u0131n davam ed\u0259n v\u0259 20-d\u0259k istiqam\u0259t \u00fczr\u0259 suallar\u0131 \u00f6z\u00fcnd\u0259 ehtiva ed\u0259n yerli televiziya kanallar\u0131na m\u00fcsahib\u0259si \u00f6lk\u0259mizin \u0259ld\u0259 etdiyi u\u011furlar, g\u0259l\u0259c\u0259k\u00a0 perspektiv inki\u015faf istiqam\u0259tl\u0259ri bax\u0131m\u0131ndan b\u00f6y\u00fck \u0259h\u0259miyy\u0259t k\u0259sb edir. D\u00f6vl\u0259t ba\u015f\u00e7\u0131s\u0131n\u0131n mediaya tam a\u00e7\u0131q olmas\u0131, Ona \u00fcnvanlanan ist\u0259nil\u0259n sual\u0131 geni\u015f \u015f\u0259kild\u0259 cavabland\u0131rmas\u0131 h\u0259m xalq\u0131m\u0131z,, h\u0259m d\u0259 beyn\u0259lxalq ictimaiyy\u0259tl\u0259 \u00e7ox&hellip;","_links":{"self":[{"href":"https:\/\/arantv.az\/index.php?rest_route=\/wp\/v2\/posts\/679326"}],"collection":[{"href":"https:\/\/arantv.az\/index.php?rest_route=\/wp\/v2\/posts"}],"about":[{"href":"https:\/\/arantv.az\/index.php?rest_route=\/wp\/v2\/types\/post"}],"author":[{"embeddable":true,"href":"https:\/\/arantv.az\/index.php?rest_route=\/wp\/v2\/users\/2"}],"replies":[{"embeddable":true,"href":"https:\/\/arantv.az\/index.php?rest_route=%2Fwp%2Fv2%2Fcomments&post=679326"}],"version-history":[{"count":0,"href":"https:\/\/arantv.az\/index.php?rest_route=\/wp\/v2\/posts\/679326\/revisions"}],"wp:featuredmedia":[{"embeddable":true,"href":"https:\/\/arantv.az\/index.php?rest_route=\/wp\/v2\/media\/679327"}],"wp:attachment":[{"href":"https:\/\/arantv.az\/index.php?rest_route=%2Fwp%2Fv2%2Fmedia&parent=679326"}],"wp:term":[{"taxonomy":"category","embeddable":true,"href":"https:\/\/arantv.az\/index.php?rest_route=%2Fwp%2Fv2%2Fcategories&post=679326"},{"taxonomy":"post_tag","embeddable":true,"href":"https:\/\/arantv.az\/index.php?rest_route=%2Fwp%2Fv2%2Ftags&post=679326"}],"curies":[{"name":"wp","href":"https:\/\/api.w.org\/{rel}","templated":true}]}}