{"id":679329,"date":"2024-01-12T19:40:24","date_gmt":"2024-01-12T15:40:24","guid":{"rendered":"https:\/\/arantv.az\/?p=679329"},"modified":"2024-01-12T19:40:24","modified_gmt":"2024-01-12T15:40:24","slug":"ai-s%c9%99viyy%c9%99sind%c9%99-m%c9%99krli-plan-fransa-erm%c9%99nistani-f%c9%99lak%c9%99t%c9%99-surukl%c9%99yir-s%c9%99rh-foto","status":"publish","type":"post","link":"https:\/\/arantv.az\/?p=679329","title":{"rendered":"A\u0130 s\u0259viyy\u0259sind\u0259 m\u0259krli plan: Fransa Erm\u0259nistan\u0131 f\u0259lak\u0259t\u0259 s\u00fcr\u00fckl\u0259yir &#8211; \u015e\u018fRH + FOTO"},"content":{"rendered":"<p>Prezident\u00a0<strong>\u0130lham \u018fliyev\u00a0<\/strong>yanvar\u0131n 10-da yerli televiziya kanallar\u0131na m\u00fcsahib\u0259sind\u0259 Erm\u0259nistanla Az\u0259rbaycan aras\u0131nda s\u00fclh prosesinin yaranmas\u0131na mane olan \u00f6lk\u0259l\u0259r aras\u0131nda Fransan\u0131n rolunu x\u00fcsusi qabard\u0131b. D\u00f6vl\u0259t ba\u015f\u00e7\u0131s\u0131 bu \u00f6lk\u0259ni \u0130r\u0259van\u0131 silahland\u0131rmaqla yana\u015f\u0131, revan\u015fizm\u0259 s\u00fcr\u00fckl\u0259m\u0259kd\u0259, n\u00f6vb\u0259ti m\u00fcharib\u0259y\u0259 haz\u0131rlamaqda ittiham edib.<\/p>\n<p>C\u0259nubi Qafqazda s\u00fclh prosesin\u0259 \u0259ng\u0259l t\u00f6r\u0259tm\u0259k i\u015find\u0259 Fransa t\u0259k deyil, s\u00fclh prosesin\u0259 mane olan q\u00fcvv\u0259l\u0259r aras\u0131nda Avropa \u0130ttifaq\u0131 (A\u0130) da x\u00fcsusi f\u0259all\u0131\u011f\u0131 il\u0259 se\u00e7ilir. 44 g\u00fcnl\u00fck Qaraba\u011f m\u00fcharib\u0259sind\u0259n sonra vasit\u0259\u00e7ilik Az\u0259rbaycan\u0131n Qaraba\u011fda \u00f6z suverenliyini b\u0259rpa etm\u0259si il\u0259 d\u0259yi\u015fdi. T\u0259\u015fkilat birt\u0259r\u0259fli qaydada, \u0259sas\u0259n, Erm\u0259nistan\u0131 m\u00fcdafi\u0259 edir, h\u0259tta onu silahland\u0131rma\u011fa da c\u0259hd g\u00f6st\u0259rir. Bu \u00f6lk\u0259d\u0259ki m\u00fclki missiyas\u0131n\u0131n say\u0131n\u0131 da art\u0131r\u0131b. Bel\u0259 ki, missiyan\u0131n t\u0259rkibinin 138 n\u0259f\u0259rd\u0259n 209-a \u00e7atd\u0131r\u0131lmas\u0131 bar\u0259d\u0259 q\u0259rar q\u0259bul edilib. G\u00f6r\u00fcn\u0259n odur ki, regionda ged\u0259n s\u00fclh prosesl\u0259ri Q\u0259rbin m\u00fcxt\u0259lif strukturlar\u0131n\u0131, o c\u00fcml\u0259d\u0259n Br\u00fcsseld\u0259 oturan siyas\u0259t\u00e7il\u0259ri qane etmir. Bu s\u0259b\u0259bd\u0259n d\u0259 h\u0259r v\u0259chl\u0259 b\u00f6lg\u0259d\u0259 t\u0259xribat\u00e7\u0131, g\u0259rginliy\u0259 y\u00f6n\u0259lik add\u0131m v\u0259 t\u0259dbirl\u0259r\u0259 imza at\u0131rlar.<\/p>\n<p>Erm\u0259nistandak\u0131 A\u0130 missiyas\u0131n\u0131n say\u0131n\u0131n art\u0131r\u0131lmas\u0131n\u0131n bu \u00f6lk\u0259nin t\u0259hl\u00fck\u0259sizliyinin m\u00f6hk\u0259ml\u0259ndirilm\u0259sin\u0259 y\u00f6n\u0259ldiyi iddia edilir. Ortaya bel\u0259 bir sual \u00e7\u0131x\u0131r &#8211; \u0130r\u0259van\u0131n t\u0259hl\u00fck\u0259sizliyin\u0259 kim t\u0259hdid yarad\u0131r? G\u00f6r\u00fcn\u00fcr, bu add\u0131m\u0131n arxas\u0131nda Avropa \u0130ttifaq\u0131n\u0131n \u00e7ox gizli v\u0259 m\u0259krli plan\u0131 gizl\u0259nir. Bu plan da Rusiya v\u0259 \u0130ranla ba\u011fl\u0131d\u0131r. H\u0259r iki \u00f6lk\u0259nin m\u00f6vqeyinin z\u0259ifl\u0259d\u0259r\u0259k b\u00f6lg\u0259d\u0259n s\u0131x\u0131\u015fd\u0131r\u0131l\u0131b-\u00e7\u0131xar\u0131lmas\u0131 h\u0259d\u0259f g\u00f6t\u00fcr\u00fcl\u00fcb.<\/p>\n<p><img src=\"https:\/\/cdn.oxu.az\/uploads\/W1siZiIsIjIwMjQvMDEvMTIvMTcvMjAvNTgvNGZlNjljMWYtNDI1Ni00Nzg0LWExMTEtMTAxMjkwNjNjYzRjLzEwMzgyZTJlLWM0MDctMzJkZi1hOWRkLWZhMTU5ZjYwNDUxMi5qcGciXSxbInAiLCJlbmNvZGUiLCJqcGciLCItcXVhbGl0eSA4MCJdLFsicCIsInRodW1iIiwiNTkweDU5MFx1MDAzZSJdXQ?sha=85f7e57429072886\" alt=\"\" \/><\/p>\n<p>Erm\u0259nistan\u0131n son vaxtlar Avropa il\u0259 \u0259laq\u0259l\u0259rini g\u00fccl\u0259ndirm\u0259si d\u0259 bundan x\u0259b\u0259r verir. Bu g\u00fcnl\u0259rd\u0259 A\u0130-nin Avropa Xarici \u018flaq\u0259l\u0259r Xidm\u0259tinin (EEAS) r\u0259hb\u0259ri Rorb Dommi il\u0259 g\u00f6r\u00fc\u015f\u0259n m\u00fcdafi\u0259 naziri Suren Papikyan onunla t\u0259hl\u00fck\u0259sizlik sah\u0259sind\u0259 \u0259m\u0259kda\u015fl\u0131q m\u0259s\u0259l\u0259l\u0259rini m\u00fczakir\u0259 edib. Dan\u0131\u015f\u0131qlar Domminin \u0130r\u0259vana s\u0259f\u0259ri \u00e7\u0259r\u00e7iv\u0259sind\u0259 ba\u015f tutub. M\u00fcdafi\u0259 naziri il\u0259 yana\u015f\u0131, X\u0130N r\u0259hb\u0259ri Ararat Mirzoyan v\u0259 T\u0259hl\u00fck\u0259sizlik \u015euras\u0131n\u0131n katibi Armen Qriqoryanla dan\u0131\u015f\u0131qlar\u0131nda Avropa S\u00fclh Fondu (European Peace Facility) vasit\u0259sil\u0259 Erm\u0259nistana d\u0259st\u0259k m\u00fczakir\u0259 olunub. Sual olunur, A\u0130 Erm\u0259nistan\u0131 kimd\u0259n v\u0259 n\u0259d\u0259n qoruyur? \u015e\u00fcbh\u0259siz ki, m\u0259qs\u0259d Erm\u0259nistandan yen\u0259 al\u0259t kimi istifad\u0259 etm\u0259y\u0259 y\u00f6n\u0259lib.<\/p>\n<p>Qeyd ed\u0259k ki, b\u0259dnam Avropa S\u00fclh Fondu \u201cs\u00fclh\u201d ad\u0131 alt\u0131nda Erm\u0259nistana silah verm\u0259kl\u0259 tan\u0131n\u0131r. A\u0130 \u0130r\u0259vana 10,45 milyon avro humanitar yard\u0131mla yana\u015f\u0131, b\u00fcdc\u0259 d\u0259st\u0259yi kimi 15 milyon avro ay\u0131r\u0131b. Uzunm\u00fcdd\u0259tli perspektiv\u0259 g\u0259linc\u0259, A\u0130 m\u00fch\u00fcm infrastruktura v\u0259 dig\u0259r layih\u0259l\u0259r\u0259 s\u0259rmay\u0259 qoyulu\u015fu \u00fc\u00e7\u00fcn 2,6 milyard avronun ayr\u0131lmas\u0131n\u0131 n\u0259z\u0259rd\u0259 tutan \u0130qtisadi v\u0259 \u0130nvestisiya Plan\u0131n\u0131 t\u0259krarlay\u0131b. G\u00f6r\u00fcnd\u00fcy\u00fc kimi, Q\u0259rb Erm\u0259nistan \u00fcz\u0259rind\u0259n \u00f6z\u00fcn\u00fcn \u00e7irkin niyy\u0259tini daha a\u00e7\u0131q \u015f\u0259kild\u0259 ortaya qoymaqdad\u0131r. Avropa S\u00fclh Fonduna g\u0259linc\u0259, bu, b\u00fcdc\u0259d\u0259nk\u0259nar al\u0259t olub, \u00f6z\u00fcn\u00fc daha \u00e7ox qlobal t\u0259hl\u00fck\u0259sizliyin qarant\u0131 kimi g\u00f6st\u0259rm\u0259y\u0259 \u00e7al\u0131\u015f\u0131r. T\u0259\u015fkilat 2021-ci ild\u0259 avropal\u0131 m\u0259murlar t\u0259r\u0259find\u0259n yarad\u0131l\u0131b v\u0259 2021-27-ci ill\u0259r \u00fc\u00e7\u00fcn b\u00fcdc\u0259si 12 milyard avro m\u00fc\u0259yy\u0259n olunub.<\/p>\n<p><img src=\"https:\/\/cdn.oxu.az\/uploads\/W1siZiIsIjIwMjQvMDEvMTIvMTcvMjAvNTcvYzZlZDBiZGUtNzQ3Ni00Yjg2LWE5MjktYmY2NWJhZjJmZDhjLzJmODk1ZjFjLTkwNmYtMzAzNC1iYzNiLTIzYzE3N2E5NWJlZC5qcGVnIl0sWyJwIiwiZW5jb2RlIiwianBnIiwiLXF1YWxpdHkgODAiXSxbInAiLCJ0aHVtYiIsIjU5MHg1OTBcdTAwM2UiXV0?sha=8d9c6377d48fa27e\" alt=\"\" \/><\/p>\n<p>T\u0259bii ki, Erm\u0259nistana bu d\u0259st\u0259k d\u0259 \u0259v\u0259zsiz deyil. A\u0130 v\u0259 Q\u0259rbl\u0259 s\u0131x \u0259m\u0259kda\u015fl\u0131\u011f\u0131n artmas\u0131n\u0131n n\u0259tic\u0259si kimi \u0130r\u0259van Beyn\u0259lxalq Cinay\u0259t M\u0259hk\u0259m\u0259sinin Roma Statutuna, Ukrayna il\u0259 ba\u011fl\u0131 humanitar konfranslara qo\u015fulub, AB\u015e il\u0259 h\u0259rbi t\u0259liml\u0259r ke\u00e7irib. Ba\u015f nazir Nikol Pa\u015finyan Br\u00fcssel\u0259 ist\u0259nil\u0259n formada inteqrasiyaya haz\u0131r oldu\u011funu bildirib v\u0259 Rusiyan\u0131n moderator oldu\u011fu Kollektiv T\u0259hl\u00fck\u0259sizlik M\u00fcqavil\u0259si T\u0259\u015fkilat\u0131 (KTMT) il\u0259 b\u00fct\u00fcn t\u0259dbirl\u0259rin l\u0259\u011fvi d\u0259 bunun g\u00f6st\u0259ricisidir. Moskvan\u0131n m\u00f6vqeyin\u0259 g\u0259ldikd\u0259, \u0259g\u0259r \u0259vv\u0259l bu add\u0131mlar g\u00f6zl\u0259nilm\u0259z v\u0259 s\u0259rt q\u0259rar kimi qar\u015f\u0131lan\u0131rd\u0131sa, indi \u0130r\u0259van\u0131n Q\u0259rb\u0259 yax\u0131nla\u015fmas\u0131 trend\u0259 \u00e7evrilib. Bu yax\u0131nlarda Rusiya xarici i\u015fl\u0259r naziri Sergey Lavrov d\u0259 a\u00e7\u0131q \u015f\u0259kild\u0259 bildirib ki, Erm\u0259nistan Q\u0259rbin \u015firin v\u0259dl\u0259rin\u0259 uyaraq Rusiyadan uzaqla\u015fma\u011fa \u00e7al\u0131\u015f\u0131r. Nazir onu da \u0259lav\u0259 edib ki, Pa\u015finyan h\u00f6kum\u0259ti Q\u0259rb\u0259 \u00fcz tutmas\u0131na haqq qazand\u0131rmaq \u00fc\u00e7\u00fcn Az\u0259rbaycandak\u0131 separat\u00e7\u0131 layih\u0259nin iflas\u0131n\u0131 Rusiyan\u0131n \u00fcz\u0259rin\u0259 y\u0131x\u0131r.<\/p>\n<p><img src=\"https:\/\/cdn.oxu.az\/uploads\/W1siZiIsIjIwMjQvMDEvMTIvMTcvMjAvNTcvZmM2OTQ0ZGYtZTMwNS00ZjhhLWFjMTMtOGQ2ZTllMWVkYTQyLzBjZGJiYjVhLWIwNDAtMzE0NS04ODcyLWVmNGEwNzA2YzkyNy5qcGciXSxbInAiLCJlbmNvZGUiLCJqcGciLCItcXVhbGl0eSA4MCJdLFsicCIsInRodW1iIiwiNTkweDU5MFx1MDAzZSJdXQ?sha=59e106c4b10974cc\" alt=\"\" \/><\/p>\n<p>Maraql\u0131d\u0131r ki, A\u0130-nin daha bir n\u00fcfuzlu \u00fczv\u00fc Almaniya da Erm\u0259nistanda aktivl\u0259\u015fib. Rusiya medias\u0131 yaz\u0131r ki, r\u0259smi Berlin \u201cQaraba\u011f erm\u0259nil\u0259rini Avropa \u0130ttifaq\u0131 \u00f6lk\u0259l\u0259rin\u0259 k\u00fctl\u0259vi m\u00fchacir\u0259td\u0259n saxlamaq\u201d \u00fc\u00e7\u00fcn maliyy\u0259 yard\u0131m\u0131 v\u0259 d\u0259st\u0259k m\u00fcqabilind\u0259 Erm\u0259nistan\u0131 Rusiya s\u0259rh\u0259d\u00e7il\u0259rini geri \u00e7\u0259km\u0259y\u0259 s\u00f6vq edir. \u0130r\u0259vanda s\u0259f\u0259rd\u0259 olan Almaniyan\u0131n \u0130qtisadi \u0130nki\u015faf Nazirliyinin d\u00f6vl\u0259t katibi Nils Annen \u0130r\u0259vana 85 milyon avro yard\u0131m g\u00f6st\u0259r\u0259c\u0259yini deyib. M\u0259lumata g\u00f6r\u0259, Almaniya Erm\u0259nistan\u0131 anti-Rusiya ritorikas\u0131na \u00e7\u0259km\u0259y\u0259, \u0130r\u0259vanla Moskvan\u0131n aras\u0131n\u0131 maksimum d\u0259r\u0259c\u0259d\u0259 vurma\u011fa \u00e7al\u0131\u015f\u0131r.<\/p>\n<p>Bel\u0259likl\u0259, AB\u015e, Q\u0259rb v\u0259 onun n\u0259zar\u0259ti alt\u0131nda olan strukturlar Rusiyan\u0131 C\u0259nubi Qafqazdan s\u0131x\u0131\u015fd\u0131r\u0131b \u00e7\u0131xarma\u011fa \u00e7al\u0131\u015f\u0131rlar. Erm\u0259nistana \u00e7oxsayl\u0131 s\u0259f\u0259rl\u0259r v\u0259 g\u00f6r\u00fc\u015fl\u0259rin say\u0131n\u0131n artmas\u0131 da bundan x\u0259b\u0259r verir. M\u0259krli plan\u0131n h\u0259d\u0259fi b\u0259llidir &#8211; b\u00f6lg\u0259d\u0259 sabitliy\u0259, \u0259min-amanl\u0131\u011fa qar\u015f\u0131 \u00e7\u0131xmaq, Ukrayna v\u0259 Suriyada ya\u015fananlar\u0131n burada t\u0259krarlanmas\u0131. Erm\u0259nistan da h\u0259l\u0259 ki bu m\u0259krli oyunun i\u015ftirak\u00e7\u0131s\u0131na \u00e7evrilm\u0259kd\u0259 v\u0259 beyn\u0259lxalq g\u00fccl\u0259rin \u0259lind\u0259 vasit\u0259 olmaqdad\u0131r.<\/p>\n<p><strong>\u201cReport\u201d \u0130nformasiya Agentliyi<\/strong><\/p>\n","protected":false},"excerpt":{"rendered":"<p>Prezident\u00a0\u0130lham \u018fliyev\u00a0yanvar\u0131n 10-da yerli televiziya kanallar\u0131na m\u00fcsahib\u0259sind\u0259 Erm\u0259nistanla Az\u0259rbaycan aras\u0131nda s\u00fclh prosesinin yaranmas\u0131na mane olan \u00f6lk\u0259l\u0259r aras\u0131nda Fransan\u0131n rolunu x\u00fcsusi qabard\u0131b. D\u00f6vl\u0259t ba\u015f\u00e7\u0131s\u0131 bu \u00f6lk\u0259ni \u0130r\u0259van\u0131 silahland\u0131rmaqla yana\u015f\u0131, revan\u015fizm\u0259 s\u00fcr\u00fckl\u0259m\u0259kd\u0259, n\u00f6vb\u0259ti m\u00fcharib\u0259y\u0259 haz\u0131rlamaqda ittiham edib. C\u0259nubi Qafqazda s\u00fclh prosesin\u0259 \u0259ng\u0259l t\u00f6r\u0259tm\u0259k i\u015find\u0259 Fransa t\u0259k deyil, s\u00fclh prosesin\u0259 mane olan q\u00fcvv\u0259l\u0259r aras\u0131nda Avropa \u0130ttifaq\u0131 (A\u0130) da x\u00fcsusi f\u0259all\u0131\u011f\u0131 il\u0259 se\u00e7ilir. 44 g\u00fcnl\u00fck Qaraba\u011f m\u00fcharib\u0259sind\u0259n sonra vasit\u0259\u00e7ilik Az\u0259rbaycan\u0131n Qaraba\u011fda \u00f6z suverenliyini b\u0259rpa etm\u0259si il\u0259 d\u0259yi\u015fdi. T\u0259\u015fkilat birt\u0259r\u0259fli qaydada, \u0259sas\u0259n, Erm\u0259nistan\u0131 m\u00fcdafi\u0259 edir, h\u0259tta onu silahland\u0131rma\u011fa da c\u0259hd g\u00f6st\u0259rir. Bu \u00f6lk\u0259d\u0259ki m\u00fclki missiyas\u0131n\u0131n&hellip;<\/p>\n","protected":false},"author":2,"featured_media":679330,"comment_status":"closed","ping_status":"closed","sticky":false,"template":"","format":"standard","meta":{"om_disable_all_campaigns":false,"_monsterinsights_skip_tracking":false,"_monsterinsights_sitenote_active":false,"_monsterinsights_sitenote_note":"","_monsterinsights_sitenote_category":0},"categories":[4],"tags":[],"aioseo_notices":[],"gutentor_comment":0,"rttpg_featured_image_url":{"full":["https:\/\/arantv.az\/wp-content\/uploads\/2024\/01\/33b7404d-6a73-351d-8ad3-19ba2dc83b8e_850.jpg",620,413,false],"landscape":["https:\/\/arantv.az\/wp-content\/uploads\/2024\/01\/33b7404d-6a73-351d-8ad3-19ba2dc83b8e_850.jpg",620,413,false],"portraits":["https:\/\/arantv.az\/wp-content\/uploads\/2024\/01\/33b7404d-6a73-351d-8ad3-19ba2dc83b8e_850.jpg",620,413,false],"thumbnail":["https:\/\/arantv.az\/wp-content\/uploads\/2024\/01\/33b7404d-6a73-351d-8ad3-19ba2dc83b8e_850-500x280.jpg",500,280,true],"medium":["https:\/\/arantv.az\/wp-content\/uploads\/2024\/01\/33b7404d-6a73-351d-8ad3-19ba2dc83b8e_850-548x365.jpg",548,365,true],"large":["https:\/\/arantv.az\/wp-content\/uploads\/2024\/01\/33b7404d-6a73-351d-8ad3-19ba2dc83b8e_850.jpg",620,413,false],"1536x1536":["https:\/\/arantv.az\/wp-content\/uploads\/2024\/01\/33b7404d-6a73-351d-8ad3-19ba2dc83b8e_850.jpg",620,413,false],"2048x2048":["https:\/\/arantv.az\/wp-content\/uploads\/2024\/01\/33b7404d-6a73-351d-8ad3-19ba2dc83b8e_850.jpg",620,413,false],"post-thumbnail":["https:\/\/arantv.az\/wp-content\/uploads\/2024\/01\/33b7404d-6a73-351d-8ad3-19ba2dc83b8e_850-240x172.jpg",240,172,true],"advps-thumb-one":["https:\/\/arantv.az\/wp-content\/uploads\/2024\/01\/33b7404d-6a73-351d-8ad3-19ba2dc83b8e_850.jpg",620,413,false]},"rttpg_author":{"display_name":"V\u00fcsal Rafiqo\u011flu","author_link":"https:\/\/arantv.az\/?author=2"},"rttpg_comment":0,"rttpg_category":"<a href=\"https:\/\/arantv.az\/?cat=4\" rel=\"category\">Siyas\u0259t<\/a>","rttpg_excerpt":"Prezident\u00a0\u0130lham \u018fliyev\u00a0yanvar\u0131n 10-da yerli televiziya kanallar\u0131na m\u00fcsahib\u0259sind\u0259 Erm\u0259nistanla Az\u0259rbaycan aras\u0131nda s\u00fclh prosesinin yaranmas\u0131na mane olan \u00f6lk\u0259l\u0259r aras\u0131nda Fransan\u0131n rolunu x\u00fcsusi qabard\u0131b. D\u00f6vl\u0259t ba\u015f\u00e7\u0131s\u0131 bu \u00f6lk\u0259ni \u0130r\u0259van\u0131 silahland\u0131rmaqla yana\u015f\u0131, revan\u015fizm\u0259 s\u00fcr\u00fckl\u0259m\u0259kd\u0259, n\u00f6vb\u0259ti m\u00fcharib\u0259y\u0259 haz\u0131rlamaqda ittiham edib. C\u0259nubi Qafqazda s\u00fclh prosesin\u0259 \u0259ng\u0259l t\u00f6r\u0259tm\u0259k i\u015find\u0259 Fransa t\u0259k deyil, s\u00fclh prosesin\u0259 mane olan q\u00fcvv\u0259l\u0259r aras\u0131nda Avropa \u0130ttifaq\u0131 (A\u0130) da&hellip;","_links":{"self":[{"href":"https:\/\/arantv.az\/index.php?rest_route=\/wp\/v2\/posts\/679329"}],"collection":[{"href":"https:\/\/arantv.az\/index.php?rest_route=\/wp\/v2\/posts"}],"about":[{"href":"https:\/\/arantv.az\/index.php?rest_route=\/wp\/v2\/types\/post"}],"author":[{"embeddable":true,"href":"https:\/\/arantv.az\/index.php?rest_route=\/wp\/v2\/users\/2"}],"replies":[{"embeddable":true,"href":"https:\/\/arantv.az\/index.php?rest_route=%2Fwp%2Fv2%2Fcomments&post=679329"}],"version-history":[{"count":0,"href":"https:\/\/arantv.az\/index.php?rest_route=\/wp\/v2\/posts\/679329\/revisions"}],"wp:featuredmedia":[{"embeddable":true,"href":"https:\/\/arantv.az\/index.php?rest_route=\/wp\/v2\/media\/679330"}],"wp:attachment":[{"href":"https:\/\/arantv.az\/index.php?rest_route=%2Fwp%2Fv2%2Fmedia&parent=679329"}],"wp:term":[{"taxonomy":"category","embeddable":true,"href":"https:\/\/arantv.az\/index.php?rest_route=%2Fwp%2Fv2%2Fcategories&post=679329"},{"taxonomy":"post_tag","embeddable":true,"href":"https:\/\/arantv.az\/index.php?rest_route=%2Fwp%2Fv2%2Ftags&post=679329"}],"curies":[{"name":"wp","href":"https:\/\/api.w.org\/{rel}","templated":true}]}}