{"id":679337,"date":"2024-01-12T20:27:42","date_gmt":"2024-01-12T16:27:42","guid":{"rendered":"https:\/\/arantv.az\/?p=679337"},"modified":"2024-01-12T20:27:42","modified_gmt":"2024-01-12T16:27:42","slug":"c%c9%99mil%c9%99-%c9%99l%c9%99kb%c9%99rova-ucuncu-olk%c9%99l%c9%99r-az%c9%99rbaycanla-erm%c9%99nistan-arasinda-dialoqa-qarismamalidirlar-video","status":"publish","type":"post","link":"https:\/\/arantv.az\/?p=679337","title":{"rendered":"C\u0259mil\u0259 \u018fl\u0259kb\u0259rova: \u201c\u00dc\u00e7\u00fcnc\u00fc \u00f6lk\u0259l\u0259r Az\u0259rbaycanla Erm\u0259nistan aras\u0131nda dialoqa qar\u0131\u015fmamal\u0131d\u0131rlar\u201d &#8211; V\u0130DEO"},"content":{"rendered":"<p>B\u00fct\u00fcn bu ill\u0259r \u0259rzind\u0259 Erm\u0259nistan kimins\u0259 arxas\u0131nda gizl\u0259nm\u0259y\u0259 \u00e7al\u0131\u015f\u0131b. Amma Az\u0259rbaycan bilavasit\u0259 f\u0259aliyy\u0259t g\u00f6st\u0259rir v\u0259 beyn\u0259lxalq qarantlar olmadan s\u00fclh m\u00fcqavil\u0259si imzalamaq niyy\u0259tind\u0259dir.<\/p>\n<p>Bu bar\u0259d\u0259 Media.Az informasiya portal\u0131n\u0131n ba\u015f redaktoru C\u0259mil\u0259 \u018fl\u0259kb\u0259rova CBC telekanal\u0131n\u0131n efirind\u0259 bildirib.<\/p>\n<p>Onun s\u00f6zl\u0259rin\u0259 g\u00f6r\u0259, Az\u0259rbaycanla Erm\u0259nistan aras\u0131nda m\u00fcnasib\u0259tl\u0259rin normalla\u015fmas\u0131 \u00fc\u00e7\u00fcn dig\u0259r \u00f6lk\u0259l\u0259rin g\u00f6st\u0259r\u0259 bil\u0259c\u0259yi \u0259sas yard\u0131m ikit\u0259r\u0259fli dialoqa qar\u0131\u015fmamaqd\u0131r.<\/p>\n<p>\u201cErm\u0259nistan s\u00fclh m\u00fcqavil\u0259sinin imzalanmas\u0131n\u0131n m\u0259qs\u0259d\u0259uy\u011funlu\u011funu d\u0259rk etm\u0259lidir. Ax\u0131 kommunikasiyalar\u0131n a\u00e7\u0131lmas\u0131 Erm\u0259nistan t\u0259r\u0259fi \u00fc\u00e7\u00fcn iqtisadi c\u0259h\u0259td\u0259n s\u0259rf\u0259lidir. \u0130ndiki m\u0259rh\u0259l\u0259d\u0259 s\u00fclh m\u00fcqavil\u0259sinin imzalanmas\u0131 vacibdir v\u0259 yaln\u0131z bundan sonra s\u0259rh\u0259din delimitasiyas\u0131 v\u0259 demarkasiyas\u0131 il\u0259 ba\u011fl\u0131 s\u0259n\u0259d bar\u0259d\u0259 d\u00fc\u015f\u00fcnm\u0259k laz\u0131md\u0131r\u201d, &#8211; dey\u0259 C.\u018fl\u0259kb\u0259rova bildirib.<\/p>\n<p>Daha \u0259trafl\u0131 videoda:<\/p>\n<div><iframe loading=\"lazy\" title=\"YouTube video player\" src=\"https:\/\/www.youtube.com\/embed\/j4sn7yY0wJg?si=aMcbTkGoCSqA6YCM\" width=\"560\" height=\"315\" frameborder=\"0\" allowfullscreen=\"allowfullscreen\" data-mce-fragment=\"1\"><\/iframe><\/div>\n<p>&nbsp;<\/p>\n","protected":false},"excerpt":{"rendered":"<p>B\u00fct\u00fcn bu ill\u0259r \u0259rzind\u0259 Erm\u0259nistan kimins\u0259 arxas\u0131nda gizl\u0259nm\u0259y\u0259 \u00e7al\u0131\u015f\u0131b. Amma Az\u0259rbaycan bilavasit\u0259 f\u0259aliyy\u0259t g\u00f6st\u0259rir v\u0259 beyn\u0259lxalq qarantlar olmadan s\u00fclh m\u00fcqavil\u0259si imzalamaq niyy\u0259tind\u0259dir. Bu bar\u0259d\u0259 Media.Az informasiya portal\u0131n\u0131n ba\u015f redaktoru C\u0259mil\u0259 \u018fl\u0259kb\u0259rova CBC telekanal\u0131n\u0131n efirind\u0259 bildirib. Onun s\u00f6zl\u0259rin\u0259 g\u00f6r\u0259, Az\u0259rbaycanla Erm\u0259nistan aras\u0131nda m\u00fcnasib\u0259tl\u0259rin normalla\u015fmas\u0131 \u00fc\u00e7\u00fcn dig\u0259r \u00f6lk\u0259l\u0259rin g\u00f6st\u0259r\u0259 bil\u0259c\u0259yi \u0259sas yard\u0131m ikit\u0259r\u0259fli dialoqa qar\u0131\u015fmamaqd\u0131r. \u201cErm\u0259nistan s\u00fclh m\u00fcqavil\u0259sinin imzalanmas\u0131n\u0131n m\u0259qs\u0259d\u0259uy\u011funlu\u011funu d\u0259rk etm\u0259lidir. Ax\u0131 kommunikasiyalar\u0131n a\u00e7\u0131lmas\u0131 Erm\u0259nistan t\u0259r\u0259fi \u00fc\u00e7\u00fcn iqtisadi c\u0259h\u0259td\u0259n s\u0259rf\u0259lidir. \u0130ndiki m\u0259rh\u0259l\u0259d\u0259 s\u00fclh m\u00fcqavil\u0259sinin imzalanmas\u0131 vacibdir v\u0259 yaln\u0131z bundan sonra s\u0259rh\u0259din delimitasiyas\u0131 v\u0259 demarkasiyas\u0131 il\u0259 ba\u011fl\u0131 s\u0259n\u0259d bar\u0259d\u0259 d\u00fc\u015f\u00fcnm\u0259k laz\u0131md\u0131r\u201d, &#8211;&hellip;<\/p>\n","protected":false},"author":2,"featured_media":679338,"comment_status":"closed","ping_status":"closed","sticky":false,"template":"","format":"standard","meta":{"om_disable_all_campaigns":false,"_monsterinsights_skip_tracking":false,"_monsterinsights_sitenote_active":false,"_monsterinsights_sitenote_note":"","_monsterinsights_sitenote_category":0},"categories":[4],"tags":[],"aioseo_notices":[],"gutentor_comment":0,"rttpg_featured_image_url":{"full":["https:\/\/arantv.az\/wp-content\/uploads\/2024\/01\/414987968_783430826931251_7272056957129740353_n.jpg",620,413,false],"landscape":["https:\/\/arantv.az\/wp-content\/uploads\/2024\/01\/414987968_783430826931251_7272056957129740353_n.jpg",620,413,false],"portraits":["https:\/\/arantv.az\/wp-content\/uploads\/2024\/01\/414987968_783430826931251_7272056957129740353_n.jpg",620,413,false],"thumbnail":["https:\/\/arantv.az\/wp-content\/uploads\/2024\/01\/414987968_783430826931251_7272056957129740353_n-500x280.jpg",500,280,true],"medium":["https:\/\/arantv.az\/wp-content\/uploads\/2024\/01\/414987968_783430826931251_7272056957129740353_n-548x365.jpg",548,365,true],"large":["https:\/\/arantv.az\/wp-content\/uploads\/2024\/01\/414987968_783430826931251_7272056957129740353_n.jpg",620,413,false],"1536x1536":["https:\/\/arantv.az\/wp-content\/uploads\/2024\/01\/414987968_783430826931251_7272056957129740353_n.jpg",620,413,false],"2048x2048":["https:\/\/arantv.az\/wp-content\/uploads\/2024\/01\/414987968_783430826931251_7272056957129740353_n.jpg",620,413,false],"post-thumbnail":["https:\/\/arantv.az\/wp-content\/uploads\/2024\/01\/414987968_783430826931251_7272056957129740353_n-240x172.jpg",240,172,true],"advps-thumb-one":["https:\/\/arantv.az\/wp-content\/uploads\/2024\/01\/414987968_783430826931251_7272056957129740353_n.jpg",620,413,false]},"rttpg_author":{"display_name":"V\u00fcsal Rafiqo\u011flu","author_link":"https:\/\/arantv.az\/?author=2"},"rttpg_comment":0,"rttpg_category":"<a href=\"https:\/\/arantv.az\/?cat=4\" rel=\"category\">Siyas\u0259t<\/a>","rttpg_excerpt":"B\u00fct\u00fcn bu ill\u0259r \u0259rzind\u0259 Erm\u0259nistan kimins\u0259 arxas\u0131nda gizl\u0259nm\u0259y\u0259 \u00e7al\u0131\u015f\u0131b. Amma Az\u0259rbaycan bilavasit\u0259 f\u0259aliyy\u0259t g\u00f6st\u0259rir v\u0259 beyn\u0259lxalq qarantlar olmadan s\u00fclh m\u00fcqavil\u0259si imzalamaq niyy\u0259tind\u0259dir. Bu bar\u0259d\u0259 Media.Az informasiya portal\u0131n\u0131n ba\u015f redaktoru C\u0259mil\u0259 \u018fl\u0259kb\u0259rova CBC telekanal\u0131n\u0131n efirind\u0259 bildirib. Onun s\u00f6zl\u0259rin\u0259 g\u00f6r\u0259, Az\u0259rbaycanla Erm\u0259nistan aras\u0131nda m\u00fcnasib\u0259tl\u0259rin normalla\u015fmas\u0131 \u00fc\u00e7\u00fcn dig\u0259r \u00f6lk\u0259l\u0259rin g\u00f6st\u0259r\u0259 bil\u0259c\u0259yi \u0259sas yard\u0131m ikit\u0259r\u0259fli dialoqa qar\u0131\u015fmamaqd\u0131r. \u201cErm\u0259nistan s\u00fclh&hellip;","_links":{"self":[{"href":"https:\/\/arantv.az\/index.php?rest_route=\/wp\/v2\/posts\/679337"}],"collection":[{"href":"https:\/\/arantv.az\/index.php?rest_route=\/wp\/v2\/posts"}],"about":[{"href":"https:\/\/arantv.az\/index.php?rest_route=\/wp\/v2\/types\/post"}],"author":[{"embeddable":true,"href":"https:\/\/arantv.az\/index.php?rest_route=\/wp\/v2\/users\/2"}],"replies":[{"embeddable":true,"href":"https:\/\/arantv.az\/index.php?rest_route=%2Fwp%2Fv2%2Fcomments&post=679337"}],"version-history":[{"count":0,"href":"https:\/\/arantv.az\/index.php?rest_route=\/wp\/v2\/posts\/679337\/revisions"}],"wp:featuredmedia":[{"embeddable":true,"href":"https:\/\/arantv.az\/index.php?rest_route=\/wp\/v2\/media\/679338"}],"wp:attachment":[{"href":"https:\/\/arantv.az\/index.php?rest_route=%2Fwp%2Fv2%2Fmedia&parent=679337"}],"wp:term":[{"taxonomy":"category","embeddable":true,"href":"https:\/\/arantv.az\/index.php?rest_route=%2Fwp%2Fv2%2Fcategories&post=679337"},{"taxonomy":"post_tag","embeddable":true,"href":"https:\/\/arantv.az\/index.php?rest_route=%2Fwp%2Fv2%2Ftags&post=679337"}],"curies":[{"name":"wp","href":"https:\/\/api.w.org\/{rel}","templated":true}]}}