{"id":679340,"date":"2024-01-12T20:28:23","date_gmt":"2024-01-12T16:28:23","guid":{"rendered":"https:\/\/arantv.az\/?p=679340"},"modified":"2024-01-12T20:28:23","modified_gmt":"2024-01-12T16:28:23","slug":"naxcivanda-qizilcaya-qarsi-peyv%c9%99nd%c9%99-baslanilib-foto","status":"publish","type":"post","link":"https:\/\/arantv.az\/?p=679340","title":{"rendered":"Nax\u00e7\u0131vanda q\u0131z\u0131lcaya qar\u015f\u0131 peyv\u0259nd\u0259 ba\u015flan\u0131l\u0131b &#8211; FOTO"},"content":{"rendered":"<p>Nax\u00e7\u0131van Muxtar Respublikas\u0131nda q\u0131z\u0131lcaya qar\u015f\u0131 peyv\u0259nd\u0259 ba\u015flan\u0131l\u0131b.<\/p>\n<p>\u201cReport\u201d x\u0259b\u0259r verir ki, k\u00f6n\u00fcll\u00fc apar\u0131lan peyv\u0259ndl\u0259m\u0259 11-40 ya\u015fl\u0131 \u015f\u0259xsl\u0259ri \u0259hat\u0259 edir.<\/p>\n<p>Qeyd olunan \u0259hali qruplar\u0131n\u0131n vaksinasiyas\u0131 \u00fc\u00e7\u00fcn ya\u015fay\u0131\u015f yerl\u0259ri \u00fczr\u0259 u\u015faq v\u0259 ya\u015fl\u0131 qrupa aid \u0259haliy\u0259 ambulator-poliklinik xidm\u0259t g\u00f6st\u0259r\u0259n tibb m\u00fc\u0259ssis\u0259l\u0259rin\u0259 m\u00fcraci\u0259t edilm\u0259si t\u00f6vsiy\u0259 olunur. 11-40 ya\u015fl\u0131 \u0259hali qruplar\u0131n\u0131n yoluxmadan m\u00fcdafi\u0259si \u00fc\u00e7\u00fcn bir\u00a0d\u0259f\u0259 vaksinasiya olunmas\u0131 n\u0259z\u0259rd\u0259 tutulub.<\/p>\n<p>Bab\u0259k Rayon M\u0259rk\u0259zi X\u0259st\u0259xanas\u0131n\u0131n infeksionisti V\u00fcsal\u0259 S\u0259f\u0259rova bildirib ki, 2023-c\u00fc ilin pay\u0131z m\u00f6vs\u00fcm\u00fc ba\u015flayandan q\u0131z\u0131lca x\u0259st\u0259liyin\u0259 yoluxma hallar\u0131 davam edir: \u201cQ\u0131z\u0131lca x\u0259st\u0259liyin\u0259 yoluxma \u0259sas\u0259n peyv\u0259nd -vaksinasiyadan k\u0259nar qalan \u0259halid\u0259 m\u00fc\u015fahid\u0259 olunur. Buna g\u00f6r\u0259 d\u0259 profilaktik t\u0259dbirl\u0259r h\u0259yata ke\u00e7irilir. Profilaktik t\u0259dbirl\u0259r \u00e7\u0259r\u00e7iv\u0259sind\u0259 peyv\u0259nd t\u0259qvimin\u0259 uy\u011fun olaraq 10 ya\u015fa q\u0259d\u0259r u\u015faqlar aras\u0131nda apar\u0131lan vaksinasiya il\u0259 yana\u015f\u0131 11-40 ya\u015f aras\u0131 \u0259hali aras\u0131nda da vaksinasiyaya ba\u015flam\u0131\u015f\u0131q. M\u0259qs\u0259d yoluxma hallar\u0131n\u0131n v\u0259 x\u0259st\u0259liyin a\u011f\u0131rla\u015fmas\u0131n\u0131n qar\u015f\u0131s\u0131n\u0131n al\u0131nmas\u0131d\u0131r\u201d.<\/p>\n<p>\u015eahbuz Rayon M\u0259rk\u0259zi X\u0259st\u0259xanas\u0131n\u0131n ba\u015f h\u0259kimi Co\u015fqun Babayev is\u0259 deyib ki, q\u0131z\u0131lca, m\u0259xm\u0259r\u0259k peyv\u0259ndi il\u0259 yana\u015f\u0131, h\u0259m d\u0259 m\u00f6vs\u00fcmi qrip \u0259leyhin\u0259 peyv\u0259nd vururlar: \u201cG\u00fcn \u0259rzind\u0259 30-a yax\u0131n v\u0259t\u0259nda\u015f\u0131m\u0131z peyv\u0259nd\u0259 g\u0259lir. Q\u0131z\u0131lca x\u0259st\u0259liyi azya\u015fl\u0131lar aras\u0131nda t\u0259k-t\u0259k olsa da var. Peyv\u0259nd t\u0259qvimin\u0259 uy\u011fun olaraq azya\u015fl\u0131lar q\u0131z\u0131lcaya qar\u015f\u0131 peyv\u0259ndl\u0259nir\u201d.<\/p>\n<p>&nbsp;<\/p>\n<div class=\"gallery\">\n<div class=\"gallery-i\"><img src=\"https:\/\/cdn.oxu.az\/uploads\/W1siZiIsIjIwMjQvMDEvMTIvMTkvMDAvNDEvZGZkMzY1YzUtY2NkZi00NTYzLWIzYzUtYzBmYzQ4N2I2NzMzLzk3N2EyOGYyLTRjNWYtMzhiOC04NWM5LWY3ODc2MjI1OTc3NC5qcGciXSxbInAiLCJlbmNvZGUiLCJqcGciLCItcXVhbGl0eSA4MCJdLFsicCIsInRodW1iIiwiNTkweDU5MFx1MDAzZSJdXQ?sha=6bbf98897fa6065b\" alt=\"\" \/><\/p>\n<div class=\"gallery-i-caption\"><\/div>\n<\/div>\n<div class=\"gallery-i\"><img src=\"https:\/\/cdn.oxu.az\/uploads\/W1siZiIsIjIwMjQvMDEvMTIvMTkvMDAvNDEvMDEwNzMzZjYtMzRjOC00M2EyLTk0MmItNjkwZjU0NTFlN2U4Lzk4NmU2YmZhLTgzMTItM2E1NS05ZjYzLTM1NjAxZmMzODM0Yy5qcGciXSxbInAiLCJlbmNvZGUiLCJqcGciLCItcXVhbGl0eSA4MCJdLFsicCIsInRodW1iIiwiNTkweDU5MFx1MDAzZSJdXQ?sha=36845f2baa55cbcb\" alt=\"\" \/><\/p>\n<div class=\"gallery-i-caption\"><\/div>\n<\/div>\n<div class=\"gallery-i\"><img src=\"https:\/\/cdn.oxu.az\/uploads\/W1siZiIsIjIwMjQvMDEvMTIvMTkvMDAvNDEvN2E0NTNjNTctZDdhOS00N2YwLWFhZWQtNDc4YjM2ODY5ZDcwLzc0MjRjY2U5LTliNDItM2M4OS04ODhmLTA2YWYxNGU0MzkyZi5qcGciXSxbInAiLCJlbmNvZGUiLCJqcGciLCItcXVhbGl0eSA4MCJdLFsicCIsInRodW1iIiwiNTkweDU5MFx1MDAzZSJdXQ?sha=269e49182ca28214\" alt=\"\" \/><\/p>\n<div class=\"gallery-i-caption\"><\/div>\n<\/div>\n<div class=\"gallery-i\"><img src=\"https:\/\/cdn.oxu.az\/uploads\/W1siZiIsIjIwMjQvMDEvMTIvMTkvMDAvNDEvY2FlOWMyZDItMzE5Zi00ZjdmLWEwYmYtMWM0NzcxYmJmNTJhL2IzMThiYmMzLTRiZmEtM2VhMi1hYWIzLTZiMGZkZmE0NTRiNi5qcGciXSxbInAiLCJlbmNvZGUiLCJqcGciLCItcXVhbGl0eSA4MCJdLFsicCIsInRodW1iIiwiNTkweDU5MFx1MDAzZSJdXQ?sha=fa96fb004a45b8d9\" alt=\"\" \/><\/p>\n<div class=\"gallery-i-caption\"><\/div>\n<\/div>\n<div class=\"gallery-i\"><img src=\"https:\/\/cdn.oxu.az\/uploads\/W1siZiIsIjIwMjQvMDEvMTIvMTkvMDAvNDEvYzg1ODE4ZmQtYjQ1YS00NjIzLThjOGQtMDQ0YjliZWRkZTM5L2MwZDFhNzdjLTZhNmEtM2Q0Yy1hNDhhLTYxZjk2OGExMjAxNy5qcGciXSxbInAiLCJlbmNvZGUiLCJqcGciLCItcXVhbGl0eSA4MCJdLFsicCIsInRodW1iIiwiNTkweDU5MFx1MDAzZSJdXQ?sha=13be1a2e1f7b5937\" alt=\"\" \/><\/div>\n<\/div>\n","protected":false},"excerpt":{"rendered":"<p>Nax\u00e7\u0131van Muxtar Respublikas\u0131nda q\u0131z\u0131lcaya qar\u015f\u0131 peyv\u0259nd\u0259 ba\u015flan\u0131l\u0131b. \u201cReport\u201d x\u0259b\u0259r verir ki, k\u00f6n\u00fcll\u00fc apar\u0131lan peyv\u0259ndl\u0259m\u0259 11-40 ya\u015fl\u0131 \u015f\u0259xsl\u0259ri \u0259hat\u0259 edir. Qeyd olunan \u0259hali qruplar\u0131n\u0131n vaksinasiyas\u0131 \u00fc\u00e7\u00fcn ya\u015fay\u0131\u015f yerl\u0259ri \u00fczr\u0259 u\u015faq v\u0259 ya\u015fl\u0131 qrupa aid \u0259haliy\u0259 ambulator-poliklinik xidm\u0259t g\u00f6st\u0259r\u0259n tibb m\u00fc\u0259ssis\u0259l\u0259rin\u0259 m\u00fcraci\u0259t edilm\u0259si t\u00f6vsiy\u0259 olunur. 11-40 ya\u015fl\u0131 \u0259hali qruplar\u0131n\u0131n yoluxmadan m\u00fcdafi\u0259si \u00fc\u00e7\u00fcn bir\u00a0d\u0259f\u0259 vaksinasiya olunmas\u0131 n\u0259z\u0259rd\u0259 tutulub. Bab\u0259k Rayon M\u0259rk\u0259zi X\u0259st\u0259xanas\u0131n\u0131n infeksionisti V\u00fcsal\u0259 S\u0259f\u0259rova bildirib ki, 2023-c\u00fc ilin pay\u0131z m\u00f6vs\u00fcm\u00fc ba\u015flayandan q\u0131z\u0131lca x\u0259st\u0259liyin\u0259 yoluxma hallar\u0131 davam edir: \u201cQ\u0131z\u0131lca x\u0259st\u0259liyin\u0259 yoluxma \u0259sas\u0259n peyv\u0259nd -vaksinasiyadan k\u0259nar qalan \u0259halid\u0259 m\u00fc\u015fahid\u0259 olunur. Buna g\u00f6r\u0259 d\u0259 profilaktik&hellip;<\/p>\n","protected":false},"author":2,"featured_media":679341,"comment_status":"closed","ping_status":"closed","sticky":false,"template":"","format":"standard","meta":{"om_disable_all_campaigns":false,"_monsterinsights_skip_tracking":false,"_monsterinsights_sitenote_active":false,"_monsterinsights_sitenote_note":"","_monsterinsights_sitenote_category":0},"categories":[1],"tags":[],"aioseo_notices":[],"gutentor_comment":0,"rttpg_featured_image_url":{"full":["https:\/\/arantv.az\/wp-content\/uploads\/2024\/01\/88c1bf5b-e719-3a22-8afe-50d2f049518b_850.jpg",620,413,false],"landscape":["https:\/\/arantv.az\/wp-content\/uploads\/2024\/01\/88c1bf5b-e719-3a22-8afe-50d2f049518b_850.jpg",620,413,false],"portraits":["https:\/\/arantv.az\/wp-content\/uploads\/2024\/01\/88c1bf5b-e719-3a22-8afe-50d2f049518b_850.jpg",620,413,false],"thumbnail":["https:\/\/arantv.az\/wp-content\/uploads\/2024\/01\/88c1bf5b-e719-3a22-8afe-50d2f049518b_850-500x280.jpg",500,280,true],"medium":["https:\/\/arantv.az\/wp-content\/uploads\/2024\/01\/88c1bf5b-e719-3a22-8afe-50d2f049518b_850-548x365.jpg",548,365,true],"large":["https:\/\/arantv.az\/wp-content\/uploads\/2024\/01\/88c1bf5b-e719-3a22-8afe-50d2f049518b_850.jpg",620,413,false],"1536x1536":["https:\/\/arantv.az\/wp-content\/uploads\/2024\/01\/88c1bf5b-e719-3a22-8afe-50d2f049518b_850.jpg",620,413,false],"2048x2048":["https:\/\/arantv.az\/wp-content\/uploads\/2024\/01\/88c1bf5b-e719-3a22-8afe-50d2f049518b_850.jpg",620,413,false],"post-thumbnail":["https:\/\/arantv.az\/wp-content\/uploads\/2024\/01\/88c1bf5b-e719-3a22-8afe-50d2f049518b_850-240x172.jpg",240,172,true],"advps-thumb-one":["https:\/\/arantv.az\/wp-content\/uploads\/2024\/01\/88c1bf5b-e719-3a22-8afe-50d2f049518b_850.jpg",620,413,false]},"rttpg_author":{"display_name":"V\u00fcsal Rafiqo\u011flu","author_link":"https:\/\/arantv.az\/?author=2"},"rttpg_comment":0,"rttpg_category":"<a href=\"https:\/\/arantv.az\/?cat=1\" rel=\"category\">C\u0259miyy\u0259t<\/a>","rttpg_excerpt":"Nax\u00e7\u0131van Muxtar Respublikas\u0131nda q\u0131z\u0131lcaya qar\u015f\u0131 peyv\u0259nd\u0259 ba\u015flan\u0131l\u0131b. \u201cReport\u201d x\u0259b\u0259r verir ki, k\u00f6n\u00fcll\u00fc apar\u0131lan peyv\u0259ndl\u0259m\u0259 11-40 ya\u015fl\u0131 \u015f\u0259xsl\u0259ri \u0259hat\u0259 edir. Qeyd olunan \u0259hali qruplar\u0131n\u0131n vaksinasiyas\u0131 \u00fc\u00e7\u00fcn ya\u015fay\u0131\u015f yerl\u0259ri \u00fczr\u0259 u\u015faq v\u0259 ya\u015fl\u0131 qrupa aid \u0259haliy\u0259 ambulator-poliklinik xidm\u0259t g\u00f6st\u0259r\u0259n tibb m\u00fc\u0259ssis\u0259l\u0259rin\u0259 m\u00fcraci\u0259t edilm\u0259si t\u00f6vsiy\u0259 olunur. 11-40 ya\u015fl\u0131 \u0259hali qruplar\u0131n\u0131n yoluxmadan m\u00fcdafi\u0259si \u00fc\u00e7\u00fcn bir\u00a0d\u0259f\u0259 vaksinasiya olunmas\u0131 n\u0259z\u0259rd\u0259 tutulub.&hellip;","_links":{"self":[{"href":"https:\/\/arantv.az\/index.php?rest_route=\/wp\/v2\/posts\/679340"}],"collection":[{"href":"https:\/\/arantv.az\/index.php?rest_route=\/wp\/v2\/posts"}],"about":[{"href":"https:\/\/arantv.az\/index.php?rest_route=\/wp\/v2\/types\/post"}],"author":[{"embeddable":true,"href":"https:\/\/arantv.az\/index.php?rest_route=\/wp\/v2\/users\/2"}],"replies":[{"embeddable":true,"href":"https:\/\/arantv.az\/index.php?rest_route=%2Fwp%2Fv2%2Fcomments&post=679340"}],"version-history":[{"count":0,"href":"https:\/\/arantv.az\/index.php?rest_route=\/wp\/v2\/posts\/679340\/revisions"}],"wp:featuredmedia":[{"embeddable":true,"href":"https:\/\/arantv.az\/index.php?rest_route=\/wp\/v2\/media\/679341"}],"wp:attachment":[{"href":"https:\/\/arantv.az\/index.php?rest_route=%2Fwp%2Fv2%2Fmedia&parent=679340"}],"wp:term":[{"taxonomy":"category","embeddable":true,"href":"https:\/\/arantv.az\/index.php?rest_route=%2Fwp%2Fv2%2Fcategories&post=679340"},{"taxonomy":"post_tag","embeddable":true,"href":"https:\/\/arantv.az\/index.php?rest_route=%2Fwp%2Fv2%2Ftags&post=679340"}],"curies":[{"name":"wp","href":"https:\/\/api.w.org\/{rel}","templated":true}]}}