{"id":679352,"date":"2024-01-12T20:32:17","date_gmt":"2024-01-12T16:32:17","guid":{"rendered":"https:\/\/arantv.az\/?p=679352"},"modified":"2024-01-12T20:32:17","modified_gmt":"2024-01-12T16:32:17","slug":"2019-cu-ild%c9%99n-nec%c9%99-usaq-ovladliga-verilib","status":"publish","type":"post","link":"https:\/\/arantv.az\/?p=679352","title":{"rendered":"2019-cu ild\u0259n ne\u00e7\u0259 u\u015faq \u00f6vladl\u0131\u011fa verilib?"},"content":{"rendered":"<div><b>\u00d6vladl\u0131\u011fa g\u00f6t\u00fcrm\u0259 sah\u0259sind\u0259 idar\u0259etm\u0259nin \u018fm\u0259k v\u0259 \u018fhalinin Sosial M\u00fcdafi\u0259si Nazirliyin\u0259 h\u0259val\u0259 olundu\u011fu 1 noyabr 2019-cu il tarixind\u0259n indiy\u0259d\u0259k 504 u\u015faq \u00f6vladl\u0131\u011fa verilib.<br \/>\n<\/b><\/div>\n<div><\/div>\n<div>\n<div class=\"inlineads\"><\/div>\n<\/div>\n<div>Sosial Xidm\u0259tl\u0259r Agentliyind\u0259n veril\u0259n m\u0259lumata g\u00f6r\u0259, onlardan 253-\u00fc o\u011flan, 251-i is\u0259 q\u0131zd\u0131r.<\/div>\n<div><\/div>\n<div><\/div>\n<div>M\u0259lumatda qeyd edilib ki, 18 ya\u015f\u0131nad\u0259k \u0259lilliyi olan \u015f\u0259xsl\u0259rin \u00f6vladl\u0131\u011fa g\u00f6t\u00fcr\u00fclm\u0259sinin t\u0259\u015fviq edilm\u0259si m\u0259qs\u0259di il\u0259 bir s\u0131ra stimulla\u015fd\u0131r\u0131c\u0131 t\u0259dbirl\u0259r h\u0259yata ke\u00e7irilir.<\/div>\n","protected":false},"excerpt":{"rendered":"<p>\u00d6vladl\u0131\u011fa g\u00f6t\u00fcrm\u0259 sah\u0259sind\u0259 idar\u0259etm\u0259nin \u018fm\u0259k v\u0259 \u018fhalinin Sosial M\u00fcdafi\u0259si Nazirliyin\u0259 h\u0259val\u0259 olundu\u011fu 1 noyabr 2019-cu il tarixind\u0259n indiy\u0259d\u0259k 504 u\u015faq \u00f6vladl\u0131\u011fa verilib. Sosial Xidm\u0259tl\u0259r Agentliyind\u0259n veril\u0259n m\u0259lumata g\u00f6r\u0259, onlardan 253-\u00fc o\u011flan, 251-i is\u0259 q\u0131zd\u0131r. M\u0259lumatda qeyd edilib ki, 18 ya\u015f\u0131nad\u0259k \u0259lilliyi olan \u015f\u0259xsl\u0259rin \u00f6vladl\u0131\u011fa g\u00f6t\u00fcr\u00fclm\u0259sinin t\u0259\u015fviq edilm\u0259si m\u0259qs\u0259di il\u0259 bir s\u0131ra stimulla\u015fd\u0131r\u0131c\u0131 t\u0259dbirl\u0259r h\u0259yata ke\u00e7irilir.<\/p>\n","protected":false},"author":2,"featured_media":679353,"comment_status":"closed","ping_status":"closed","sticky":false,"template":"","format":"standard","meta":{"om_disable_all_campaigns":false,"_monsterinsights_skip_tracking":false,"_monsterinsights_sitenote_active":false,"_monsterinsights_sitenote_note":"","_monsterinsights_sitenote_category":0},"categories":[26],"tags":[],"aioseo_notices":[],"gutentor_comment":0,"rttpg_featured_image_url":{"full":["https:\/\/arantv.az\/wp-content\/uploads\/2024\/01\/2024-01-12-16-29-58P0HyGep5oxQLmbI74bxn_file.jpg",790,500,false],"landscape":["https:\/\/arantv.az\/wp-content\/uploads\/2024\/01\/2024-01-12-16-29-58P0HyGep5oxQLmbI74bxn_file.jpg",790,500,false],"portraits":["https:\/\/arantv.az\/wp-content\/uploads\/2024\/01\/2024-01-12-16-29-58P0HyGep5oxQLmbI74bxn_file.jpg",790,500,false],"thumbnail":["https:\/\/arantv.az\/wp-content\/uploads\/2024\/01\/2024-01-12-16-29-58P0HyGep5oxQLmbI74bxn_file-500x280.jpg",500,280,true],"medium":["https:\/\/arantv.az\/wp-content\/uploads\/2024\/01\/2024-01-12-16-29-58P0HyGep5oxQLmbI74bxn_file-577x365.jpg",577,365,true],"large":["https:\/\/arantv.az\/wp-content\/uploads\/2024\/01\/2024-01-12-16-29-58P0HyGep5oxQLmbI74bxn_file.jpg",640,405,false],"1536x1536":["https:\/\/arantv.az\/wp-content\/uploads\/2024\/01\/2024-01-12-16-29-58P0HyGep5oxQLmbI74bxn_file.jpg",790,500,false],"2048x2048":["https:\/\/arantv.az\/wp-content\/uploads\/2024\/01\/2024-01-12-16-29-58P0HyGep5oxQLmbI74bxn_file.jpg",790,500,false],"post-thumbnail":["https:\/\/arantv.az\/wp-content\/uploads\/2024\/01\/2024-01-12-16-29-58P0HyGep5oxQLmbI74bxn_file-240x172.jpg",240,172,true],"advps-thumb-one":["https:\/\/arantv.az\/wp-content\/uploads\/2024\/01\/2024-01-12-16-29-58P0HyGep5oxQLmbI74bxn_file.jpg",790,500,false]},"rttpg_author":{"display_name":"V\u00fcsal Rafiqo\u011flu","author_link":"https:\/\/arantv.az\/?author=2"},"rttpg_comment":0,"rttpg_category":"<a href=\"https:\/\/arantv.az\/?cat=26\" rel=\"category\">Sosial<\/a>","rttpg_excerpt":"\u00d6vladl\u0131\u011fa g\u00f6t\u00fcrm\u0259 sah\u0259sind\u0259 idar\u0259etm\u0259nin \u018fm\u0259k v\u0259 \u018fhalinin Sosial M\u00fcdafi\u0259si Nazirliyin\u0259 h\u0259val\u0259 olundu\u011fu 1 noyabr 2019-cu il tarixind\u0259n indiy\u0259d\u0259k 504 u\u015faq \u00f6vladl\u0131\u011fa verilib. Sosial Xidm\u0259tl\u0259r Agentliyind\u0259n veril\u0259n m\u0259lumata g\u00f6r\u0259, onlardan 253-\u00fc o\u011flan, 251-i is\u0259 q\u0131zd\u0131r. M\u0259lumatda qeyd edilib ki, 18 ya\u015f\u0131nad\u0259k \u0259lilliyi olan \u015f\u0259xsl\u0259rin \u00f6vladl\u0131\u011fa g\u00f6t\u00fcr\u00fclm\u0259sinin t\u0259\u015fviq edilm\u0259si m\u0259qs\u0259di il\u0259 bir s\u0131ra stimulla\u015fd\u0131r\u0131c\u0131 t\u0259dbirl\u0259r h\u0259yata ke\u00e7irilir.","_links":{"self":[{"href":"https:\/\/arantv.az\/index.php?rest_route=\/wp\/v2\/posts\/679352"}],"collection":[{"href":"https:\/\/arantv.az\/index.php?rest_route=\/wp\/v2\/posts"}],"about":[{"href":"https:\/\/arantv.az\/index.php?rest_route=\/wp\/v2\/types\/post"}],"author":[{"embeddable":true,"href":"https:\/\/arantv.az\/index.php?rest_route=\/wp\/v2\/users\/2"}],"replies":[{"embeddable":true,"href":"https:\/\/arantv.az\/index.php?rest_route=%2Fwp%2Fv2%2Fcomments&post=679352"}],"version-history":[{"count":0,"href":"https:\/\/arantv.az\/index.php?rest_route=\/wp\/v2\/posts\/679352\/revisions"}],"wp:featuredmedia":[{"embeddable":true,"href":"https:\/\/arantv.az\/index.php?rest_route=\/wp\/v2\/media\/679353"}],"wp:attachment":[{"href":"https:\/\/arantv.az\/index.php?rest_route=%2Fwp%2Fv2%2Fmedia&parent=679352"}],"wp:term":[{"taxonomy":"category","embeddable":true,"href":"https:\/\/arantv.az\/index.php?rest_route=%2Fwp%2Fv2%2Fcategories&post=679352"},{"taxonomy":"post_tag","embeddable":true,"href":"https:\/\/arantv.az\/index.php?rest_route=%2Fwp%2Fv2%2Ftags&post=679352"}],"curies":[{"name":"wp","href":"https:\/\/api.w.org\/{rel}","templated":true}]}}