{"id":679355,"date":"2024-01-12T20:34:37","date_gmt":"2024-01-12T16:34:37","guid":{"rendered":"https:\/\/arantv.az\/?p=679355"},"modified":"2024-01-12T20:34:37","modified_gmt":"2024-01-12T16:34:37","slug":"rusiya-k%c9%99sfiyyat-direktorunun-sensasion-b%c9%99yanati-abs-s%c9%99firi-bakidan-niy%c9%99-gedib","status":"publish","type":"post","link":"https:\/\/arantv.az\/?p=679355","title":{"rendered":"Rusiya k\u0259\u015ffiyyat direktorunun sensasion b\u0259yanat\u0131 &#8211; AB\u015e s\u0259firi Bak\u0131dan niy\u0259 gedib\u2026"},"content":{"rendered":"<h3><strong><em>Sergey Nar\u0131\u015fkinin dedikl\u0259rinin \u00f6t\u0259n ilin noyabr\u0131nda Az\u0259rbaycan medias\u0131nda yay\u0131lm\u0131\u015f iddialarla n\u0259 \u0259laq\u0259si?<\/em><\/strong><\/h3>\n<p>Telekanallar\u0131n Prezident \u0130lham \u018fliyevl\u0259 m\u00fcsahib\u0259sind\u0259 AB\u015e-la r\u0259smi Bak\u0131n\u0131n m\u00fcnasib\u0259tl\u0259ri haqda n\u0259d\u0259ns\u0259, sual verilm\u0259di. D\u00fcnya paktikas\u0131na g\u00f6r\u0259 bu c\u00fcr formatda m\u00fcsahib\u0259l\u0259rd\u0259 suallar bloku ad\u0259t\u0259n, prezidentl\u0259rin m\u0259buat xidm\u0259tl\u0259ri il\u0259 raz\u0131la\u015fd\u0131r\u0131l\u0131r. Amerika-Az\u0259rbaycan m\u00fcnasib\u0259tl\u0259rind\u0259 qeyri-m\u00fc\u0259yy\u0259nlik h\u0259l\u0259 d\u0259 davam etdiyi \u00fc\u00e7\u00fcn r\u0259smi Bak\u0131n\u0131n g\u00f6zl\u0259m\u0259 m\u00f6vqeyin\u0259 \u00fcst\u00fcnl\u00fck verm\u0259si t\u0259biidir.<\/p>\n<p>AB\u015e-\u0131n son \u00fc\u00e7 ayda Az\u0259rbaycana m\u00fcnasib\u0259td\u0259 davran\u0131\u015flar\u0131n\u0131n yanl\u0131\u015f oldu\u011fu haqda t\u0259kc\u0259 biz demirik, yax\u0131n \u00f6lk\u0259l\u0259rin ekspertl\u0259ri d\u0259 o r\u0259yd\u0259dir ki, Bak\u0131n\u0131n \u0259n m\u00fcxt\u0259lif s\u0259viyy\u0259l\u0259rd\u0259(b\u0259yanatlarda, hesabatlarda v\u0259 sair\u0259) h\u0259d\u0259f\u0259 g\u00f6t\u00fcrm\u0259si Va\u015finqtona C\u0259nubi Qafqaz siyas\u0259tind\u0259 xeyir g\u0259tir\u0259 bilm\u0259z. G\u00f6r\u00fcn\u00fcr, indi m\u00fcnasib\u0259tl\u0259rd\u0259ki fasil\u0259 m\u00f6vqel\u0259ri yenid\u0259n g\u00f6zd\u0259n ke\u00e7irm\u0259k \u00fc\u00e7\u00fcnd\u00fcr.<\/p>\n<p><img loading=\"lazy\" src=\"https:\/\/cdn.musavat.com\/news\/thumbnails\/bf22531fcdc2d261a94fb0a407266942.jpg\" alt=\"image_750x_659ce448a2730.jpg (136 KB)\" width=\"770\" height=\"480\" \/><\/p>\n<p>Amerika s\u0259firliyinin bug\u00fcnl\u0259rd\u0259 yayd\u0131\u011f\u0131 bir m\u0259lumat diqq\u0259t\u00e7\u0259k\u0259ndir. Bel\u0259 ki, AB\u015e-\u0131n Az\u0259rbaycandak\u0131 s\u0259firliyi Erm\u0259nistan m\u0259tbuat\u0131nda Bak\u0131 il\u0259 Va\u015finqton aras\u0131nda m\u00fcnasib\u0259tl\u0259rl\u0259 ba\u011fl\u0131 yay\u0131lan \u201c\u0259sass\u0131z v\u0259 yalan m\u0259lumat\u0131\u201d t\u0259kzib etdi. Diplomatik n\u00fcmay\u0259nd\u0259lik sosial \u015f\u0259b\u0259k\u0259l\u0259rd\u0259ki b\u0259yanat\u0131na diqq\u0259t ed\u0259k: \u201cYanvar\u0131n 4-d\u0259 AB\u015e d\u00f6vl\u0259t katibinin k\u00f6m\u0259k\u00e7isi Culyet Noyesin i\u015ftirak etdiyi m\u0259rasimd\u0259 s\u0259fir t\u0259yin olunmu\u015f Libbi and i\u00e7ib. T\u0259dbird\u0259 onun h\u0259yat yolda\u015f\u0131 Danusia v\u0259 o\u011flu Endryu da olub. O, Bak\u0131ya qay\u0131tma\u011f\u0131 v\u0259 etimadnam\u0259sini AB\u015e-\u0131n Az\u0259rbaycandak\u0131 11-ci s\u0259firi kimi Prezident \u0130lham \u018fliyev\u0259 t\u0259qdim etm\u0259yi s\u0259birsizlikl\u0259 g\u00f6zl\u0259yir\u201d. Sonda bildirilirdi ki, AB\u015e-\u0131n yeni s\u0259firi haz\u0131rda \u00f6lk\u0259sind\u0259dir.<\/p>\n<p>Libbinin etimadnam\u0259sinin sur\u0259tini xarici i\u015fl\u0259r naziri Ceyhun Bayramova g\u00fcnl\u0259r \u0259vv\u0259l t\u0259qdim edib v\u0259 Prezident\u0259 t\u0259qdimat\u0131n yubanmas\u0131 onun s\u0259fir kimi f\u0259aliyy\u0259tin\u0259 he\u00e7 bir \u0259ng\u0259l yaratm\u0131r. Amerikan\u0131n bu l\u0259ngim\u0259d\u0259n n\u0259 q\u0259d\u0259r narahat oldu\u011funu dem\u0259k \u00e7\u0259tindir. Bak\u0131dak\u0131 diplomatik korpusun m\u0259lumat\u0131ndan anla\u015f\u0131lan iki n\u0259tic\u0259 var. Birincisi, s\u0259firin bel\u0259 tezlikl\u0259 \u00f6lk\u0259sin\u0259 qay\u0131tmas\u0131 bar\u0259d\u0259 suallar varsa, izah edilir ki, bu, diplomatik f\u0259aliyy\u0259tl\u0259 ba\u011fl\u0131d\u0131r. \u0130kincisi, etimadnam\u0259nin t\u0259qdim edilm\u0259sind\u0259 yubanma s\u0259firin Bak\u0131da olmamas\u0131 il\u0259 izah edilir.<\/p>\n<p><img loading=\"lazy\" src=\"https:\/\/cdn.musavat.com\/news\/thumbnails\/1501753ed9c3030d83059b323070083f.jpg\" alt=\"usa.jpg (79 KB)\" width=\"770\" height=\"385\" \/><\/p>\n<p>\u018flb\u0259tt\u0259, m\u0259n\u0259 qalsa, daha uzaqged\u0259n n\u0259tic\u0259l\u0259r d\u0259 \u00e7\u0131xarmaq olar, amma indilikd\u0259 t\u0259r\u0259fl\u0259r \u201cfikirl\u0259\u015fm\u0259k \u00fc\u00e7\u00fcn vaxt g\u00f6t\u00fcr\u00fcbl\u0259rs\u0259\u201d m\u00fcnasib\u0259tl\u0259rd\u0259 h\u0259r hans\u0131 g\u0259rginlik axtarmaq c\u0259hdl\u0259ri d\u00f6vl\u0259t maraqlar\u0131na uy\u011fun deyil. Az\u0259rbaycan\u0131n siyas\u0259ti bel\u0259dir ki, b\u00fct\u00fcn d\u00f6vl\u0259tl\u0259rl\u0259 normal m\u00fcnasib\u0259ti olsun. 30 il torpaqlar\u0131m\u0131z\u0131 i\u015f\u011falda saxlayan, xalq\u0131m\u0131za sa\u011falmaz yaralar vuran h\u0259tta Erm\u0259nistanla da s\u00fclh m\u00fcqavil\u0259si imzalamaq \u00fc\u00e7\u00fcn edil\u0259n c\u0259hdl\u0259r bu siyas\u0259t\u0259 s\u00fcbutdur. Amma indi d\u00fcnyada v\u0259ziyy\u0259t o h\u0259dd\u0259 g\u0259rgindir ki, kimins\u0259 maraqlar\u0131na m\u00fctl\u0259q toxunursan, kiml\u0259rins\u0259 d\u0259, s\u0259nin d\u00f6vl\u0259t olaraq maraqlar\u0131n\u0131 g\u00f6zard\u0131 etm\u0259si laz\u0131m olur. Biz d\u00fcnyadak\u0131 b\u00f6y\u00fck siyasi geoplitik oyunlarda, sava\u015flarda yoxuq, arbitr he\u00e7 deyilik. Prezident \u018fliyev m\u0259lum m\u00fcsahib\u0259d\u0259 bu bar\u0259d\u0259 kifay\u0259t q\u0259d\u0259r a\u00e7\u0131q m\u00f6vqe ortaya qoydu. Dedi ki, b\u0259zil\u0259ri indi yar\u0131\u015fa \u00e7\u0131x\u0131blar ki, s\u00fclh dan\u0131\u015f\u0131qlar hans\u0131 \u00f6lk\u0259d\u0259 ke\u00e7irilsin. \u201cBu, bir q\u0259d\u0259r geosiyasi r\u0259qab\u0259t\u0259 b\u0259nz\u0259y\u0259n bir \u015feydir. M\u0259n bunu ist\u0259m\u0259zdim. M\u0259n \u00fcmumiyy\u0259tl\u0259 ist\u0259m\u0259zdim ki, Erm\u0259nistan-Az\u0259rbaycan m\u00fcnasib\u0259tl\u0259ri geosiyasi m\u00f6vzuya \u00e7evrilsin. Bu, bizim iki \u00f6lk\u0259 aras\u0131ndak\u0131 m\u0259s\u0259l\u0259mizdir, \u00f6z\u00fcm\u00fcz d\u0259 bunu h\u0259ll etm\u0259liyik\u201d dey\u0259, d\u00f6vl\u0259t ba\u015f\u00e7\u0131s\u0131 ayd\u0131n m\u00f6vqe s\u0259rgil\u0259di.<\/p>\n<p>Bizim yerl\u0259\u015fdiyimiz b\u00f6lg\u0259 Rusiya, \u0130ran v\u0259 T\u00fcrkiy\u0259 kimi \u00f6lk\u0259l\u0259r s\u0259b\u0259bind\u0259n geosiyasi dart\u0131\u015fmalarda a\u011f\u0131rl\u0131\u011f\u0131n\u0131 saxlamaqda davam ed\u0259c\u0259k. Bu, \u0259lb\u0259tt\u0259, b\u00f6lg\u0259d\u0259 daima g\u0259rginlik dem\u0259kdir. \u00dcst\u0259lik, indi AB\u015e b\u00f6lg\u0259d\u0259 Rusiya v\u0259 \u0130ranla deyil, h\u0259m d\u0259 T\u00fcrkiy\u0259 il\u0259 \u201ck\u0259ll\u0259-k\u0259ll\u0259y\u0259\u201d g\u0259lir, Ankara-Va\u015finqton m\u00fcnasib\u0259tl\u0259r son ill\u0259r \u00fcmumiyy\u0259tl\u0259, d\u00fcz\u0259lmir. Va\u015finqton \u00fc\u00e7\u00fcn is\u0259 bel\u0259 g\u00f6r\u00fcn\u00fcr ki, ayr\u0131ca g\u00f6t\u00fcr\u00fclm\u00fc\u015f Az\u0259rbaycan siyas\u0259ti \u0259h\u0259miyy\u0259tini itirm\u0259kd\u0259dir. \u0130ndi Bak\u0131 il\u0259 m\u00fcnasib\u0259tl\u0259r h\u0259m Rusiya, h\u0259m \u0130ran, h\u0259m d\u0259 T\u00fcrkiy\u0259 il\u0259 m\u00fcnasib\u0259tl\u0259r konteksind\u0259 d\u0259y\u0259rl\u0259ndirilir&#8230;.<\/p>\n<p>AB\u015e is\u0259 hegamonlu\u011funu saxlamaq \u00fc\u00e7\u00fcn b\u00fct\u00fcn d\u00fcnyada sabitliyi pozmaq siyas\u0259ti davam edir. Biz bunun \u0259n son n\u00fcmun\u0259l\u0259rini Yax\u0131n \u015e\u0259rqd\u0259 g\u00f6rm\u0259kd\u0259yik, Y\u0259m\u0259n husuil\u0259rin\u0259 raket z\u0259rb\u0259l\u0259ri b\u00f6lg\u0259d\u0259 yeni m\u00fcnaqi\u015f\u0259nin fitilini \u00e7\u0259km\u0259k kimi qiym\u0259tl\u0259ndirilir. O c\u00fcml\u0259d\u0259n, ke\u00e7mi\u015f sovet respublikalar\u0131 da daxil, d\u00fcnyada b\u00fct\u00fcn g\u0259rginlik n\u00f6qt\u0259l\u0259ri h\u0259l\u0259 d\u0259 AB\u015e-\u0131n ist\u0259yi v\u0259 planlar\u0131na uy\u011fun yarad\u0131l\u0131r.<\/p>\n<p><img loading=\"lazy\" src=\"https:\/\/cdn.musavat.com\/news\/thumbnails\/f9c8a014deac0584e2cc1cdb010f0852.jpg\" alt=\"amerika-da-universite-okumak-icin-gecerli-7-sebep-880x457.jpg (181 KB)\" width=\"770\" height=\"400\" \/><\/p>\n<p>Rusiya Xarici K\u0259\u015ffiyyat Xidm\u0259tinin direktoru Sergey Nar\u0131\u015fkin bir g\u00fcn \u0259vv\u0259l senasion bir m\u0259lumat a\u00e7\u0131qlay\u0131b. Xarici k\u0259\u015ffiyyat\u0131n r\u0259hb\u0259ri iddia edib ki, Birl\u0259\u015fmi\u015f \u015etatlar b\u00fct\u00fcn q\u00fcvv\u0259l\u0259rini \u201cbe\u015finci kolon\u201du f\u0259alla\u015fd\u0131rma\u011fa y\u00f6n\u0259ldib. S\u00f6hb\u0259t Amerika t\u0259hsil proqramlar\u0131ndan i\u015ftirak etmi\u015f 80 mind\u0259n \u00e7ox rusiyal\u0131 t\u0259l\u0259b\u0259d\u0259n gedir. \u201cM\u00fcvafiq t\u0259limatlardan sonra onlardan Rusiya Federasiyas\u0131n\u0131n prezident se\u00e7kil\u0259rin\u0259 m\u00fcdaxil\u0259 \u00fc\u00e7\u00fcn istifad\u0259 olunacaq. Va\u015finqton ruslar\u0131 Moskva il\u0259 siyasi m\u00fcbariz\u0259y\u0259 f\u0259al \u015f\u0259kild\u0259 c\u0259lb etm\u0259k niyy\u0259tind\u0259dir. S\u0259sverm\u0259 \u0259r\u0259f\u0259sind\u0259 amerikal\u0131lar \u00f6lk\u0259mizd\u0259ki v\u0259ziyy\u0259ti g\u0259rginl\u0259\u015fdirm\u0259k \u00fc\u00e7\u00fcn \u0259n ki\u00e7ik f\u00fcrs\u0259td\u0259n istifad\u0259 edirl\u0259r\u201d dey\u0259, Nar\u0131\u015fkin bildirib.<\/p>\n<p>O h\u0259m\u00e7inin \u0259lav\u0259 edib ki, AB\u015e x\u00fcsusi xidm\u0259t orqanlar\u0131 fevral\u0131n 16-18-d\u0259 Riqada Rusiyada etnik v\u0259 sosial \u0259dav\u0259tin q\u0131z\u0131\u015fd\u0131r\u0131lmas\u0131 \u00fcsullar\u0131 il\u0259 ba\u011fl\u0131 t\u0259lim ke\u00e7ir\u0259c\u0259k. \u018fsas diqq\u0259t is\u0259 onlara mill\u0259tl\u0259raras\u0131 v\u0259 sosial d\u00fc\u015fm\u0259n\u00e7ilik, se\u00e7kil\u0259r\u0259 m\u00fcdaxil\u0259, sosial \u015f\u0259b\u0259k\u0259l\u0259rd\u0259 \u00f6lk\u0259 r\u0259hb\u0259rliyini g\u00f6zd\u0259n salmaq \u00fcsullar\u0131n\u0131 \u00f6yr\u0259tm\u0259k olacaq.<\/p>\n<p>&#8220;Amerikal\u0131 t\u0259qa\u00fcd\u00e7\u00fcl\u0259r t\u0259hl\u00fck\u0259si&#8221; m\u00f6vzusu Rusiya medias\u0131nda geni\u015f m\u00fczakir\u0259l\u0259r\u0259 yol a\u00e7\u0131b. \u00c7\u00fcnki AB\u015e- la m\u00fcnasib\u0259tl\u0259r normal olanda bu proqram prestijli hesab olunurdu, h\u0259tta bu v\u0259zif\u0259 pill\u0259sind\u0259 ir\u0259lil\u0259m\u0259k \u00fc\u00e7\u00fcn d\u0259 bir d\u0259st\u0259k idi. T\u0259nqid\u00e7i media is\u0259 hesab edir ki, indi statusundan as\u0131l\u0131 olmayaraq y\u00fczl\u0259rl\u0259 adam m\u00fc\u0259yy\u0259n \u015f\u00fcbh\u0259 alt\u0131na d\u00fc\u015f\u0259 bil\u0259r.<\/p>\n<p><img loading=\"lazy\" src=\"https:\/\/cdn.musavat.com\/news\/thumbnails\/db38bdc31e785dbae6571d2f7f5d30a2.jpg\" alt=\"1700934784_mg_9286.jpeg (73 KB)\" width=\"770\" height=\"497\" \/><\/p>\n<p>Maraql\u0131 olan m\u0259qam budur ki, h\u0259l\u0259 \u00f6t\u0259n ilin noyabr\u0131nda Az\u0259rbaycan mediasl\u0131nda da bel\u0259 x\u0259b\u0259rdarl\u0131q yay\u0131lm\u0131\u015fd\u0131. Qeyri-r\u0259smi iddia olunurdu ki, AB\u015e-nin Az\u0259rbaycandak\u0131 s\u0259firliyi Amerikada t\u0259hsil alm\u0131\u015f bir qrup az\u0259rbaycanl\u0131 m\u0259zunlarla g\u00f6r\u00fc\u015f ke\u00e7irm\u0259k ist\u0259yir. G\u00f6r\u00fc\u015f\u00fcn konkret zaman\u0131(27 noyabr) v\u0259 yeri d\u0259 (\u201cJW Marriott Absheron\u201d hoteli) g\u00f6st\u0259rilirdi. \u201cM\u0259s\u0259l\u0259 buras\u0131ndad\u0131r ki, t\u0259dbirin ad\u0131 s\u00f6zd\u0259 m\u0259zunlarla g\u00f6r\u00fc\u015fd\u00fcr. Reall\u0131qda is\u0259 bu, AB\u015e-nin Az\u0259rbaycanda f\u0259aliyy\u0259t g\u00f6st\u0259r\u0259n \u00f6z agentura \u015f\u0259b\u0259k\u0259sinin bir araya g\u0259lm\u0259sidir\u201ddey\u0259, iddia olunurdu. Sonra x\u0259b\u0259r yay\u0131ld\u0131 ki, \u0259slind\u0259 bel\u0259 bir g\u00f6r\u00fc\u015f olmal\u0131 imi\u015f, amma bu iddialar s\u0259b\u0259bind\u0259n ke\u00e7irilm\u0259si laz\u0131m bilinm\u0259yib.<\/p>\n<p>AB\u015e-da t\u0259hsil alan v\u0259 ya n\u0259 vaxtsa orada kurslarda i\u015ftirak etmi\u015f adamlar\u0131 \u0259sass\u0131z olaraq \u015f\u00fcbh\u0259 alt\u0131na almaq d\u00f6vl\u0259tin maraqlar\u0131 bax\u0131mdan ziyanl\u0131d\u0131r. Bu c\u00fcr ittihamlar varsa, \u0259sasland\u0131r\u0131lmal\u0131d\u0131r. \u00c7\u00fcnki Amerika x\u0259fiyy\u0259 d\u00f6vl\u0259ti olsa da, \u201cagentura \u015f\u0259b\u0259k\u0259si\u201d yaratma\u011fa h\u0259dsiz h\u0259v\u0259sli \u0130ran da deyil&#8230;<\/p>\n<p>Amma Nar\u0131\u015fkinin Bak\u0131dak\u0131 iddialardan sonra bel\u0259 bir x\u0259b\u0259rdarl\u0131qla \u00e7\u0131x\u0131\u015f etm\u0259sini d\u0259 g\u00f6zard\u0131 etm\u0259k olmaz. \u018fn az\u0131 o s\u0259b\u0259bd\u0259n ki, Rusiyada oldu\u011fu kimi, Az\u0259rbaycanda da prezident se\u00e7kisi olacaq&#8230;<\/p>\n","protected":false},"excerpt":{"rendered":"<p>Sergey Nar\u0131\u015fkinin dedikl\u0259rinin \u00f6t\u0259n ilin noyabr\u0131nda Az\u0259rbaycan medias\u0131nda yay\u0131lm\u0131\u015f iddialarla n\u0259 \u0259laq\u0259si? Telekanallar\u0131n Prezident \u0130lham \u018fliyevl\u0259 m\u00fcsahib\u0259sind\u0259 AB\u015e-la r\u0259smi Bak\u0131n\u0131n m\u00fcnasib\u0259tl\u0259ri haqda n\u0259d\u0259ns\u0259, sual verilm\u0259di. D\u00fcnya paktikas\u0131na g\u00f6r\u0259 bu c\u00fcr formatda m\u00fcsahib\u0259l\u0259rd\u0259 suallar bloku ad\u0259t\u0259n, prezidentl\u0259rin m\u0259buat xidm\u0259tl\u0259ri il\u0259 raz\u0131la\u015fd\u0131r\u0131l\u0131r. Amerika-Az\u0259rbaycan m\u00fcnasib\u0259tl\u0259rind\u0259 qeyri-m\u00fc\u0259yy\u0259nlik h\u0259l\u0259 d\u0259 davam etdiyi \u00fc\u00e7\u00fcn r\u0259smi Bak\u0131n\u0131n g\u00f6zl\u0259m\u0259 m\u00f6vqeyin\u0259 \u00fcst\u00fcnl\u00fck verm\u0259si t\u0259biidir. AB\u015e-\u0131n son \u00fc\u00e7 ayda Az\u0259rbaycana m\u00fcnasib\u0259td\u0259 davran\u0131\u015flar\u0131n\u0131n yanl\u0131\u015f oldu\u011fu haqda t\u0259kc\u0259 biz demirik, yax\u0131n \u00f6lk\u0259l\u0259rin ekspertl\u0259ri d\u0259 o r\u0259yd\u0259dir ki, Bak\u0131n\u0131n \u0259n m\u00fcxt\u0259lif s\u0259viyy\u0259l\u0259rd\u0259(b\u0259yanatlarda, hesabatlarda v\u0259 sair\u0259) h\u0259d\u0259f\u0259 g\u00f6t\u00fcrm\u0259si Va\u015finqtona C\u0259nubi Qafqaz siyas\u0259tind\u0259 xeyir g\u0259tir\u0259&hellip;<\/p>\n","protected":false},"author":2,"featured_media":679356,"comment_status":"closed","ping_status":"closed","sticky":false,"template":"","format":"standard","meta":{"om_disable_all_campaigns":false,"_monsterinsights_skip_tracking":false,"_monsterinsights_sitenote_active":false,"_monsterinsights_sitenote_note":"","_monsterinsights_sitenote_category":0},"categories":[19],"tags":[],"aioseo_notices":[],"gutentor_comment":0,"rttpg_featured_image_url":{"full":["https:\/\/arantv.az\/wp-content\/uploads\/2024\/01\/eeec9448fcf57b452f934621a26778df.jpg",870,500,false],"landscape":["https:\/\/arantv.az\/wp-content\/uploads\/2024\/01\/eeec9448fcf57b452f934621a26778df.jpg",870,500,false],"portraits":["https:\/\/arantv.az\/wp-content\/uploads\/2024\/01\/eeec9448fcf57b452f934621a26778df.jpg",870,500,false],"thumbnail":["https:\/\/arantv.az\/wp-content\/uploads\/2024\/01\/eeec9448fcf57b452f934621a26778df-500x280.jpg",500,280,true],"medium":["https:\/\/arantv.az\/wp-content\/uploads\/2024\/01\/eeec9448fcf57b452f934621a26778df-635x365.jpg",635,365,true],"large":["https:\/\/arantv.az\/wp-content\/uploads\/2024\/01\/eeec9448fcf57b452f934621a26778df-840x483.jpg",640,368,true],"1536x1536":["https:\/\/arantv.az\/wp-content\/uploads\/2024\/01\/eeec9448fcf57b452f934621a26778df.jpg",870,500,false],"2048x2048":["https:\/\/arantv.az\/wp-content\/uploads\/2024\/01\/eeec9448fcf57b452f934621a26778df.jpg",870,500,false],"post-thumbnail":["https:\/\/arantv.az\/wp-content\/uploads\/2024\/01\/eeec9448fcf57b452f934621a26778df-240x172.jpg",240,172,true],"advps-thumb-one":["https:\/\/arantv.az\/wp-content\/uploads\/2024\/01\/eeec9448fcf57b452f934621a26778df.jpg",870,500,false]},"rttpg_author":{"display_name":"V\u00fcsal Rafiqo\u011flu","author_link":"https:\/\/arantv.az\/?author=2"},"rttpg_comment":0,"rttpg_category":"<a href=\"https:\/\/arantv.az\/?cat=19\" rel=\"category\">G\u00fcnd\u0259m<\/a>","rttpg_excerpt":"Sergey Nar\u0131\u015fkinin dedikl\u0259rinin \u00f6t\u0259n ilin noyabr\u0131nda Az\u0259rbaycan medias\u0131nda yay\u0131lm\u0131\u015f iddialarla n\u0259 \u0259laq\u0259si? Telekanallar\u0131n Prezident \u0130lham \u018fliyevl\u0259 m\u00fcsahib\u0259sind\u0259 AB\u015e-la r\u0259smi Bak\u0131n\u0131n m\u00fcnasib\u0259tl\u0259ri haqda n\u0259d\u0259ns\u0259, sual verilm\u0259di. D\u00fcnya paktikas\u0131na g\u00f6r\u0259 bu c\u00fcr formatda m\u00fcsahib\u0259l\u0259rd\u0259 suallar bloku ad\u0259t\u0259n, prezidentl\u0259rin m\u0259buat xidm\u0259tl\u0259ri il\u0259 raz\u0131la\u015fd\u0131r\u0131l\u0131r. Amerika-Az\u0259rbaycan m\u00fcnasib\u0259tl\u0259rind\u0259 qeyri-m\u00fc\u0259yy\u0259nlik h\u0259l\u0259 d\u0259 davam etdiyi \u00fc\u00e7\u00fcn r\u0259smi Bak\u0131n\u0131n g\u00f6zl\u0259m\u0259 m\u00f6vqeyin\u0259 \u00fcst\u00fcnl\u00fck verm\u0259si t\u0259biidir.&hellip;","_links":{"self":[{"href":"https:\/\/arantv.az\/index.php?rest_route=\/wp\/v2\/posts\/679355"}],"collection":[{"href":"https:\/\/arantv.az\/index.php?rest_route=\/wp\/v2\/posts"}],"about":[{"href":"https:\/\/arantv.az\/index.php?rest_route=\/wp\/v2\/types\/post"}],"author":[{"embeddable":true,"href":"https:\/\/arantv.az\/index.php?rest_route=\/wp\/v2\/users\/2"}],"replies":[{"embeddable":true,"href":"https:\/\/arantv.az\/index.php?rest_route=%2Fwp%2Fv2%2Fcomments&post=679355"}],"version-history":[{"count":0,"href":"https:\/\/arantv.az\/index.php?rest_route=\/wp\/v2\/posts\/679355\/revisions"}],"wp:featuredmedia":[{"embeddable":true,"href":"https:\/\/arantv.az\/index.php?rest_route=\/wp\/v2\/media\/679356"}],"wp:attachment":[{"href":"https:\/\/arantv.az\/index.php?rest_route=%2Fwp%2Fv2%2Fmedia&parent=679355"}],"wp:term":[{"taxonomy":"category","embeddable":true,"href":"https:\/\/arantv.az\/index.php?rest_route=%2Fwp%2Fv2%2Fcategories&post=679355"},{"taxonomy":"post_tag","embeddable":true,"href":"https:\/\/arantv.az\/index.php?rest_route=%2Fwp%2Fv2%2Ftags&post=679355"}],"curies":[{"name":"wp","href":"https:\/\/api.w.org\/{rel}","templated":true}]}}