{"id":679358,"date":"2024-01-12T20:35:16","date_gmt":"2024-01-12T16:35:16","guid":{"rendered":"https:\/\/arantv.az\/?p=679358"},"modified":"2024-01-12T20:35:16","modified_gmt":"2024-01-12T16:35:16","slug":"z%c9%99man%c9%99tcil%c9%99r-sulh%c9%99-qarsi-sazis-ucun-ikit%c9%99r%c9%99fli-format-niy%c9%99-vacibdir","status":"publish","type":"post","link":"https:\/\/arantv.az\/?p=679358","title":{"rendered":"\u201cZ\u0259man\u0259t\u00e7il\u0259r\u201d s\u00fclh\u0259 qar\u015f\u0131: sazi\u015f \u00fc\u00e7\u00fcn ikit\u0259r\u0259fli format niy\u0259 vacibdir?"},"content":{"rendered":"<div class=\"text-content\" data-id=\"\" data-url=\"\">\n<p dir=\"ltr\"><strong>Az\u0259rbaycan v\u0259 Erm\u0259nistan aras\u0131nda s\u00fclh dan\u0131\u015f\u0131qlar\u0131n\u0131n iki m\u00fcst\u0259vid\u0259 apar\u0131lmas\u0131 g\u00fcnd\u0259md\u0259dir: vasit\u0259\u00e7il\u0259rin i\u015ftirak\u0131 il\u0259 apar\u0131lan dan\u0131\u015f\u0131qlar; ikit\u0259r\u0259fli formatda apar\u0131lan dan\u0131\u015f\u0131qlar;<\/strong><\/p>\n<p dir=\"ltr\">44 g\u00fcnl\u00fck m\u00fcharib\u0259d\u0259n sonra \u0259sas dan\u0131\u015f\u0131qlar vasit\u0259\u00e7il\u0259rin i\u015ftirak\u0131 il\u0259 apar\u0131l\u0131b, h\u0259r\u00e7\u0259nd, he\u00e7 bir konkret n\u0259tic\u0259 \u0259ld\u0259 edilm\u0259yib. S\u0259b\u0259b sad\u0259dir: vasit\u0259\u00e7i olaraq i\u015ftirak ed\u0259n t\u0259r\u0259fl\u0259r Bak\u0131 v\u0259 \u0130r\u0259van aras\u0131nda s\u00fclh sazi\u015finin imzalanmas\u0131, regional s\u00fclh\u00fcn \u0259ld\u0259 edilm\u0259sind\u0259n daha \u00e7ox bu prosesd\u0259 \u00f6z maraqlar\u0131n\u0131n t\u0259min edilm\u0259sin\u0259 \u00e7al\u0131\u015f\u0131r. V\u0259 n\u0259tic\u0259 etibaril\u0259 Bak\u0131-\u0130r\u0259van x\u0259ttind\u0259 s\u00fclh dan\u0131\u015f\u0131qlar\u0131 Rusiya v\u0259 Q\u0259rbin t\u0259r\u0259f oldu\u011fu geosiyasi m\u00fcbariz\u0259 predmentin\u0259 \u00e7evrilib.<\/p>\n<p dir=\"ltr\"><strong>Dan\u0131\u015f\u0131qlar\u0131n onun t\u0259\u015fkil etdiyi masada ke\u00e7irilm\u0259sin\u0259 \u00e7al\u0131\u015fan Rusiyan\u0131n bird\u0259n \u00e7ox h\u0259d\u0259fi var:<\/strong><\/p>\n<p dir=\"ltr\">&#8211; Q\u0259rb oyun\u00e7ular\u0131n regiona daxil olmas\u0131n\u0131n qar\u015f\u0131s\u0131n\u0131 almaq;<\/p>\n<p dir=\"ltr\">&#8211; Az\u0259rbaycan v\u0259 Erm\u0259nistan aras\u0131nda \u201chakim rolunu\u201d saxlamaqla regional t\u0259sir r\u0131\u00e7aqlar\u0131n\u0131 g\u00fccl\u0259ndirm\u0259k;<\/p>\n<p dir=\"ltr\">&#8211; Regional kommunikasiyan\u0131n a\u00e7\u0131lmas\u0131nda paya sahib olmaq;<\/p>\n<p dir=\"ltr\">Buna qar\u015f\u0131 \u0259ks-h\u0259ml\u0259 ed\u0259n Q\u0259rbin d\u0259 \u00f6z m\u0259qs\u0259di m\u00f6vcuddur:<\/p>\n<p dir=\"ltr\">&#8211; C\u0259nubi Qafqazda t\u0259sir imkanlar\u0131n\u0131 art\u0131rmaq v\u0259 Rusiyan\u0131 b\u00f6lg\u0259d\u0259 s\u0131x\u0131\u015fd\u0131rmaq;<\/p>\n<p dir=\"ltr\">&#8211; Regional kommunikasiyalarda Rusiyan\u0131n i\u015ftirak\u0131n\u0131n qar\u015f\u0131s\u0131n\u0131 almaq;<\/p>\n<p dir=\"ltr\">Q\u0259rb v\u0259 Rusiyan\u0131n maraq m\u00fcharib\u0259si Bak\u0131 v\u0259 \u0130r\u0259van\u0131n s\u00fclh dan\u0131\u015f\u0131qlar\u0131na t\u00f6hf\u0259 verm\u0259kd\u0259n daha \u00e7ox, mane\u0259l\u0259r yarad\u0131r v\u0259 b\u0259llidir ki, geosiyasi m\u00fcbariz\u0259nin t\u0259r\u0259fl\u0259ri prosesl\u0259r\u0259 m\u00fcdaxil\u0259 etm\u0259k \u00fc\u00e7\u00fcn bir \u00e7ox hallarda Erm\u0259nistan \u00fcz\u0259rind\u0259n oyun qurma\u011fa \u00e7al\u0131\u015f\u0131rlar. Misal \u00fc\u00e7\u00fcn, Rusiya masas\u0131nda hans\u0131sa ir\u0259lil\u0259yi\u015f \u0259ld\u0259 edil\u0259nd\u0259 Q\u0259rb r\u0259smi \u0130r\u0259van \u00fcz\u0259rind\u0259n prosesi tormozlay\u0131r, yaxud \u0259ksin\u0259 &#8211; Rusiya Q\u0259rb masas\u0131ndak\u0131 raz\u0131la\u015fmalar\u0131n praktiki m\u00fcst\u0259vid\u0259 i\u015fl\u0259m\u0259sin\u0259 imkan verm\u0259m\u0259k \u00fc\u00e7\u00fcn Erm\u0259nistandak\u0131 kartlar\u0131n\u0131 i\u015f\u0259 sal\u0131r.<\/p>\n<p dir=\"ltr\"><strong>Bunun fonunda Q\u0259rb v\u0259 Rusiya masas\u0131ndak\u0131 g\u00fcnd\u0259liyin f\u0259rqliliyi d\u0259 t\u0259r\u0259fl\u0259rin raz\u0131la\u015fmas\u0131n\u0131 \u00e7\u0259tinl\u0259\u015fdirir, x\u00fcsusil\u0259 \u00f6hd\u0259likl\u0259rinin icras\u0131ndan qa\u00e7an Erm\u0259nistana prosesi pozmaq \u00fc\u00e7\u00fcn manevr imkanlar\u0131 tan\u0131y\u0131r.<\/strong><\/p>\n<p dir=\"ltr\">&#8211; Rusiya masas\u0131nda regional kommunikasiyalar\u0131n 10 noyabr raz\u0131la\u015fmas\u0131na uy\u011fun a\u00e7\u0131lmas\u0131 ir\u0259li s\u00fcr\u00fcr, o c\u00fcml\u0259d\u0259n, s\u0259rh\u0259din delimitasiyas\u0131n\u0131n SSR\u0130 x\u0259rit\u0259l\u0259rin\u0259 \u0259sas\u0259n apar\u0131lmas\u0131 m\u0259s\u0259l\u0259si aktuald\u0131r;<\/p>\n<p dir=\"ltr\">&#8211; Q\u0259rb masas\u0131nda regional kommunikasiyalar\u0131n Erm\u0259nistan\u0131n maraqlar\u0131na uy\u011fun a\u00e7\u0131lmas\u0131, delimitasiya prosesind\u0259 is\u0259 \u201cg\u00fczg\u00fc prinsipi\u201dnin \u2013 qo\u015funlar\u0131n geri \u00e7\u0259kilm\u0259si ir\u0259li s\u00fcr\u00fcl\u00fcr;<\/p>\n<p dir=\"ltr\">Erm\u0259nistan maraqlar\u0131n\u0131n t\u0259min edilm\u0259si m\u0259qs\u0259dil\u0259 bu iki masa aras\u0131nda var-g\u0259l edir, dan\u0131\u015f\u0131qlar prosesini uzad\u0131r. R\u0259smi \u0130r\u0259van\u0131n haz\u0131rda s\u0259rgil\u0259diyi m\u00f6vqe d\u0259 bundan ibar\u0259tdir. Erm\u0259nistan x\u00fcsusil\u0259 Q\u0259rb masas\u0131nda dan\u0131\u015f\u0131qlar\u0131n davam etdirilm\u0259sin\u0259 \u00e7al\u0131\u015f\u0131r v\u0259 \u0259sas m\u0259qs\u0259di regional kommunikasiyan\u0131n a\u00e7\u0131lmas\u0131nda, el\u0259c\u0259 d\u0259 s\u0259rh\u0259din delimitasiyas\u0131nda maraqlar\u0131n\u0131n t\u0259min edilm\u0259sin\u0259 nail olmaqd\u0131r. Qranada Az\u0259rbaycan\u0131n i\u015ftirak\u0131 il\u0259 ke\u00e7iril\u0259n g\u00f6r\u00fc\u015f v\u0259 q\u0259bul edil\u0259n b\u0259yanat\u0131n m\u0259tni d\u0259 bunu t\u0259sdiq edir. H\u0259r\u00e7\u0259nd, Az\u0259rbaycan bunu q\u0259bul etmir v\u0259 ikit\u0259r\u0259fli fornmat t\u0259klifini ir\u0259li s\u00fcr\u00fcr.<\/p>\n<p dir=\"ltr\">Prosesl\u0259r d\u0259 g\u00f6st\u0259rir ki, s\u00fclh sazi\u015finin imzalanmas\u0131n\u0131n yegan\u0259 yolu m\u00fczakir\u0259l\u0259rin ikit\u0259r\u0259fli formatda apar\u0131lmas\u0131d\u0131r.<\/p>\n<p dir=\"ltr\">Birincisi, bu formatda Bak\u0131-\u0130r\u0259van m\u00fcnasib\u0259tl\u0259rinin, \u00fcmumilikd\u0259 regionun geosiyasi m\u00fcbariz\u0259 poliqonuna \u00e7evrilm\u0259sin\u0259 imkan vermir;<\/p>\n<p dir=\"ltr\">\u0130kincisi, geosiyasi oyun\u00e7ular\u0131n \u00f6z maraqlar\u0131n\u0131n t\u0259min edilm\u0259si namin\u0259 s\u00fclh prosesini pozmas\u0131n\u0131n qar\u015f\u0131s\u0131n\u0131 al\u0131r;<\/p>\n<p dir=\"ltr\">\u00dc\u00e7\u00fcnc\u00fcs\u00fc, 44 g\u00fcnl\u00fck m\u00fcharib\u0259d\u0259n sonra Az\u0259rbaycan v\u0259 Erm\u0259nistan yaln\u0131z ikit\u0259r\u0259fli formatda ciddi raz\u0131la\u015fma v\u0259 bu raz\u0131la\u015fman\u0131n praktiki m\u00fcst\u0259vid\u0259 icras\u0131na nail olub;<\/p>\n<p dir=\"ltr\"><strong>Prezident \u0130lham \u018fliyev d\u0259 yerli telekanallara m\u00fcsahib\u0259sind\u0259 bu m\u0259s\u0259l\u0259y\u0259 toxundu. D\u00f6vl\u0259t ba\u015f\u00e7\u0131s\u0131 b\u0259yan etdi ki, Erm\u0259nistan s\u00fclh m\u00fcqavil\u0259sinin z\u0259man\u0259t\u00e7il\u0259rinin olmas\u0131n\u0131 ist\u0259yir.<\/strong><\/p>\n<p dir=\"ltr\">\u201cBiz hesab edirik ki, buna he\u00e7 bir ehtiyac yoxdur. Bu, iki suveren d\u00f6vl\u0259t aras\u0131nda imzalanacaq s\u00fclh m\u00fcqavil\u0259sidir. Biz orada he\u00e7 bir z\u0259man\u0259t\u00e7il\u0259r\u0259 ehtiyac duymuruq v\u0259 \u0259g\u0259r bu, ikit\u0259r\u0259fli formatda imzalanacaqsa, imzalanmal\u0131d\u0131r. \u018fg\u0259r kims\u0259 k\u00f6m\u0259k etm\u0259k ist\u0259yirs\u0259, biz buna da etiraz etmirik. Ancaq bu k\u00f6m\u0259k el\u0259 olmal\u0131d\u0131r ki, m\u0259cburi olmas\u0131n. \u00c7\u00fcnki b\u0259zil\u0259ri indi yar\u0131\u015fa \u00e7\u0131x\u0131blar ki, dan\u0131\u015f\u0131qlar bu \u00f6lk\u0259d\u0259 ke\u00e7irilsin, o \u00f6lk\u0259d\u0259 ke\u00e7irilsin, ya \u00fc\u00e7\u00fcnc\u00fc \u00f6lk\u0259d\u0259 ke\u00e7irilsin. Bu, bir q\u0259d\u0259r geosiyasi r\u0259qab\u0259t\u0259 b\u0259nz\u0259y\u0259n bir \u015feydir. M\u0259n bunu ist\u0259m\u0259zdim. M\u0259n \u00fcmumiyy\u0259tl\u0259 ist\u0259m\u0259zdim ki, Erm\u0259nistan-Az\u0259rbaycan m\u00fcnasib\u0259tl\u0259ri geosiyasi m\u00f6vzuya \u00e7evrilsin. Bu, bizim iki \u00f6lk\u0259 aras\u0131ndak\u0131 m\u0259s\u0259l\u0259mizdir, \u00f6z\u00fcm\u00fcz d\u0259 bunu h\u0259ll etm\u0259liyik. \u018fg\u0259r raz\u0131l\u0131\u011fa g\u0259ls\u0259k, s\u00fclh m\u00fcqavil\u0259si imzalanacaq. \u018fg\u0259r raz\u0131l\u0131\u011fa g\u0259lm\u0259s\u0259k, dem\u0259li, ya dan\u0131\u015f\u0131qlar davam etdiril\u0259c\u0259k, ya dan\u0131\u015f\u0131qlar dayand\u0131r\u0131lacaq. H\u0259r iki variant da m\u00fcmk\u00fcnd\u00fcr\u201d, &#8211; d\u00f6vl\u0259t ba\u015f\u00e7\u0131s\u0131 bildirib.<\/p>\n<p dir=\"ltr\">R\u0259smi Bak\u0131 s\u00fclh sazi\u015fi \u00fc\u00e7\u00fcn \u00e7\u0131x\u0131\u015f yollar\u0131 t\u0259klif edir, \u0130r\u0259van\u0131n q\u0259bul etm\u0259m\u0259si prosesin uzanmas\u0131na, yaxud \u00fcmumiyy\u0259tl\u0259 ba\u015f tutmamas\u0131na s\u0259b\u0259b olacaq. \u00c7\u00fcnki Erm\u0259nistan\u0131n ist\u0259diyi \u201cbeyn\u0259lxalq z\u0259man\u0259tl\u0259r\u201d regional yaln\u0131z qar\u015f\u0131durma g\u0259tir\u0259c\u0259k. (Asif N\u0259rimanl\u0131, Publika.az)<\/p>\n<\/div>\n<div><\/div>\n<div>\n<div class=\"banner banner-6cdd60ea0045eb7a6ec44c54d29ed402\" data-banner=\"MTg0\"><\/div>\n<\/div>\n","protected":false},"excerpt":{"rendered":"<p>Az\u0259rbaycan v\u0259 Erm\u0259nistan aras\u0131nda s\u00fclh dan\u0131\u015f\u0131qlar\u0131n\u0131n iki m\u00fcst\u0259vid\u0259 apar\u0131lmas\u0131 g\u00fcnd\u0259md\u0259dir: vasit\u0259\u00e7il\u0259rin i\u015ftirak\u0131 il\u0259 apar\u0131lan dan\u0131\u015f\u0131qlar; ikit\u0259r\u0259fli formatda apar\u0131lan dan\u0131\u015f\u0131qlar; 44 g\u00fcnl\u00fck m\u00fcharib\u0259d\u0259n sonra \u0259sas dan\u0131\u015f\u0131qlar vasit\u0259\u00e7il\u0259rin i\u015ftirak\u0131 il\u0259 apar\u0131l\u0131b, h\u0259r\u00e7\u0259nd, he\u00e7 bir konkret n\u0259tic\u0259 \u0259ld\u0259 edilm\u0259yib. S\u0259b\u0259b sad\u0259dir: vasit\u0259\u00e7i olaraq i\u015ftirak ed\u0259n t\u0259r\u0259fl\u0259r Bak\u0131 v\u0259 \u0130r\u0259van aras\u0131nda s\u00fclh sazi\u015finin imzalanmas\u0131, regional s\u00fclh\u00fcn \u0259ld\u0259 edilm\u0259sind\u0259n daha \u00e7ox bu prosesd\u0259 \u00f6z maraqlar\u0131n\u0131n t\u0259min edilm\u0259sin\u0259 \u00e7al\u0131\u015f\u0131r. V\u0259 n\u0259tic\u0259 etibaril\u0259 Bak\u0131-\u0130r\u0259van x\u0259ttind\u0259 s\u00fclh dan\u0131\u015f\u0131qlar\u0131 Rusiya v\u0259 Q\u0259rbin t\u0259r\u0259f oldu\u011fu geosiyasi m\u00fcbariz\u0259 predmentin\u0259 \u00e7evrilib. Dan\u0131\u015f\u0131qlar\u0131n onun t\u0259\u015fkil etdiyi masada ke\u00e7irilm\u0259sin\u0259 \u00e7al\u0131\u015fan Rusiyan\u0131n bird\u0259n \u00e7ox h\u0259d\u0259fi&hellip;<\/p>\n","protected":false},"author":2,"featured_media":679359,"comment_status":"closed","ping_status":"closed","sticky":false,"template":"","format":"standard","meta":{"om_disable_all_campaigns":false,"_monsterinsights_skip_tracking":false,"_monsterinsights_sitenote_active":false,"_monsterinsights_sitenote_note":"","_monsterinsights_sitenote_category":0},"categories":[4],"tags":[],"aioseo_notices":[],"gutentor_comment":0,"rttpg_featured_image_url":{"full":["https:\/\/arantv.az\/wp-content\/uploads\/2024\/01\/7f16bba649adb2fe85d5d433d92c7aeb.jpg",700,450,false],"landscape":["https:\/\/arantv.az\/wp-content\/uploads\/2024\/01\/7f16bba649adb2fe85d5d433d92c7aeb.jpg",700,450,false],"portraits":["https:\/\/arantv.az\/wp-content\/uploads\/2024\/01\/7f16bba649adb2fe85d5d433d92c7aeb.jpg",700,450,false],"thumbnail":["https:\/\/arantv.az\/wp-content\/uploads\/2024\/01\/7f16bba649adb2fe85d5d433d92c7aeb-500x280.jpg",500,280,true],"medium":["https:\/\/arantv.az\/wp-content\/uploads\/2024\/01\/7f16bba649adb2fe85d5d433d92c7aeb-568x365.jpg",568,365,true],"large":["https:\/\/arantv.az\/wp-content\/uploads\/2024\/01\/7f16bba649adb2fe85d5d433d92c7aeb.jpg",640,411,false],"1536x1536":["https:\/\/arantv.az\/wp-content\/uploads\/2024\/01\/7f16bba649adb2fe85d5d433d92c7aeb.jpg",700,450,false],"2048x2048":["https:\/\/arantv.az\/wp-content\/uploads\/2024\/01\/7f16bba649adb2fe85d5d433d92c7aeb.jpg",700,450,false],"post-thumbnail":["https:\/\/arantv.az\/wp-content\/uploads\/2024\/01\/7f16bba649adb2fe85d5d433d92c7aeb-240x172.jpg",240,172,true],"advps-thumb-one":["https:\/\/arantv.az\/wp-content\/uploads\/2024\/01\/7f16bba649adb2fe85d5d433d92c7aeb.jpg",700,450,false]},"rttpg_author":{"display_name":"V\u00fcsal Rafiqo\u011flu","author_link":"https:\/\/arantv.az\/?author=2"},"rttpg_comment":0,"rttpg_category":"<a href=\"https:\/\/arantv.az\/?cat=4\" rel=\"category\">Siyas\u0259t<\/a>","rttpg_excerpt":"Az\u0259rbaycan v\u0259 Erm\u0259nistan aras\u0131nda s\u00fclh dan\u0131\u015f\u0131qlar\u0131n\u0131n iki m\u00fcst\u0259vid\u0259 apar\u0131lmas\u0131 g\u00fcnd\u0259md\u0259dir: vasit\u0259\u00e7il\u0259rin i\u015ftirak\u0131 il\u0259 apar\u0131lan dan\u0131\u015f\u0131qlar; ikit\u0259r\u0259fli formatda apar\u0131lan dan\u0131\u015f\u0131qlar; 44 g\u00fcnl\u00fck m\u00fcharib\u0259d\u0259n sonra \u0259sas dan\u0131\u015f\u0131qlar vasit\u0259\u00e7il\u0259rin i\u015ftirak\u0131 il\u0259 apar\u0131l\u0131b, h\u0259r\u00e7\u0259nd, he\u00e7 bir konkret n\u0259tic\u0259 \u0259ld\u0259 edilm\u0259yib. S\u0259b\u0259b sad\u0259dir: vasit\u0259\u00e7i olaraq i\u015ftirak ed\u0259n t\u0259r\u0259fl\u0259r Bak\u0131 v\u0259 \u0130r\u0259van aras\u0131nda s\u00fclh sazi\u015finin imzalanmas\u0131, regional s\u00fclh\u00fcn \u0259ld\u0259 edilm\u0259sind\u0259n daha&hellip;","_links":{"self":[{"href":"https:\/\/arantv.az\/index.php?rest_route=\/wp\/v2\/posts\/679358"}],"collection":[{"href":"https:\/\/arantv.az\/index.php?rest_route=\/wp\/v2\/posts"}],"about":[{"href":"https:\/\/arantv.az\/index.php?rest_route=\/wp\/v2\/types\/post"}],"author":[{"embeddable":true,"href":"https:\/\/arantv.az\/index.php?rest_route=\/wp\/v2\/users\/2"}],"replies":[{"embeddable":true,"href":"https:\/\/arantv.az\/index.php?rest_route=%2Fwp%2Fv2%2Fcomments&post=679358"}],"version-history":[{"count":0,"href":"https:\/\/arantv.az\/index.php?rest_route=\/wp\/v2\/posts\/679358\/revisions"}],"wp:featuredmedia":[{"embeddable":true,"href":"https:\/\/arantv.az\/index.php?rest_route=\/wp\/v2\/media\/679359"}],"wp:attachment":[{"href":"https:\/\/arantv.az\/index.php?rest_route=%2Fwp%2Fv2%2Fmedia&parent=679358"}],"wp:term":[{"taxonomy":"category","embeddable":true,"href":"https:\/\/arantv.az\/index.php?rest_route=%2Fwp%2Fv2%2Fcategories&post=679358"},{"taxonomy":"post_tag","embeddable":true,"href":"https:\/\/arantv.az\/index.php?rest_route=%2Fwp%2Fv2%2Ftags&post=679358"}],"curies":[{"name":"wp","href":"https:\/\/api.w.org\/{rel}","templated":true}]}}