{"id":679376,"date":"2024-01-12T21:22:42","date_gmt":"2024-01-12T17:22:42","guid":{"rendered":"https:\/\/arantv.az\/?p=679376"},"modified":"2024-01-12T21:22:42","modified_gmt":"2024-01-12T17:22:42","slug":"m%c9%99d%c9%99ni-irs-abid%c9%99l%c9%99rin%c9%99-qarsi-vandalizm-akti-q%c9%99buledilm%c9%99zdir-eviandan-repotaj-foto","status":"publish","type":"post","link":"https:\/\/arantv.az\/?p=679376","title":{"rendered":"\u201cM\u0259d\u0259ni irs abid\u0259l\u0259rin\u0259 qar\u015f\u0131 vandalizm akt\u0131 q\u0259buledilm\u0259zdir\u201d &#8211; Eviandan REPOTAJ + FOTO"},"content":{"rendered":"<p>Fransan\u0131n Evian \u015f\u0259h\u0259rinin sakinl\u0259ri h\u0259mi\u015f\u0259 m\u0259mnuniyy\u0259tl\u0259 seyr etdikl\u0259ri heyk\u0259l\u0259 qar\u015f\u0131 t\u00f6r\u0259dilmi\u015f vandalizm akt\u0131ndan naraz\u0131d\u0131rlar. Onlar bildirirl\u0259r ki, cans\u0131z bir heyk\u0259l\u0259 qar\u015f\u0131 bu c\u00fcr h\u0259r\u0259k\u0259t q\u0259buledilm\u0259zdir v\u0259 ba\u015fa d\u00fc\u015f\u00fcl\u0259n deyil. XIX \u0259sr Az\u0259rbaycan poeziyas\u0131n\u0131n \u0259sas simalar\u0131ndan olan, \u201cG\u00fcl d\u0259ft\u0259ri\u201d ill\u00fcstrasiyal\u0131 \u015feirl\u0259r albomu UNESCO-nun D\u00fcnya Yadda\u015f\u0131n\u0131n Beyn\u0259lxalq Reyestrin\u0259 sal\u0131nm\u0131\u015f, Qaraba\u011f xan\u0131n\u0131n n\u0259v\u0259si Xur\u015fidbanu Nat\u0259van\u0131n Eviandak\u0131 heyk\u0259linin vandalizm akt\u0131na m\u0259ruz qalmas\u0131 yerli sakinl\u0259ri \u015foka sal\u0131b.<\/p>\n<p>AZ\u018fRTAC-\u0131n m\u00fcxbiri hadis\u0259nin ba\u015f verdiyi Evianda olub, yerli sakinl\u0259rin fikirl\u0259rini \u00f6yr\u0259nib.<\/p>\n<p><img src=\"https:\/\/cdn.oxu.az\/uploads\/W1siZiIsIjIwMjQvMDEvMTIvMjAvMTIvMjcvOTQ1ZmRkYjAtNTQzZi00YWMwLTk0ZTgtNzNmMzZiZTg5ZjljLzE3MDUwNjU4NzAxMzU3MzE2NjU4XzEyMDB4NjMwLmpwZyJdLFsicCIsImVuY29kZSIsImpwZyIsIi1xdWFsaXR5IDgwIl0sWyJwIiwidGh1bWIiLCI1OTB4NTkwXHUwMDNlIl1d?sha=2977ba969c2dc325\" alt=\"\" \/><\/p>\n<p>Yerli sakin \u015eambiyon Kolet bildirib: \u201cM\u0259d\u0259ni irs abid\u0259l\u0259rin\u0259 qar\u015f\u0131 vandalizm akt\u0131 q\u0259buledilm\u0259zdir. Yayda burada oturanda bu heyk\u0259l g\u00f6zl\u0259r\u0259 m\u0259mnuniyy\u0259t idi. \u00c7ox g\u00f6z\u0259l heyk\u0259ldir. T\u0259\u0259ss\u00fcf ki, bu heyk\u0259l vandalizm akt\u0131na m\u0259ruz qal\u0131b. Bunu t\u00f6r\u0259d\u0259nl\u0259r insanl\u0131qdan uzaq olanlard\u0131r\u201d.<\/p>\n<p>Ad\u0131n\u0131n a\u00e7\u0131qlanmas\u0131n\u0131 ist\u0259m\u0259y\u0259n dig\u0259r sakin deyib ki, harada olmas\u0131ndan as\u0131l\u0131 olmayaraq, b\u00fct\u00fcn m\u0259d\u0259ni irs abid\u0259l\u0259ri qorunub saxlan\u0131lmal\u0131 v\u0259 insanlar onlara h\u00f6rm\u0259tl\u0259 yana\u015fmal\u0131d\u0131rlar. M\u0259d\u0259ni irs abid\u0259l\u0259ri birg\u0259 m\u0259d\u0259niyy\u0259timizi, xalqlar aras\u0131nda k\u00f6rp\u00fcn\u00fc \u0259ks etdirir. M\u0259d\u0259ni irs olan heyk\u0259lin vandalizm\u0259 m\u0259ruz qalmas\u0131 ke\u00e7mi\u015fimiz\u0259, tariximiz\u0259 qar\u015f\u0131 olan vandalizm akt\u0131d\u0131r. Bu q\u0259buledilm\u0259z bir h\u0259r\u0259k\u0259tdir.<\/p>\n<p><img src=\"https:\/\/cdn.oxu.az\/uploads\/W1siZiIsIjIwMjQvMDEvMTIvMjAvMTIvMjcvMGQ5NjFkMmEtMjIwZS00MTg3LWI2YjItMTgxOWJhZDg4ZjhkLzE3MDUwNjU4NzA1NzIxMDQ5MzczXzEyMDB4NjMwLmpwZyJdLFsicCIsImVuY29kZSIsImpwZyIsIi1xdWFsaXR5IDgwIl0sWyJwIiwidGh1bWIiLCI1OTB4NTkwXHUwMDNlIl1d?sha=b0441c05a02a2544\" alt=\"\" \/><\/p>\n<p>Evianda ya\u015fayan Natali Mo\u011fel is\u0259 qeyd edib: \u201cBura sakit, insanlar\u0131n dinc\u0259ldiyi bir m\u0259kand\u0131r. Bu axmaql\u0131qd\u0131r. Bu, bir m\u0259d\u0259niyy\u0259t n\u00fcmun\u0259sidir, \u015fair\u0259nin heyk\u0259lidir. Bu, siyas\u0259t deyil, m\u0259d\u0259niyy\u0259tdir. Bunu h\u0259r k\u0259s anlamal\u0131d\u0131r\u201d.<\/p>\n<p>Ad\u0131n\u0131n \u00e7\u0259kilm\u0259sini ist\u0259m\u0259y\u0259n dig\u0259r sakin deyib ki, bu heyk\u0259l\u0259 qar\u015f\u0131 vandalizm akt\u0131 b\u00f6y\u00fck qalmaqald\u0131r. Heyk\u0259l\u0259 qar\u015f\u0131 bu m\u00fcnasib\u0259t n\u0259y\u0259 xidm\u0259t ed\u0259 bil\u0259r? Bu, mill\u0259t\u00e7iliyin n\u00fcmun\u0259sidir. Xarici \u015fair\u0259 oldu\u011fu \u00fc\u00e7\u00fcn mill\u0259t\u00e7il\u0259r bel\u0259 bir akt t\u00f6r\u0259d\u0259 bil\u0259rl\u0259r. Fransada mill\u0259t\u00e7ilik v\u0259 irq\u00e7ilik m\u00f6vcuddur, son vaxtlar xaricil\u0259r\u0259 qar\u015f\u0131 irq\u00e7i m\u00fcnasib\u0259tl\u0259r daha da art\u0131b.<\/p>\n<p>\u201cHeyk\u0259l\u0259 qar\u015f\u0131 bel\u0259 vandalizm akt\u0131 q\u0259buledilm\u0259zdir. \u0130nsanlar m\u0259d\u0259niyy\u0259t abid\u0259l\u0259rin\u0259 h\u00f6rm\u0259tl\u0259 yana\u015fmal\u0131d\u0131rlar. Bu heyk\u0259l\u0259 qar\u015f\u0131 vandalizmi he\u00e7 c\u00fcr anlaya bilmirik. Bunu t\u00f6r\u0259d\u0259nl\u0259rin insan olmas\u0131na bel\u0259 \u015f\u00fcbh\u0259 yaran\u0131r. Normal insan bel\u0259 h\u0259r\u0259k\u0259t etm\u0259z\u201d, &#8211; dey\u0259 evianl\u0131 Rojeb Latfi bildirib.<\/p>\n","protected":false},"excerpt":{"rendered":"<p>Fransan\u0131n Evian \u015f\u0259h\u0259rinin sakinl\u0259ri h\u0259mi\u015f\u0259 m\u0259mnuniyy\u0259tl\u0259 seyr etdikl\u0259ri heyk\u0259l\u0259 qar\u015f\u0131 t\u00f6r\u0259dilmi\u015f vandalizm akt\u0131ndan naraz\u0131d\u0131rlar. Onlar bildirirl\u0259r ki, cans\u0131z bir heyk\u0259l\u0259 qar\u015f\u0131 bu c\u00fcr h\u0259r\u0259k\u0259t q\u0259buledilm\u0259zdir v\u0259 ba\u015fa d\u00fc\u015f\u00fcl\u0259n deyil. XIX \u0259sr Az\u0259rbaycan poeziyas\u0131n\u0131n \u0259sas simalar\u0131ndan olan, \u201cG\u00fcl d\u0259ft\u0259ri\u201d ill\u00fcstrasiyal\u0131 \u015feirl\u0259r albomu UNESCO-nun D\u00fcnya Yadda\u015f\u0131n\u0131n Beyn\u0259lxalq Reyestrin\u0259 sal\u0131nm\u0131\u015f, Qaraba\u011f xan\u0131n\u0131n n\u0259v\u0259si Xur\u015fidbanu Nat\u0259van\u0131n Eviandak\u0131 heyk\u0259linin vandalizm akt\u0131na m\u0259ruz qalmas\u0131 yerli sakinl\u0259ri \u015foka sal\u0131b. AZ\u018fRTAC-\u0131n m\u00fcxbiri hadis\u0259nin ba\u015f verdiyi Evianda olub, yerli sakinl\u0259rin fikirl\u0259rini \u00f6yr\u0259nib. Yerli sakin \u015eambiyon Kolet bildirib: \u201cM\u0259d\u0259ni irs abid\u0259l\u0259rin\u0259 qar\u015f\u0131 vandalizm akt\u0131 q\u0259buledilm\u0259zdir. Yayda burada oturanda bu heyk\u0259l&hellip;<\/p>\n","protected":false},"author":2,"featured_media":679377,"comment_status":"closed","ping_status":"closed","sticky":false,"template":"","format":"standard","meta":{"om_disable_all_campaigns":false,"_monsterinsights_skip_tracking":false,"_monsterinsights_sitenote_active":false,"_monsterinsights_sitenote_note":"","_monsterinsights_sitenote_category":0},"categories":[1],"tags":[],"aioseo_notices":[],"gutentor_comment":0,"rttpg_featured_image_url":{"full":["https:\/\/arantv.az\/wp-content\/uploads\/2024\/01\/FotoJet-8-4.jpg",620,413,false],"landscape":["https:\/\/arantv.az\/wp-content\/uploads\/2024\/01\/FotoJet-8-4.jpg",620,413,false],"portraits":["https:\/\/arantv.az\/wp-content\/uploads\/2024\/01\/FotoJet-8-4.jpg",620,413,false],"thumbnail":["https:\/\/arantv.az\/wp-content\/uploads\/2024\/01\/FotoJet-8-4-500x280.jpg",500,280,true],"medium":["https:\/\/arantv.az\/wp-content\/uploads\/2024\/01\/FotoJet-8-4-548x365.jpg",548,365,true],"large":["https:\/\/arantv.az\/wp-content\/uploads\/2024\/01\/FotoJet-8-4.jpg",620,413,false],"1536x1536":["https:\/\/arantv.az\/wp-content\/uploads\/2024\/01\/FotoJet-8-4.jpg",620,413,false],"2048x2048":["https:\/\/arantv.az\/wp-content\/uploads\/2024\/01\/FotoJet-8-4.jpg",620,413,false],"post-thumbnail":["https:\/\/arantv.az\/wp-content\/uploads\/2024\/01\/FotoJet-8-4-240x172.jpg",240,172,true],"advps-thumb-one":["https:\/\/arantv.az\/wp-content\/uploads\/2024\/01\/FotoJet-8-4.jpg",620,413,false]},"rttpg_author":{"display_name":"V\u00fcsal Rafiqo\u011flu","author_link":"https:\/\/arantv.az\/?author=2"},"rttpg_comment":0,"rttpg_category":"<a href=\"https:\/\/arantv.az\/?cat=1\" rel=\"category\">C\u0259miyy\u0259t<\/a>","rttpg_excerpt":"Fransan\u0131n Evian \u015f\u0259h\u0259rinin sakinl\u0259ri h\u0259mi\u015f\u0259 m\u0259mnuniyy\u0259tl\u0259 seyr etdikl\u0259ri heyk\u0259l\u0259 qar\u015f\u0131 t\u00f6r\u0259dilmi\u015f vandalizm akt\u0131ndan naraz\u0131d\u0131rlar. Onlar bildirirl\u0259r ki, cans\u0131z bir heyk\u0259l\u0259 qar\u015f\u0131 bu c\u00fcr h\u0259r\u0259k\u0259t q\u0259buledilm\u0259zdir v\u0259 ba\u015fa d\u00fc\u015f\u00fcl\u0259n deyil. XIX \u0259sr Az\u0259rbaycan poeziyas\u0131n\u0131n \u0259sas simalar\u0131ndan olan, \u201cG\u00fcl d\u0259ft\u0259ri\u201d ill\u00fcstrasiyal\u0131 \u015feirl\u0259r albomu UNESCO-nun D\u00fcnya Yadda\u015f\u0131n\u0131n Beyn\u0259lxalq Reyestrin\u0259 sal\u0131nm\u0131\u015f, Qaraba\u011f xan\u0131n\u0131n n\u0259v\u0259si Xur\u015fidbanu Nat\u0259van\u0131n Eviandak\u0131 heyk\u0259linin vandalizm&hellip;","_links":{"self":[{"href":"https:\/\/arantv.az\/index.php?rest_route=\/wp\/v2\/posts\/679376"}],"collection":[{"href":"https:\/\/arantv.az\/index.php?rest_route=\/wp\/v2\/posts"}],"about":[{"href":"https:\/\/arantv.az\/index.php?rest_route=\/wp\/v2\/types\/post"}],"author":[{"embeddable":true,"href":"https:\/\/arantv.az\/index.php?rest_route=\/wp\/v2\/users\/2"}],"replies":[{"embeddable":true,"href":"https:\/\/arantv.az\/index.php?rest_route=%2Fwp%2Fv2%2Fcomments&post=679376"}],"version-history":[{"count":0,"href":"https:\/\/arantv.az\/index.php?rest_route=\/wp\/v2\/posts\/679376\/revisions"}],"wp:featuredmedia":[{"embeddable":true,"href":"https:\/\/arantv.az\/index.php?rest_route=\/wp\/v2\/media\/679377"}],"wp:attachment":[{"href":"https:\/\/arantv.az\/index.php?rest_route=%2Fwp%2Fv2%2Fmedia&parent=679376"}],"wp:term":[{"taxonomy":"category","embeddable":true,"href":"https:\/\/arantv.az\/index.php?rest_route=%2Fwp%2Fv2%2Fcategories&post=679376"},{"taxonomy":"post_tag","embeddable":true,"href":"https:\/\/arantv.az\/index.php?rest_route=%2Fwp%2Fv2%2Ftags&post=679376"}],"curies":[{"name":"wp","href":"https:\/\/api.w.org\/{rel}","templated":true}]}}