{"id":679387,"date":"2024-01-13T09:18:43","date_gmt":"2024-01-13T05:18:43","guid":{"rendered":"https:\/\/arantv.az\/?p=679387"},"modified":"2024-01-13T09:18:43","modified_gmt":"2024-01-13T05:18:43","slug":"az%c9%99rbaycanda-musahid%c9%99-edil%c9%99n-faktiki-hava-17","status":"publish","type":"post","link":"https:\/\/arantv.az\/?p=679387","title":{"rendered":"Az\u0259rbaycanda m\u00fc\u015fahid\u0259 edil\u0259n FAKT\u0130K\u0130 HAVA"},"content":{"rendered":"<p>Ekologiya v\u0259 T\u0259bii S\u0259rv\u0259tl\u0259r Nazirliyinin Milli Hidrometeorologiya Xidm\u0259tinin Milli Hidrometeorologiya Xidm\u0259tinin yanvar\u0131n 13-\u00fc saat 09:00-a olan m\u0259lumat\u0131na \u0259sas\u0259n, yanvar\u0131n 12-si ax\u015fam q\u0259rb rayonlar\u0131ndan ba\u015flayaraq hava \u015f\u0259raiti d\u0259yi\u015fib, b\u0259zi yerl\u0259rd\u0259 ya\u011f\u0131\u015f, da\u011fl\u0131q v\u0259 da\u011f\u0259t\u0259yi rayonlarda qar ya\u011f\u0131b, Bak\u0131da v\u0259 Ab\u015feron yar\u0131madas\u0131nda s\u0259h\u0259r saatlar\u0131ndan ya\u011f\u0131\u015f ya\u011f\u0131r, \u015fimal-q\u0259rb k\u00fcl\u0259yi ayr\u0131-ayr\u0131 yerl\u0259rd\u0259 arabir g\u00fccl\u0259nib.<\/p>\n<p>Qurumdan bildirilib ki, k\u00fcl\u0259yin maksimal s\u00fcr\u0259ti Bak\u0131da v\u0259 Ab\u015feron yar\u0131madas\u0131nda 25-28 m\/s-d\u0259k, Ming\u0259\u00e7evird\u0259 25 m\/s, Naftalanda 22 m\/s, Goranboyda 19 m\/s, Lerik, T\u0259rt\u0259rd\u0259 18 m\/s-d\u0259k g\u00fccl\u0259nib.<\/p>\n<p>Neft Da\u015flar\u0131 stansiyas\u0131n\u0131n m\u0259lumat\u0131na \u0259sas\u0259n, dal\u011fan\u0131n h\u00fcnd\u00fcrl\u00fcy\u00fc 2,5 metr\u0259 \u00e7at\u0131b.<\/p>\n<p>Qar \u00f6rt\u00fcy\u00fcn\u00fcn h\u00fcnd\u00fcrl\u00fcy\u00fc Qaxda (Sar\u0131ba\u015f) 12 sm, Qr\u0131zda 10 sm, G\u00f6yg\u00f6l, \u015e\u0259kid\u0259 (Ki\u015f\u00e7ay) 7 sm, G\u0259d\u0259b\u0259yd\u0259 6 sm, Alt\u0131a\u011facda 3 sm, Qubada 2 sm, Xaltan, Qusarda 1 sm olub.<\/p>\n<p>\u015eahbuz, Balak\u0259n, Da\u015fk\u0259s\u0259n, Q\u0259b\u0259l\u0259, G\u00f6yg\u00f6l, \u015eamax\u0131, G\u00f6y\u00e7ay, Qr\u0131zda is\u0259 duman m\u00fc\u015fahid\u0259 olunub.<\/p>\n<p>\u00d6lk\u0259 \u0259razisind\u0259 k\u00fcl\u0259kli hava \u015f\u0259raiti yanvar\u0131n 14-d\u0259k, ya\u011f\u0131nt\u0131l\u0131 hava \u015f\u0259raiti is\u0259 15-d\u0259k davam ed\u0259c\u0259k.<\/p>\n","protected":false},"excerpt":{"rendered":"<p>Ekologiya v\u0259 T\u0259bii S\u0259rv\u0259tl\u0259r Nazirliyinin Milli Hidrometeorologiya Xidm\u0259tinin Milli Hidrometeorologiya Xidm\u0259tinin yanvar\u0131n 13-\u00fc saat 09:00-a olan m\u0259lumat\u0131na \u0259sas\u0259n, yanvar\u0131n 12-si ax\u015fam q\u0259rb rayonlar\u0131ndan ba\u015flayaraq hava \u015f\u0259raiti d\u0259yi\u015fib, b\u0259zi yerl\u0259rd\u0259 ya\u011f\u0131\u015f, da\u011fl\u0131q v\u0259 da\u011f\u0259t\u0259yi rayonlarda qar ya\u011f\u0131b, Bak\u0131da v\u0259 Ab\u015feron yar\u0131madas\u0131nda s\u0259h\u0259r saatlar\u0131ndan ya\u011f\u0131\u015f ya\u011f\u0131r, \u015fimal-q\u0259rb k\u00fcl\u0259yi ayr\u0131-ayr\u0131 yerl\u0259rd\u0259 arabir g\u00fccl\u0259nib. Qurumdan bildirilib ki, k\u00fcl\u0259yin maksimal s\u00fcr\u0259ti Bak\u0131da v\u0259 Ab\u015feron yar\u0131madas\u0131nda 25-28 m\/s-d\u0259k, Ming\u0259\u00e7evird\u0259 25 m\/s, Naftalanda 22 m\/s, Goranboyda 19 m\/s, Lerik, T\u0259rt\u0259rd\u0259 18 m\/s-d\u0259k g\u00fccl\u0259nib. Neft Da\u015flar\u0131 stansiyas\u0131n\u0131n m\u0259lumat\u0131na \u0259sas\u0259n, dal\u011fan\u0131n h\u00fcnd\u00fcrl\u00fcy\u00fc 2,5 metr\u0259 \u00e7at\u0131b. Qar \u00f6rt\u00fcy\u00fcn\u00fcn h\u00fcnd\u00fcrl\u00fcy\u00fc Qaxda&hellip;<\/p>\n","protected":false},"author":2,"featured_media":679251,"comment_status":"closed","ping_status":"closed","sticky":false,"template":"","format":"standard","meta":{"om_disable_all_campaigns":false,"_monsterinsights_skip_tracking":false,"_monsterinsights_sitenote_active":false,"_monsterinsights_sitenote_note":"","_monsterinsights_sitenote_category":0},"categories":[22],"tags":[],"aioseo_notices":[],"gutentor_comment":0,"rttpg_featured_image_url":{"full":["https:\/\/arantv.az\/wp-content\/uploads\/2024\/01\/ccf646531c54fab1be4ffd0936512fcb.jpg",870,500,false],"landscape":["https:\/\/arantv.az\/wp-content\/uploads\/2024\/01\/ccf646531c54fab1be4ffd0936512fcb.jpg",870,500,false],"portraits":["https:\/\/arantv.az\/wp-content\/uploads\/2024\/01\/ccf646531c54fab1be4ffd0936512fcb.jpg",870,500,false],"thumbnail":["https:\/\/arantv.az\/wp-content\/uploads\/2024\/01\/ccf646531c54fab1be4ffd0936512fcb-500x280.jpg",500,280,true],"medium":["https:\/\/arantv.az\/wp-content\/uploads\/2024\/01\/ccf646531c54fab1be4ffd0936512fcb-635x365.jpg",635,365,true],"large":["https:\/\/arantv.az\/wp-content\/uploads\/2024\/01\/ccf646531c54fab1be4ffd0936512fcb-840x483.jpg",640,368,true],"1536x1536":["https:\/\/arantv.az\/wp-content\/uploads\/2024\/01\/ccf646531c54fab1be4ffd0936512fcb.jpg",870,500,false],"2048x2048":["https:\/\/arantv.az\/wp-content\/uploads\/2024\/01\/ccf646531c54fab1be4ffd0936512fcb.jpg",870,500,false],"post-thumbnail":["https:\/\/arantv.az\/wp-content\/uploads\/2024\/01\/ccf646531c54fab1be4ffd0936512fcb-240x172.jpg",240,172,true],"advps-thumb-one":["https:\/\/arantv.az\/wp-content\/uploads\/2024\/01\/ccf646531c54fab1be4ffd0936512fcb.jpg",870,500,false]},"rttpg_author":{"display_name":"V\u00fcsal Rafiqo\u011flu","author_link":"https:\/\/arantv.az\/?author=2"},"rttpg_comment":0,"rttpg_category":"<a href=\"https:\/\/arantv.az\/?cat=22\" rel=\"category\">Hava<\/a>","rttpg_excerpt":"Ekologiya v\u0259 T\u0259bii S\u0259rv\u0259tl\u0259r Nazirliyinin Milli Hidrometeorologiya Xidm\u0259tinin Milli Hidrometeorologiya Xidm\u0259tinin yanvar\u0131n 13-\u00fc saat 09:00-a olan m\u0259lumat\u0131na \u0259sas\u0259n, yanvar\u0131n 12-si ax\u015fam q\u0259rb rayonlar\u0131ndan ba\u015flayaraq hava \u015f\u0259raiti d\u0259yi\u015fib, b\u0259zi yerl\u0259rd\u0259 ya\u011f\u0131\u015f, da\u011fl\u0131q v\u0259 da\u011f\u0259t\u0259yi rayonlarda qar ya\u011f\u0131b, Bak\u0131da v\u0259 Ab\u015feron yar\u0131madas\u0131nda s\u0259h\u0259r saatlar\u0131ndan ya\u011f\u0131\u015f ya\u011f\u0131r, \u015fimal-q\u0259rb k\u00fcl\u0259yi ayr\u0131-ayr\u0131 yerl\u0259rd\u0259 arabir g\u00fccl\u0259nib. Qurumdan bildirilib ki, k\u00fcl\u0259yin maksimal&hellip;","_links":{"self":[{"href":"https:\/\/arantv.az\/index.php?rest_route=\/wp\/v2\/posts\/679387"}],"collection":[{"href":"https:\/\/arantv.az\/index.php?rest_route=\/wp\/v2\/posts"}],"about":[{"href":"https:\/\/arantv.az\/index.php?rest_route=\/wp\/v2\/types\/post"}],"author":[{"embeddable":true,"href":"https:\/\/arantv.az\/index.php?rest_route=\/wp\/v2\/users\/2"}],"replies":[{"embeddable":true,"href":"https:\/\/arantv.az\/index.php?rest_route=%2Fwp%2Fv2%2Fcomments&post=679387"}],"version-history":[{"count":0,"href":"https:\/\/arantv.az\/index.php?rest_route=\/wp\/v2\/posts\/679387\/revisions"}],"wp:featuredmedia":[{"embeddable":true,"href":"https:\/\/arantv.az\/index.php?rest_route=\/wp\/v2\/media\/679251"}],"wp:attachment":[{"href":"https:\/\/arantv.az\/index.php?rest_route=%2Fwp%2Fv2%2Fmedia&parent=679387"}],"wp:term":[{"taxonomy":"category","embeddable":true,"href":"https:\/\/arantv.az\/index.php?rest_route=%2Fwp%2Fv2%2Fcategories&post=679387"},{"taxonomy":"post_tag","embeddable":true,"href":"https:\/\/arantv.az\/index.php?rest_route=%2Fwp%2Fv2%2Ftags&post=679387"}],"curies":[{"name":"wp","href":"https:\/\/api.w.org\/{rel}","templated":true}]}}