{"id":679389,"date":"2024-01-13T09:19:23","date_gmt":"2024-01-13T05:19:23","guid":{"rendered":"https:\/\/arantv.az\/?p=679389"},"modified":"2024-01-13T09:19:23","modified_gmt":"2024-01-13T05:19:23","slug":"aleksandr-ribak-s%c9%99bin%c9%99-babayeva-il%c9%99-duet-oxuyacaq-aciqlama-foto","status":"publish","type":"post","link":"https:\/\/arantv.az\/?p=679389","title":{"rendered":"Aleksandr R\u0131bak S\u0259bin\u0259 Babayeva il\u0259 duet oxuyacaq &#8211; A\u00c7IQLAMA + FOTO"},"content":{"rendered":"<p>\u201cAvroviziya 2009\u201d beyn\u0259lxalq musiqi m\u00fcsabiq\u0259sinin qalibi, m\u0259\u015fhur \u201cFairytale\u201d mahn\u0131s\u0131 il\u0259 b\u00fct\u00fcn d\u00fcnyada tan\u0131nan m\u00fc\u011f\u0259nni Aleksandr R\u0131bak ilk d\u0259f\u0259 Bak\u0131da fevral\u0131n 28-\u00a0v\u0259 29-da Heyd\u0259r \u018fliyev Saray\u0131nda solo konserti il\u0259\u00a0<a href=\"https:\/\/oxu.az\/showbiz\/824380\" target=\"_blank\" rel=\"noopener\">\u00e7\u0131x\u0131\u015f ed\u0259c\u0259k<\/a>.<\/p>\n<p>R\u0131bak\u0131n Bak\u0131 konsertind\u0259 \u201cAvroviziya\u201ddak\u0131 h\u0259mkar\u0131, Az\u0259rbaycan\u0131n \u018fm\u0259kdar artisti S\u0259bin\u0259 Babayevan\u0131n da \u00e7\u0131x\u0131\u015f ed\u0259c\u0259yi bildirilir.<\/p>\n<p>Konsertd\u0259 az\u0259rbaycanl\u0131 m\u00fc\u011f\u0259nnil\u0259rd\u0259n s\u0131rf S\u0259bin\u0259 Babayevan\u0131n i\u015ftirak\u0131 h\u0259r k\u0259s t\u0259r\u0259find\u0259n maraqla qar\u015f\u0131lan\u0131b.<\/p>\n<p><strong>Oxu.Az<\/strong>-\u0131n \u0259m\u0259kda\u015f\u0131 \u018fm\u0259kdar artist\u00a0<strong>S\u0259bin\u0259 Babayeva<\/strong>\u00a0il\u0259 dan\u0131\u015f\u0131b.<\/p>\n<p><img src=\"https:\/\/cdn.oxu.az\/uploads\/W1siZiIsIjIwMjQvMDEvMTIvMTYvMTgvMTkvNjM1YzExODQtNzBkZi00ZGFlLTkzZWYtNGVmY2Y0MWI4MjQzL2hhZ2FnYWdhZ2FnYWdhZ2FnYWdhZ2FnYWdhZ2dhLmpwZyJdLFsicCIsImVuY29kZSIsImpwZyIsIi1xdWFsaXR5IDgwIl0sWyJwIiwidGh1bWIiLCI1OTB4NTkwXHUwMDNlIl1d?sha=dd62868553521bcb\" alt=\"\" \/><\/p>\n<p>O, t\u0259klifin t\u0259\u015fkilat\u00e7\u0131lardan g\u0259ldiyini qeyd edib:<\/p>\n<p>\u201cM\u0259n bu layih\u0259 il\u0259 ba\u011fl\u0131 \u0259trafl\u0131 m\u0259lumat ver\u0259 bilm\u0259r\u0259m. Yaln\u0131z t\u0259\u015fkilat\u00e7\u0131lar bu bar\u0259d\u0259 dan\u0131\u015fa bil\u0259r. Diqq\u0259tiniz\u0259 g\u00f6r\u0259, t\u0259\u015f\u0259kk\u00fcr edir\u0259m\u201d.<\/p>\n<p>Konsertin t\u0259\u015fkilat\u00e7\u0131s\u0131\u00a0<strong>M\u0259tin N\u0259sirli<\/strong>\u00a0Aleksandr R\u0131bak\u0131n S\u0259bin\u0259 Babayeva il\u0259 dost m\u00fcnasib\u0259tind\u0259 oldu\u011funu qeyd edib:<\/p>\n<p>\u201cS\u0259bin\u0259 xan\u0131m R\u0131bak\u0131n dostlar\u0131ndan biridir. M\u00fc\u0259yy\u0259n t\u0259dbirl\u0259rd\u0259n tan\u0131\u015fd\u0131rlar. O c\u0259h\u0259td\u0259n d\u0259 d\u00fc\u015f\u00fcnd\u00fck ki, maraql\u0131 konsepsiya yaradaq. Onlar\u0131n duet ifalar\u0131 g\u00f6zl\u0259nilir.<\/p>\n<p>F\u0259rqli konsepsiya olacaq. Az\u0259rbaycandan m\u00fc\u011f\u0259nnil\u0259rd\u0259n bir t\u0259k S\u0259bin\u0259 Babayeva s\u0259hn\u0259 alacaq. R\u0131bak 22 n\u0259f\u0259rlik hey\u0259t il\u0259 \u00e7\u0131x\u0131\u015f ed\u0259c\u0259k. X\u00fcsusi \u015fou, maraql\u0131 musiqil\u0259r olacaq. Tama\u015fa\u00e7\u0131lara xo\u015f anlar ya\u015fadacaqlar. Konsert iki g\u00fcn olacaq\u201d.<\/p>\n","protected":false},"excerpt":{"rendered":"<p>\u201cAvroviziya 2009\u201d beyn\u0259lxalq musiqi m\u00fcsabiq\u0259sinin qalibi, m\u0259\u015fhur \u201cFairytale\u201d mahn\u0131s\u0131 il\u0259 b\u00fct\u00fcn d\u00fcnyada tan\u0131nan m\u00fc\u011f\u0259nni Aleksandr R\u0131bak ilk d\u0259f\u0259 Bak\u0131da fevral\u0131n 28-\u00a0v\u0259 29-da Heyd\u0259r \u018fliyev Saray\u0131nda solo konserti il\u0259\u00a0\u00e7\u0131x\u0131\u015f ed\u0259c\u0259k. R\u0131bak\u0131n Bak\u0131 konsertind\u0259 \u201cAvroviziya\u201ddak\u0131 h\u0259mkar\u0131, Az\u0259rbaycan\u0131n \u018fm\u0259kdar artisti S\u0259bin\u0259 Babayevan\u0131n da \u00e7\u0131x\u0131\u015f ed\u0259c\u0259yi bildirilir. Konsertd\u0259 az\u0259rbaycanl\u0131 m\u00fc\u011f\u0259nnil\u0259rd\u0259n s\u0131rf S\u0259bin\u0259 Babayevan\u0131n i\u015ftirak\u0131 h\u0259r k\u0259s t\u0259r\u0259find\u0259n maraqla qar\u015f\u0131lan\u0131b. Oxu.Az-\u0131n \u0259m\u0259kda\u015f\u0131 \u018fm\u0259kdar artist\u00a0S\u0259bin\u0259 Babayeva\u00a0il\u0259 dan\u0131\u015f\u0131b. O, t\u0259klifin t\u0259\u015fkilat\u00e7\u0131lardan g\u0259ldiyini qeyd edib: \u201cM\u0259n bu layih\u0259 il\u0259 ba\u011fl\u0131 \u0259trafl\u0131 m\u0259lumat ver\u0259 bilm\u0259r\u0259m. Yaln\u0131z t\u0259\u015fkilat\u00e7\u0131lar bu bar\u0259d\u0259 dan\u0131\u015fa bil\u0259r. Diqq\u0259tiniz\u0259 g\u00f6r\u0259, t\u0259\u015f\u0259kk\u00fcr edir\u0259m\u201d. Konsertin t\u0259\u015fkilat\u00e7\u0131s\u0131\u00a0M\u0259tin N\u0259sirli\u00a0Aleksandr R\u0131bak\u0131n&hellip;<\/p>\n","protected":false},"author":2,"featured_media":679390,"comment_status":"closed","ping_status":"closed","sticky":false,"template":"","format":"standard","meta":{"om_disable_all_campaigns":false,"_monsterinsights_skip_tracking":false,"_monsterinsights_sitenote_active":false,"_monsterinsights_sitenote_note":"","_monsterinsights_sitenote_category":0},"categories":[1],"tags":[],"aioseo_notices":[],"gutentor_comment":0,"rttpg_featured_image_url":{"full":["https:\/\/arantv.az\/wp-content\/uploads\/2024\/01\/FotoJet-2024-01-12T161513.827.jpg",620,413,false],"landscape":["https:\/\/arantv.az\/wp-content\/uploads\/2024\/01\/FotoJet-2024-01-12T161513.827.jpg",620,413,false],"portraits":["https:\/\/arantv.az\/wp-content\/uploads\/2024\/01\/FotoJet-2024-01-12T161513.827.jpg",620,413,false],"thumbnail":["https:\/\/arantv.az\/wp-content\/uploads\/2024\/01\/FotoJet-2024-01-12T161513.827-500x280.jpg",500,280,true],"medium":["https:\/\/arantv.az\/wp-content\/uploads\/2024\/01\/FotoJet-2024-01-12T161513.827-548x365.jpg",548,365,true],"large":["https:\/\/arantv.az\/wp-content\/uploads\/2024\/01\/FotoJet-2024-01-12T161513.827.jpg",620,413,false],"1536x1536":["https:\/\/arantv.az\/wp-content\/uploads\/2024\/01\/FotoJet-2024-01-12T161513.827.jpg",620,413,false],"2048x2048":["https:\/\/arantv.az\/wp-content\/uploads\/2024\/01\/FotoJet-2024-01-12T161513.827.jpg",620,413,false],"post-thumbnail":["https:\/\/arantv.az\/wp-content\/uploads\/2024\/01\/FotoJet-2024-01-12T161513.827-240x172.jpg",240,172,true],"advps-thumb-one":["https:\/\/arantv.az\/wp-content\/uploads\/2024\/01\/FotoJet-2024-01-12T161513.827.jpg",620,413,false]},"rttpg_author":{"display_name":"V\u00fcsal Rafiqo\u011flu","author_link":"https:\/\/arantv.az\/?author=2"},"rttpg_comment":0,"rttpg_category":"<a href=\"https:\/\/arantv.az\/?cat=1\" rel=\"category\">C\u0259miyy\u0259t<\/a>","rttpg_excerpt":"\u201cAvroviziya 2009\u201d beyn\u0259lxalq musiqi m\u00fcsabiq\u0259sinin qalibi, m\u0259\u015fhur \u201cFairytale\u201d mahn\u0131s\u0131 il\u0259 b\u00fct\u00fcn d\u00fcnyada tan\u0131nan m\u00fc\u011f\u0259nni Aleksandr R\u0131bak ilk d\u0259f\u0259 Bak\u0131da fevral\u0131n 28-\u00a0v\u0259 29-da Heyd\u0259r \u018fliyev Saray\u0131nda solo konserti il\u0259\u00a0\u00e7\u0131x\u0131\u015f ed\u0259c\u0259k. R\u0131bak\u0131n Bak\u0131 konsertind\u0259 \u201cAvroviziya\u201ddak\u0131 h\u0259mkar\u0131, Az\u0259rbaycan\u0131n \u018fm\u0259kdar artisti S\u0259bin\u0259 Babayevan\u0131n da \u00e7\u0131x\u0131\u015f ed\u0259c\u0259yi bildirilir. Konsertd\u0259 az\u0259rbaycanl\u0131 m\u00fc\u011f\u0259nnil\u0259rd\u0259n s\u0131rf S\u0259bin\u0259 Babayevan\u0131n i\u015ftirak\u0131 h\u0259r k\u0259s t\u0259r\u0259find\u0259n maraqla qar\u015f\u0131lan\u0131b.&hellip;","_links":{"self":[{"href":"https:\/\/arantv.az\/index.php?rest_route=\/wp\/v2\/posts\/679389"}],"collection":[{"href":"https:\/\/arantv.az\/index.php?rest_route=\/wp\/v2\/posts"}],"about":[{"href":"https:\/\/arantv.az\/index.php?rest_route=\/wp\/v2\/types\/post"}],"author":[{"embeddable":true,"href":"https:\/\/arantv.az\/index.php?rest_route=\/wp\/v2\/users\/2"}],"replies":[{"embeddable":true,"href":"https:\/\/arantv.az\/index.php?rest_route=%2Fwp%2Fv2%2Fcomments&post=679389"}],"version-history":[{"count":0,"href":"https:\/\/arantv.az\/index.php?rest_route=\/wp\/v2\/posts\/679389\/revisions"}],"wp:featuredmedia":[{"embeddable":true,"href":"https:\/\/arantv.az\/index.php?rest_route=\/wp\/v2\/media\/679390"}],"wp:attachment":[{"href":"https:\/\/arantv.az\/index.php?rest_route=%2Fwp%2Fv2%2Fmedia&parent=679389"}],"wp:term":[{"taxonomy":"category","embeddable":true,"href":"https:\/\/arantv.az\/index.php?rest_route=%2Fwp%2Fv2%2Fcategories&post=679389"},{"taxonomy":"post_tag","embeddable":true,"href":"https:\/\/arantv.az\/index.php?rest_route=%2Fwp%2Fv2%2Ftags&post=679389"}],"curies":[{"name":"wp","href":"https:\/\/api.w.org\/{rel}","templated":true}]}}