{"id":679392,"date":"2024-01-13T09:20:34","date_gmt":"2024-01-13T05:20:34","guid":{"rendered":"https:\/\/arantv.az\/?p=679392"},"modified":"2024-01-13T09:20:34","modified_gmt":"2024-01-13T05:20:34","slug":"zakir-h%c9%99s%c9%99nov-turkiy%c9%99-t%c9%99r%c9%99fin%c9%99-bassagligi-verdi-4","status":"publish","type":"post","link":"https:\/\/arantv.az\/?p=679392","title":{"rendered":"Zakir H\u0259s\u0259nov T\u00fcrkiy\u0259 t\u0259r\u0259fin\u0259 ba\u015fsa\u011fl\u0131\u011f\u0131 verdi"},"content":{"rendered":"<p>Az\u0259rbaycan Respublikas\u0131n\u0131n m\u00fcdafi\u0259 naziri general-polkovnik Zakir H\u0259s\u0259nov T\u00fcrkiy\u0259 Respublikas\u0131n\u0131n milli m\u00fcdafi\u0259 naziri Ya\u015far G\u00fcler\u0259 ba\u015fsa\u011fl\u0131\u011f\u0131 \u00fcnvanlay\u0131b.<\/p>\n<p>M\u00fcdafi\u0259 Nazirliyind\u0259n veril\u0259n m\u0259lumata g\u00f6r\u0259, ba\u015fsa\u011fl\u0131\u011f\u0131nda deyilir:<\/p>\n<p>\u201cCari ilin 12\u00a0 yanvar tarixind\u0259, \u201cPen\u00e7e-Kilit\u201d antiterror \u0259m\u0259liyyat\u0131 b\u00f6lg\u0259sind\u0259 terror t\u0259\u015fkilat\u0131 \u00fczvl\u0259rinin xainc\u0259sin\u0259 h\u00fccumu n\u0259tic\u0259sind\u0259 T\u00fcrkiy\u0259 Silahl\u0131 Q\u00fcvv\u0259l\u0259rinin h\u0259rbi qulluq\u00e7ular\u0131n\u0131n \u015f\u0259hid olmas\u0131 v\u0259 yaralanmas\u0131 bar\u0259d\u0259 x\u0259b\u0259r m\u0259ni h\u0259dsiz k\u0259d\u0259rl\u0259ndirdi.<\/p>\n<p>Sizin k\u0259d\u0259riniz bizim d\u0259 k\u0259d\u0259rimizdir.<\/p>\n<p>Biz terrorun b\u00fct\u00fcn n\u00f6v t\u0259zah\u00fcrl\u0259rini q\u0259tiyy\u0259tl\u0259 q\u0131nay\u0131r\u0131q.<\/p>\n<p>Terrora qar\u015f\u0131 apar\u0131lan k\u0259skin m\u00fcbariz\u0259d\u0259 daima qarda\u015f T\u00fcrkiy\u0259 Silahl\u0131 Q\u00fcvv\u0259l\u0259rinin yan\u0131nday\u0131q v\u0259 d\u0259st\u0259kl\u0259yirik.<\/p>\n<p>Bu hadis\u0259 zaman\u0131 \u015f\u0259hid olmu\u015f q\u0259hr\u0259man t\u00fcrkiy\u0259li \u0259sg\u0259rl\u0259r\u0259 r\u0259hm\u0259t dil\u0259yir, onlar\u0131n yax\u0131nlar\u0131n\u0131n d\u0259rdl\u0259rin\u0259 \u015f\u0259rik olur, ail\u0259l\u0259rin\u0259 d\u0259rin h\u00fcznl\u0259 ba\u015fsa\u011fl\u0131\u011f\u0131 verir\u0259m. B\u00fct\u00fcn yaral\u0131lara Tanr\u0131dan \u015f\u0259fa dil\u0259yir\u0259m.<\/p>\n<p>Allah r\u0259hm\u0259t el\u0259sin\u201d.<\/p>\n","protected":false},"excerpt":{"rendered":"<p>Az\u0259rbaycan Respublikas\u0131n\u0131n m\u00fcdafi\u0259 naziri general-polkovnik Zakir H\u0259s\u0259nov T\u00fcrkiy\u0259 Respublikas\u0131n\u0131n milli m\u00fcdafi\u0259 naziri Ya\u015far G\u00fcler\u0259 ba\u015fsa\u011fl\u0131\u011f\u0131 \u00fcnvanlay\u0131b. M\u00fcdafi\u0259 Nazirliyind\u0259n veril\u0259n m\u0259lumata g\u00f6r\u0259, ba\u015fsa\u011fl\u0131\u011f\u0131nda deyilir: \u201cCari ilin 12\u00a0 yanvar tarixind\u0259, \u201cPen\u00e7e-Kilit\u201d antiterror \u0259m\u0259liyyat\u0131 b\u00f6lg\u0259sind\u0259 terror t\u0259\u015fkilat\u0131 \u00fczvl\u0259rinin xainc\u0259sin\u0259 h\u00fccumu n\u0259tic\u0259sind\u0259 T\u00fcrkiy\u0259 Silahl\u0131 Q\u00fcvv\u0259l\u0259rinin h\u0259rbi qulluq\u00e7ular\u0131n\u0131n \u015f\u0259hid olmas\u0131 v\u0259 yaralanmas\u0131 bar\u0259d\u0259 x\u0259b\u0259r m\u0259ni h\u0259dsiz k\u0259d\u0259rl\u0259ndirdi. Sizin k\u0259d\u0259riniz bizim d\u0259 k\u0259d\u0259rimizdir. Biz terrorun b\u00fct\u00fcn n\u00f6v t\u0259zah\u00fcrl\u0259rini q\u0259tiyy\u0259tl\u0259 q\u0131nay\u0131r\u0131q. Terrora qar\u015f\u0131 apar\u0131lan k\u0259skin m\u00fcbariz\u0259d\u0259 daima qarda\u015f T\u00fcrkiy\u0259 Silahl\u0131 Q\u00fcvv\u0259l\u0259rinin yan\u0131nday\u0131q v\u0259 d\u0259st\u0259kl\u0259yirik. Bu hadis\u0259 zaman\u0131 \u015f\u0259hid olmu\u015f q\u0259hr\u0259man t\u00fcrkiy\u0259li \u0259sg\u0259rl\u0259r\u0259 r\u0259hm\u0259t dil\u0259yir, onlar\u0131n yax\u0131nlar\u0131n\u0131n d\u0259rdl\u0259rin\u0259&hellip;<\/p>\n","protected":false},"author":2,"featured_media":608802,"comment_status":"closed","ping_status":"closed","sticky":false,"template":"","format":"standard","meta":{"om_disable_all_campaigns":false,"_monsterinsights_skip_tracking":false,"_monsterinsights_sitenote_active":false,"_monsterinsights_sitenote_note":"","_monsterinsights_sitenote_category":0},"categories":[10],"tags":[],"aioseo_notices":[],"gutentor_comment":0,"rttpg_featured_image_url":{"full":["https:\/\/arantv.az\/wp-content\/uploads\/2023\/06\/zakir_hesenov_2023.jpg",800,600,false],"landscape":["https:\/\/arantv.az\/wp-content\/uploads\/2023\/06\/zakir_hesenov_2023.jpg",800,600,false],"portraits":["https:\/\/arantv.az\/wp-content\/uploads\/2023\/06\/zakir_hesenov_2023.jpg",800,600,false],"thumbnail":["https:\/\/arantv.az\/wp-content\/uploads\/2023\/06\/zakir_hesenov_2023-500x280.jpg",500,280,true],"medium":["https:\/\/arantv.az\/wp-content\/uploads\/2023\/06\/zakir_hesenov_2023-487x365.jpg",487,365,true],"large":["https:\/\/arantv.az\/wp-content\/uploads\/2023\/06\/zakir_hesenov_2023.jpg",640,480,false],"1536x1536":["https:\/\/arantv.az\/wp-content\/uploads\/2023\/06\/zakir_hesenov_2023.jpg",800,600,false],"2048x2048":["https:\/\/arantv.az\/wp-content\/uploads\/2023\/06\/zakir_hesenov_2023.jpg",800,600,false],"post-thumbnail":["https:\/\/arantv.az\/wp-content\/uploads\/2023\/06\/zakir_hesenov_2023-240x172.jpg",240,172,true],"advps-thumb-one":["https:\/\/arantv.az\/wp-content\/uploads\/2023\/06\/zakir_hesenov_2023.jpg",800,600,false]},"rttpg_author":{"display_name":"V\u00fcsal Rafiqo\u011flu","author_link":"https:\/\/arantv.az\/?author=2"},"rttpg_comment":0,"rttpg_category":"<a href=\"https:\/\/arantv.az\/?cat=10\" rel=\"category\">C\u0259bh\u0259d\u0259n X\u0259b\u0259r<\/a>","rttpg_excerpt":"Az\u0259rbaycan Respublikas\u0131n\u0131n m\u00fcdafi\u0259 naziri general-polkovnik Zakir H\u0259s\u0259nov T\u00fcrkiy\u0259 Respublikas\u0131n\u0131n milli m\u00fcdafi\u0259 naziri Ya\u015far G\u00fcler\u0259 ba\u015fsa\u011fl\u0131\u011f\u0131 \u00fcnvanlay\u0131b. M\u00fcdafi\u0259 Nazirliyind\u0259n veril\u0259n m\u0259lumata g\u00f6r\u0259, ba\u015fsa\u011fl\u0131\u011f\u0131nda deyilir: \u201cCari ilin 12\u00a0 yanvar tarixind\u0259, \u201cPen\u00e7e-Kilit\u201d antiterror \u0259m\u0259liyyat\u0131 b\u00f6lg\u0259sind\u0259 terror t\u0259\u015fkilat\u0131 \u00fczvl\u0259rinin xainc\u0259sin\u0259 h\u00fccumu n\u0259tic\u0259sind\u0259 T\u00fcrkiy\u0259 Silahl\u0131 Q\u00fcvv\u0259l\u0259rinin h\u0259rbi qulluq\u00e7ular\u0131n\u0131n \u015f\u0259hid olmas\u0131 v\u0259 yaralanmas\u0131 bar\u0259d\u0259 x\u0259b\u0259r m\u0259ni h\u0259dsiz k\u0259d\u0259rl\u0259ndirdi. Sizin k\u0259d\u0259riniz bizim&hellip;","_links":{"self":[{"href":"https:\/\/arantv.az\/index.php?rest_route=\/wp\/v2\/posts\/679392"}],"collection":[{"href":"https:\/\/arantv.az\/index.php?rest_route=\/wp\/v2\/posts"}],"about":[{"href":"https:\/\/arantv.az\/index.php?rest_route=\/wp\/v2\/types\/post"}],"author":[{"embeddable":true,"href":"https:\/\/arantv.az\/index.php?rest_route=\/wp\/v2\/users\/2"}],"replies":[{"embeddable":true,"href":"https:\/\/arantv.az\/index.php?rest_route=%2Fwp%2Fv2%2Fcomments&post=679392"}],"version-history":[{"count":0,"href":"https:\/\/arantv.az\/index.php?rest_route=\/wp\/v2\/posts\/679392\/revisions"}],"wp:featuredmedia":[{"embeddable":true,"href":"https:\/\/arantv.az\/index.php?rest_route=\/wp\/v2\/media\/608802"}],"wp:attachment":[{"href":"https:\/\/arantv.az\/index.php?rest_route=%2Fwp%2Fv2%2Fmedia&parent=679392"}],"wp:term":[{"taxonomy":"category","embeddable":true,"href":"https:\/\/arantv.az\/index.php?rest_route=%2Fwp%2Fv2%2Fcategories&post=679392"},{"taxonomy":"post_tag","embeddable":true,"href":"https:\/\/arantv.az\/index.php?rest_route=%2Fwp%2Fv2%2Ftags&post=679392"}],"curies":[{"name":"wp","href":"https:\/\/api.w.org\/{rel}","templated":true}]}}