{"id":679696,"date":"2024-01-14T16:14:43","date_gmt":"2024-01-14T12:14:43","guid":{"rendered":"https:\/\/arantv.az\/?p=679696"},"modified":"2024-01-14T16:14:43","modified_gmt":"2024-01-14T12:14:43","slug":"d%c9%99d%c9%99-qorqudun-ad-verdiyi-k%c9%99ndin-ad%c9%99tl%c9%99ri-video","status":"publish","type":"post","link":"https:\/\/arantv.az\/?p=679696","title":{"rendered":"D\u0259d\u0259 Qorqudun ad verdiyi k\u0259ndin ad\u0259tl\u0259ri &#8211; V\u0130DEO"},"content":{"rendered":"<div class=\"text-content\" data-id=\"\" data-url=\"\">\n<p><strong>Q\u0259rbi Az\u0259rbaycan Xronikas\u0131 layih\u0259si \u00e7\u0259r\u00e7iv\u0259sind\u0259 s\u0259n\u0259t\u015f\u00fcnasl\u0131q \u00fczr\u0259 f\u0259ls\u0259f\u0259 doktoru El\u00e7in \u018flib\u0259ylinin t\u0259qdimat\u0131nda G\u00f6y\u00e7\u0259 mahal\u0131n\u0131n, Basarke\u00e7\u0259r\u00a0rayonunun Babacan k\u0259ndi haqq\u0131nda x\u00fcsusi burax\u0131l\u0131\u015f haz\u0131rlan\u0131b.<\/strong><\/p>\n<p>Verili\u015fd\u0259 Babacan k\u0259ndinin etnoqrafiyas\u0131, toponimi, tarixi, \u0259halisi, relyefi, iqtisadi, m\u0259d\u0259ni h\u0259yat\u0131, Novruz ad\u0259t-\u0259n\u0259n\u0259l\u0259ri, saz-s\u00f6z yarad\u0131c\u0131l\u0131\u011f\u0131 v\u0259 a\u015f\u0131q s\u0259n\u0259tind\u0259n geni\u015f s\u00f6hb\u0259t a\u00e7\u0131l\u0131b.<\/p>\n<p>Bildirilib ki, \u0130r\u0259v\u0430n qub\u0435rniy\u0430s\u0131n\u0131n N\u043ev\u043eb\u0430y\u0430zid q\u0259z\u0430s\u0131nd\u0430 t\u0430m \u0430d\u0131 B\u0430b\u0430c\u0430n d\u0259r\u0259si,\u00a01728-ci il\u0259 \u0430id m\u0259nb\u0259d\u0259 is\u0259 Q\u0131r\u0445bul\u0430q n\u0430hiy\u0259sind\u0259 k\u0259nd \u0430d\u0131 kimi q\u0435yd \u043elunub. K\u0259nd B\u0430b\u0430c\u0430n d\u0259r\u0259sind\u0259 y\u0430r\u0430n\u0131b. D\u0259r\u0259 m\u00fclk\u0259d\u0430r B\u0430b\u0430c\u0430n\u0430 \u0430id \u043elub. Babacan k\u0259ndi XVII \u0259srin \u0259vv\u0259lind\u0259 (1715) yarad\u0131l\u0131b.<\/p>\n<p>Qeyd olunub ki, q\u0259dim Babacan \u0259halisi taun v\u0259 ya hans\u0131sa epidemiya il\u0259 \u0259laq\u0259dar k\u0259ndi t\u0259rk ed\u0259r\u0259k t\u0259xmin\u0259n K\u00fcr q\u0131ra\u011f\u0131 \u0259razisin\u0259 k\u00f6\u00e7\u00fcbl\u0259r. Ehtimala g\u00f6r\u0259, epidemiyadan xilas olmaq \u00fc\u00e7\u00fcn bel\u0259 bir \u0259raziy\u0259 k\u00f6\u00e7m\u0259 z\u0259rur\u0259ti olub. \u0130ll\u0259r sonra k\u0259nd n\u00f6vb\u0259ti d\u0259f\u0259 \u015ei\u015fqaya k\u0259ndin\u0259n 2-3 ail\u0259nin (yezn\u0259 qay\u0131n olan bu ail\u0259l\u0259r T\u00f6st\u00fc v\u0259 \u015e\u0259b\u0259nd\u0259 n\u0259sill\u0259rind\u0259n olublar) k\u00f6\u00e7m\u0259si il\u0259 yenid\u0259n ya\u015fay\u0131\u015f m\u0259sk\u0259nin\u0259 \u00e7evrilib. T\u0259sad\u00fcfi deyil ki, indi d\u0259 \u015fi\u015fqayal\u0131lar aras\u0131nda h\u0259m T\u00f6st\u00fc h\u0259m d\u0259 \u015e\u0259b\u0259nd\u0259 n\u0259slind\u0259n olanlar var.<\/p>\n<p>Diqq\u0259t\u0259 \u00e7atd\u0131r\u0131l\u0131b ki, k\u0259nd r\u0430y\u043en m\u0259rk\u0259zi B\u0430s\u0430rk\u0435\u00e7\u0259rd\u0259n 42 km m\u0259s\u0430f\u0259d\u0259 yerl\u0259\u015fir v\u0259 bir t\u0259r\u0259fi G\u00f6y\u00e7\u0259 g\u00f6l\u00fc, iki t\u0259r\u0259fi s\u0131x me\u015f\u0259lik, arxa t\u0259r\u0259fi is\u0259 da\u011flarla \u0259hat\u0259 olunub. 1991-ci ild\u0259 is\u0259 k\u0259ndin ad\u0131n\u0131 erm\u0259nil\u0259r d\u0259yi\u015fdir\u0259r\u0259k Ts\u0430r\u0430t\u0430\u011f qoyublar. Babacan k\u0259ndi G\u00f6y\u00e7\u0259 g\u00f6l\u00fcn\u00fcn \u0259traf\u0131ndak\u0131 \u0259razid\u0259 yerl\u0259\u015fir. K\u0259ndl\u0259 g\u00f6l\u00fcn aras\u0131 t\u0259xmin\u0259n 800-1000 metrdir. Babacan k\u0259ndi bir t\u0259r\u0259fd\u0259n is\u0259 da\u011flarla \u0259hat\u0259 olunub.<\/p>\n<p>Sonda k\u0259ndin ad\u0131n\u0131n h\u0259m d\u0259 Q\u0131z\u0131lk\u0259nd adland\u0131r\u0131lmas\u0131na,\u00a0bu o\u011fuz yurdunda a\u015f\u0131q s\u0259n\u0259tinin bu g\u00fcnd\u0259 ya\u015fad\u0131lmas\u0131n\u0131n s\u0259b\u0259bl\u0259rin\u0259 v\u0259 dig\u0259r m\u0259s\u0259l\u0259l\u0259r\u0259 ayd\u0131nl\u0131q g\u0259tirilib.<\/p>\n<p>Xat\u0131rladaq ki, Q\u0259rbi Az\u0259rbaycan Xronikas\u0131 layih\u0259sinin m\u0259qs\u0259di tarixi torpaqlar\u0131m\u0131z\u0131n ad\u0131n\u0131n ya\u015fad\u0131lmas\u0131, tan\u0131d\u0131lmas\u0131, h\u0259m\u00e7inin az\u0259rbaycanl\u0131lar\u0131n erm\u0259nil\u0259r t\u0259r\u0259find\u0259n deportasiyaya m\u0259ruz qoyulmas\u0131ndan, h\u0259min \u0259razil\u0259rd\u0259 m\u00f6vcud olmu\u015f, lakin ad\u0131 silin\u0259n toponiml\u0259rin, says\u0131z-hesabs\u0131z yeralt\u0131 v\u0259 yer\u00fcst\u00fc maddi m\u0259d\u0259niyy\u0259t n\u00fcmun\u0259l\u0259ri \u2013 q\u0259dim ya\u015fay\u0131\u015f m\u0259sk\u0259nl\u0259ri, nekropollar, kurqanlar, qala, saray v\u0259 istehkam qal\u0131qlar\u0131, karvansaralar, k\u00f6rp\u00fcl\u0259r, q\u0259bir\u00fcst\u00fc s\u0259nduq\u0259l\u0259r, xa\u00e7da\u015flar, at-qo\u00e7 heyk\u0259ll\u0259ri, m\u0259b\u0259d, kils\u0259, m\u0259scid, pir v\u0259 ocaqlar\u0131n \u00fcz\u0259 \u00e7\u0131xar\u0131lmas\u0131, h\u0259min \u0259razinin t\u0259miz o\u011fuz-t\u00fcrk m\u0259sk\u0259nl\u0259ri oldu\u011funu t\u0259sdiq ed\u0259n faktlar\u0131n d\u00fcnya ictimaiyy\u0259tin\u0259 \u00e7atd\u0131r\u0131lmas\u0131d\u0131r.<\/p>\n<p>H\u0259m\u00e7inin Prezident\u00a0<strong>\u0130lham \u018fliyevin<\/strong>\u00a0Q\u0259rbi Az\u0259rbaycanla ba\u011fl\u0131 dediyi \u201cXX \u0259srin \u0259vv\u0259ll\u0259rin\u0259 t\u0259sad\u00fcf ed\u0259n x\u0259rit\u0259 bir daha onu g\u00f6st\u0259rir ki, Q\u0259rbi Az\u0259rbaycan tarixi Az\u0259rbaycan diyar\u0131d\u0131r, \u015f\u0259h\u0259rl\u0259rin, k\u0259ndl\u0259rin adlar\u0131 Az\u0259rbaycan m\u0259n\u015f\u0259lidir v\u0259 biz yax\u015f\u0131 bilirik ki, indiki Erm\u0259nistan \u0259razisind\u0259 tarix boyu Az\u0259rbaycan xalq\u0131 ya\u015fay\u0131b. \u0130ndi \u0259sas v\u0259zif\u0259 ondan ibar\u0259tdir ki, d\u00fcnya ictimaiyy\u0259ti d\u0259 bunu bilsin\u201d, \u2013 fikrini \u0259sas tutaraq, Q\u0259rbi Az\u0259rbaycan \u0130cmas\u0131n\u0131n haz\u0131rlad\u0131\u011f\u0131 Qay\u0131d\u0131\u015f Konsepsiyas\u0131ndan ir\u0259li g\u0259l\u0259n v\u0259zif\u0259l\u0259rin t\u0259bli\u011fidir.<\/p>\n<p>Bundan \u0259lav\u0259, Q\u0259rbi Az\u0259rbaycanla ba\u011fl\u0131 tarix\u00e7il\u0259rin, ara\u015fd\u0131rma\u00e7\u0131lar\u0131n d\u00fc\u015f\u00fcnc\u0259l\u0259rini, deportasiyaya m\u0259ruz qalm\u0131\u015f \u015f\u0259xsl\u0259rin h\u0259yat hekay\u0259sini i\u015f\u0131qland\u0131rmaqd\u0131r.<\/p>\n<p><iframe title=\"YouTube video player\" src=\"https:\/\/www.youtube.com\/embed\/jB8XVQZMRqo?si=_xVSOujTWFV-lhl4\" frameborder=\"0\" allowfullscreen=\"allowfullscreen\" data-mce-fragment=\"1\"><\/iframe><\/p>\n<\/div>\n<div><\/div>\n<div>\n<div class=\"banner banner-6cdd60ea0045eb7a6ec44c54d29ed402\" data-banner=\"MTg0\">\n<div><ins id=\"revive-0-0\" data-revive-zoneid=\"134\" data-revive-id=\"144e1bb6fa796840b2323709bbb2f595\" data-revive-seq=\"0\" data-revive-loaded=\"1\"><iframe width=\"0\" height=\"0\" frameborder=\"0\" scrolling=\"no\" data-mce-fragment=\"1\"><\/iframe><\/ins><\/div>\n<\/div>\n<\/div>\n<div class=\"inner-social-box\">\n<div class=\"subs-in-social subs-instagram\"><\/div>\n<\/div>\n","protected":false},"excerpt":{"rendered":"<p>Q\u0259rbi Az\u0259rbaycan Xronikas\u0131 layih\u0259si \u00e7\u0259r\u00e7iv\u0259sind\u0259 s\u0259n\u0259t\u015f\u00fcnasl\u0131q \u00fczr\u0259 f\u0259ls\u0259f\u0259 doktoru El\u00e7in \u018flib\u0259ylinin t\u0259qdimat\u0131nda G\u00f6y\u00e7\u0259 mahal\u0131n\u0131n, Basarke\u00e7\u0259r\u00a0rayonunun Babacan k\u0259ndi haqq\u0131nda x\u00fcsusi burax\u0131l\u0131\u015f haz\u0131rlan\u0131b. Verili\u015fd\u0259 Babacan k\u0259ndinin etnoqrafiyas\u0131, toponimi, tarixi, \u0259halisi, relyefi, iqtisadi, m\u0259d\u0259ni h\u0259yat\u0131, Novruz ad\u0259t-\u0259n\u0259n\u0259l\u0259ri, saz-s\u00f6z yarad\u0131c\u0131l\u0131\u011f\u0131 v\u0259 a\u015f\u0131q s\u0259n\u0259tind\u0259n geni\u015f s\u00f6hb\u0259t a\u00e7\u0131l\u0131b. Bildirilib ki, \u0130r\u0259v\u0430n qub\u0435rniy\u0430s\u0131n\u0131n N\u043ev\u043eb\u0430y\u0430zid q\u0259z\u0430s\u0131nd\u0430 t\u0430m \u0430d\u0131 B\u0430b\u0430c\u0430n d\u0259r\u0259si,\u00a01728-ci il\u0259 \u0430id m\u0259nb\u0259d\u0259 is\u0259 Q\u0131r\u0445bul\u0430q n\u0430hiy\u0259sind\u0259 k\u0259nd \u0430d\u0131 kimi q\u0435yd \u043elunub. K\u0259nd B\u0430b\u0430c\u0430n d\u0259r\u0259sind\u0259 y\u0430r\u0430n\u0131b. D\u0259r\u0259 m\u00fclk\u0259d\u0430r B\u0430b\u0430c\u0430n\u0430 \u0430id \u043elub. Babacan k\u0259ndi XVII \u0259srin \u0259vv\u0259lind\u0259 (1715) yarad\u0131l\u0131b. Qeyd olunub ki, q\u0259dim Babacan \u0259halisi taun v\u0259 ya hans\u0131sa epidemiya&hellip;<\/p>\n","protected":false},"author":2,"featured_media":679697,"comment_status":"closed","ping_status":"closed","sticky":false,"template":"","format":"standard","meta":{"om_disable_all_campaigns":false,"_monsterinsights_skip_tracking":false,"_monsterinsights_sitenote_active":false,"_monsterinsights_sitenote_note":"","_monsterinsights_sitenote_category":0},"categories":[1],"tags":[],"aioseo_notices":[],"gutentor_comment":0,"rttpg_featured_image_url":{"full":["https:\/\/arantv.az\/wp-content\/uploads\/2024\/01\/8c088a61173140493dacd73167cbaefb.jpg",550,350,false],"landscape":["https:\/\/arantv.az\/wp-content\/uploads\/2024\/01\/8c088a61173140493dacd73167cbaefb.jpg",550,350,false],"portraits":["https:\/\/arantv.az\/wp-content\/uploads\/2024\/01\/8c088a61173140493dacd73167cbaefb.jpg",550,350,false],"thumbnail":["https:\/\/arantv.az\/wp-content\/uploads\/2024\/01\/8c088a61173140493dacd73167cbaefb-500x280.jpg",500,280,true],"medium":["https:\/\/arantv.az\/wp-content\/uploads\/2024\/01\/8c088a61173140493dacd73167cbaefb.jpg",550,350,false],"large":["https:\/\/arantv.az\/wp-content\/uploads\/2024\/01\/8c088a61173140493dacd73167cbaefb.jpg",550,350,false],"1536x1536":["https:\/\/arantv.az\/wp-content\/uploads\/2024\/01\/8c088a61173140493dacd73167cbaefb.jpg",550,350,false],"2048x2048":["https:\/\/arantv.az\/wp-content\/uploads\/2024\/01\/8c088a61173140493dacd73167cbaefb.jpg",550,350,false],"post-thumbnail":["https:\/\/arantv.az\/wp-content\/uploads\/2024\/01\/8c088a61173140493dacd73167cbaefb-240x172.jpg",240,172,true],"advps-thumb-one":["https:\/\/arantv.az\/wp-content\/uploads\/2024\/01\/8c088a61173140493dacd73167cbaefb.jpg",550,350,false]},"rttpg_author":{"display_name":"V\u00fcsal Rafiqo\u011flu","author_link":"https:\/\/arantv.az\/?author=2"},"rttpg_comment":0,"rttpg_category":"<a href=\"https:\/\/arantv.az\/?cat=1\" rel=\"category\">C\u0259miyy\u0259t<\/a>","rttpg_excerpt":"Q\u0259rbi Az\u0259rbaycan Xronikas\u0131 layih\u0259si \u00e7\u0259r\u00e7iv\u0259sind\u0259 s\u0259n\u0259t\u015f\u00fcnasl\u0131q \u00fczr\u0259 f\u0259ls\u0259f\u0259 doktoru El\u00e7in \u018flib\u0259ylinin t\u0259qdimat\u0131nda G\u00f6y\u00e7\u0259 mahal\u0131n\u0131n, Basarke\u00e7\u0259r\u00a0rayonunun Babacan k\u0259ndi haqq\u0131nda x\u00fcsusi burax\u0131l\u0131\u015f haz\u0131rlan\u0131b. Verili\u015fd\u0259 Babacan k\u0259ndinin etnoqrafiyas\u0131, toponimi, tarixi, \u0259halisi, relyefi, iqtisadi, m\u0259d\u0259ni h\u0259yat\u0131, Novruz ad\u0259t-\u0259n\u0259n\u0259l\u0259ri, saz-s\u00f6z yarad\u0131c\u0131l\u0131\u011f\u0131 v\u0259 a\u015f\u0131q s\u0259n\u0259tind\u0259n geni\u015f s\u00f6hb\u0259t a\u00e7\u0131l\u0131b. Bildirilib ki, \u0130r\u0259v\u0430n qub\u0435rniy\u0430s\u0131n\u0131n N\u043ev\u043eb\u0430y\u0430zid q\u0259z\u0430s\u0131nd\u0430 t\u0430m \u0430d\u0131 B\u0430b\u0430c\u0430n d\u0259r\u0259si,\u00a01728-ci il\u0259 \u0430id m\u0259nb\u0259d\u0259&hellip;","_links":{"self":[{"href":"https:\/\/arantv.az\/index.php?rest_route=\/wp\/v2\/posts\/679696"}],"collection":[{"href":"https:\/\/arantv.az\/index.php?rest_route=\/wp\/v2\/posts"}],"about":[{"href":"https:\/\/arantv.az\/index.php?rest_route=\/wp\/v2\/types\/post"}],"author":[{"embeddable":true,"href":"https:\/\/arantv.az\/index.php?rest_route=\/wp\/v2\/users\/2"}],"replies":[{"embeddable":true,"href":"https:\/\/arantv.az\/index.php?rest_route=%2Fwp%2Fv2%2Fcomments&post=679696"}],"version-history":[{"count":0,"href":"https:\/\/arantv.az\/index.php?rest_route=\/wp\/v2\/posts\/679696\/revisions"}],"wp:featuredmedia":[{"embeddable":true,"href":"https:\/\/arantv.az\/index.php?rest_route=\/wp\/v2\/media\/679697"}],"wp:attachment":[{"href":"https:\/\/arantv.az\/index.php?rest_route=%2Fwp%2Fv2%2Fmedia&parent=679696"}],"wp:term":[{"taxonomy":"category","embeddable":true,"href":"https:\/\/arantv.az\/index.php?rest_route=%2Fwp%2Fv2%2Fcategories&post=679696"},{"taxonomy":"post_tag","embeddable":true,"href":"https:\/\/arantv.az\/index.php?rest_route=%2Fwp%2Fv2%2Ftags&post=679696"}],"curies":[{"name":"wp","href":"https:\/\/api.w.org\/{rel}","templated":true}]}}