{"id":679726,"date":"2024-01-14T18:13:58","date_gmt":"2024-01-14T14:13:58","guid":{"rendered":"https:\/\/arantv.az\/?p=679726"},"modified":"2024-01-14T18:13:58","modified_gmt":"2024-01-14T14:13:58","slug":"arsin-mal-alan-operettasi-ankarada-yeni-qurulusda-t%c9%99qdim-olunub-foto","status":"publish","type":"post","link":"https:\/\/arantv.az\/?p=679726","title":{"rendered":"\u201cAr\u015f\u0131n mal alan\u201d operettas\u0131 Ankarada yeni qurulu\u015fda t\u0259qdim olunub &#8211; FOTO"},"content":{"rendered":"<p>Dahi \u00dczeyir Hac\u0131b\u0259ylinin d\u00fcnyan\u0131 dola\u015fan 111 ya\u015fl\u0131 \u201cAr\u015f\u0131n mal alan\u201d operettas\u0131 Ankara D\u00f6vl\u0259t Opera v\u0259 Balet Teatr\u0131nda n\u00f6vb\u0259ti d\u0259f\u0259 tama\u015faya qoyulub.<\/p>\n<p>AZ\u018fRTAC\u00a0x\u0259b\u0259r verir ki, yanvar\u0131n 13-d\u0259 tama\u015fan\u0131n premyeras\u0131 ke\u00e7irilib.<\/p>\n<p>S\u0259hn\u0259 \u0259s\u0259ri \u018fm\u0259kdar inc\u0259s\u0259n\u0259t xadimi, Az\u0259rbaycan D\u00f6vl\u0259t Akademik Opera v\u0259 Balet Teatr\u0131n\u0131n ba\u015f rejissoru Hafiz Quliyev t\u0259r\u0259find\u0259n yeni qurulu\u015fda t\u0259qdim olunub.<\/p>\n<p>Tama\u015fan\u0131n orkestr r\u0259hb\u0259ri R\u00fcst\u0259m Rahmedov, m\u0259tn \u00fczr\u0259 redaktoru \u015eenol Tal\u0131nl\u0131, dekor v\u0259 kostyum \u00fczr\u0259 r\u0259ssam\u0131 Yusuf Toker, i\u015f\u0131q \u00fczr\u0259 r\u0259ssam\u0131 Ali G\u00f6kdemir, xoreoqraf\u0131 \u00d6zge Ay, konsertmeysteri is\u0259 Erkin Onayd\u0131r.<\/p>\n<p>&nbsp;<\/p>\n<div class=\"gallery\">\n<div class=\"gallery-i\"><img src=\"https:\/\/cdn.oxu.az\/uploads\/W1siZiIsIjIwMjQvMDEvMTQvMTYvMDYvMTAvMmIxZDUxNjktOTZiZC00ZDY3LTg2YjktZjE0NWY1ZjZmYzE3LzE3MDUyMjk4Mzg1NjcwNzE3NDQyXzEyMDB4NjMwLmpwZyJdLFsicCIsImVuY29kZSIsImpwZyIsIi1xdWFsaXR5IDgwIl0sWyJwIiwidGh1bWIiLCI1OTB4NTkwXHUwMDNlIl1d?sha=a28f450c1e3f968d\" alt=\"\" \/><\/p>\n<div class=\"gallery-i-caption\"><\/div>\n<\/div>\n<div class=\"gallery-i\"><img src=\"https:\/\/cdn.oxu.az\/uploads\/W1siZiIsIjIwMjQvMDEvMTQvMTYvMDYvMTAvYWEzZjNmNjAtNzgyMi00Yjc4LWEwNzEtYzJlNThlMjE0ZGFmLzE3MDUyMjk4MzgyMTA3MTExODY4XzEyMDB4NjMwLmpwZyJdLFsicCIsImVuY29kZSIsImpwZyIsIi1xdWFsaXR5IDgwIl0sWyJwIiwidGh1bWIiLCI1OTB4NTkwXHUwMDNlIl1d?sha=548ed421a6f1c598\" alt=\"\" \/><\/div>\n<\/div>\n","protected":false},"excerpt":{"rendered":"<p>Dahi \u00dczeyir Hac\u0131b\u0259ylinin d\u00fcnyan\u0131 dola\u015fan 111 ya\u015fl\u0131 \u201cAr\u015f\u0131n mal alan\u201d operettas\u0131 Ankara D\u00f6vl\u0259t Opera v\u0259 Balet Teatr\u0131nda n\u00f6vb\u0259ti d\u0259f\u0259 tama\u015faya qoyulub. AZ\u018fRTAC\u00a0x\u0259b\u0259r verir ki, yanvar\u0131n 13-d\u0259 tama\u015fan\u0131n premyeras\u0131 ke\u00e7irilib. S\u0259hn\u0259 \u0259s\u0259ri \u018fm\u0259kdar inc\u0259s\u0259n\u0259t xadimi, Az\u0259rbaycan D\u00f6vl\u0259t Akademik Opera v\u0259 Balet Teatr\u0131n\u0131n ba\u015f rejissoru Hafiz Quliyev t\u0259r\u0259find\u0259n yeni qurulu\u015fda t\u0259qdim olunub. Tama\u015fan\u0131n orkestr r\u0259hb\u0259ri R\u00fcst\u0259m Rahmedov, m\u0259tn \u00fczr\u0259 redaktoru \u015eenol Tal\u0131nl\u0131, dekor v\u0259 kostyum \u00fczr\u0259 r\u0259ssam\u0131 Yusuf Toker, i\u015f\u0131q \u00fczr\u0259 r\u0259ssam\u0131 Ali G\u00f6kdemir, xoreoqraf\u0131 \u00d6zge Ay, konsertmeysteri is\u0259 Erkin Onayd\u0131r. &nbsp;<\/p>\n","protected":false},"author":2,"featured_media":679727,"comment_status":"closed","ping_status":"closed","sticky":false,"template":"","format":"standard","meta":{"om_disable_all_campaigns":false,"_monsterinsights_skip_tracking":false,"_monsterinsights_sitenote_active":false,"_monsterinsights_sitenote_note":"","_monsterinsights_sitenote_category":0},"categories":[1],"tags":[],"aioseo_notices":[],"gutentor_comment":0,"rttpg_featured_image_url":{"full":["https:\/\/arantv.az\/wp-content\/uploads\/2024\/01\/FotoJet-9-3.jpg",620,413,false],"landscape":["https:\/\/arantv.az\/wp-content\/uploads\/2024\/01\/FotoJet-9-3.jpg",620,413,false],"portraits":["https:\/\/arantv.az\/wp-content\/uploads\/2024\/01\/FotoJet-9-3.jpg",620,413,false],"thumbnail":["https:\/\/arantv.az\/wp-content\/uploads\/2024\/01\/FotoJet-9-3-500x280.jpg",500,280,true],"medium":["https:\/\/arantv.az\/wp-content\/uploads\/2024\/01\/FotoJet-9-3-548x365.jpg",548,365,true],"large":["https:\/\/arantv.az\/wp-content\/uploads\/2024\/01\/FotoJet-9-3.jpg",620,413,false],"1536x1536":["https:\/\/arantv.az\/wp-content\/uploads\/2024\/01\/FotoJet-9-3.jpg",620,413,false],"2048x2048":["https:\/\/arantv.az\/wp-content\/uploads\/2024\/01\/FotoJet-9-3.jpg",620,413,false],"post-thumbnail":["https:\/\/arantv.az\/wp-content\/uploads\/2024\/01\/FotoJet-9-3-240x172.jpg",240,172,true],"advps-thumb-one":["https:\/\/arantv.az\/wp-content\/uploads\/2024\/01\/FotoJet-9-3.jpg",620,413,false]},"rttpg_author":{"display_name":"V\u00fcsal Rafiqo\u011flu","author_link":"https:\/\/arantv.az\/?author=2"},"rttpg_comment":0,"rttpg_category":"<a href=\"https:\/\/arantv.az\/?cat=1\" rel=\"category\">C\u0259miyy\u0259t<\/a>","rttpg_excerpt":"Dahi \u00dczeyir Hac\u0131b\u0259ylinin d\u00fcnyan\u0131 dola\u015fan 111 ya\u015fl\u0131 \u201cAr\u015f\u0131n mal alan\u201d operettas\u0131 Ankara D\u00f6vl\u0259t Opera v\u0259 Balet Teatr\u0131nda n\u00f6vb\u0259ti d\u0259f\u0259 tama\u015faya qoyulub. AZ\u018fRTAC\u00a0x\u0259b\u0259r verir ki, yanvar\u0131n 13-d\u0259 tama\u015fan\u0131n premyeras\u0131 ke\u00e7irilib. S\u0259hn\u0259 \u0259s\u0259ri \u018fm\u0259kdar inc\u0259s\u0259n\u0259t xadimi, Az\u0259rbaycan D\u00f6vl\u0259t Akademik Opera v\u0259 Balet Teatr\u0131n\u0131n ba\u015f rejissoru Hafiz Quliyev t\u0259r\u0259find\u0259n yeni qurulu\u015fda t\u0259qdim olunub. Tama\u015fan\u0131n orkestr r\u0259hb\u0259ri R\u00fcst\u0259m Rahmedov,&hellip;","_links":{"self":[{"href":"https:\/\/arantv.az\/index.php?rest_route=\/wp\/v2\/posts\/679726"}],"collection":[{"href":"https:\/\/arantv.az\/index.php?rest_route=\/wp\/v2\/posts"}],"about":[{"href":"https:\/\/arantv.az\/index.php?rest_route=\/wp\/v2\/types\/post"}],"author":[{"embeddable":true,"href":"https:\/\/arantv.az\/index.php?rest_route=\/wp\/v2\/users\/2"}],"replies":[{"embeddable":true,"href":"https:\/\/arantv.az\/index.php?rest_route=%2Fwp%2Fv2%2Fcomments&post=679726"}],"version-history":[{"count":0,"href":"https:\/\/arantv.az\/index.php?rest_route=\/wp\/v2\/posts\/679726\/revisions"}],"wp:featuredmedia":[{"embeddable":true,"href":"https:\/\/arantv.az\/index.php?rest_route=\/wp\/v2\/media\/679727"}],"wp:attachment":[{"href":"https:\/\/arantv.az\/index.php?rest_route=%2Fwp%2Fv2%2Fmedia&parent=679726"}],"wp:term":[{"taxonomy":"category","embeddable":true,"href":"https:\/\/arantv.az\/index.php?rest_route=%2Fwp%2Fv2%2Fcategories&post=679726"},{"taxonomy":"post_tag","embeddable":true,"href":"https:\/\/arantv.az\/index.php?rest_route=%2Fwp%2Fv2%2Ftags&post=679726"}],"curies":[{"name":"wp","href":"https:\/\/api.w.org\/{rel}","templated":true}]}}