{"id":679729,"date":"2024-01-14T18:14:43","date_gmt":"2024-01-14T14:14:43","guid":{"rendered":"https:\/\/arantv.az\/?p=679729"},"modified":"2024-01-14T18:14:43","modified_gmt":"2024-01-14T14:14:43","slug":"erm%c9%99nistan-ts-katibi-abs-dovl%c9%99t-departamentinin-numay%c9%99nd%c9%99sil%c9%99-ir%c9%99van-baki-munasib%c9%99tl%c9%99rini-muzakir%c9%99-edib","status":"publish","type":"post","link":"https:\/\/arantv.az\/?p=679729","title":{"rendered":"Erm\u0259nistan T\u015e katibi AB\u015e D\u00f6vl\u0259t Departamentinin n\u00fcmay\u0259nd\u0259sil\u0259 \u0130r\u0259van-Bak\u0131 m\u00fcnasib\u0259tl\u0259rini m\u00fczakir\u0259 edib"},"content":{"rendered":"<p>Erm\u0259nistan T\u0259hl\u00fck\u0259sizlik \u015euras\u0131n\u0131n katibi Armen Qriqoryan v\u0259 AB\u015e d\u00f6vl\u0259t katibinin k\u00f6m\u0259k\u00e7isi Ceyms O&#8217;Brayen Davosda \u0130r\u0259vanla Bak\u0131 aras\u0131nda m\u00fcnasib\u0259tl\u0259rin normalla\u015fd\u0131r\u0131lmas\u0131 prosesini m\u00fczakir\u0259 edibl\u0259r.<\/p>\n<p>Bu bar\u0259d\u0259 Erm\u0259nistan T\u0259hl\u00fck\u0259sizlik \u015euras\u0131n\u0131n M\u0259tbuat Xidm\u0259ti m\u0259lumat yay\u0131b.<\/p>\n<p>\u201cH\u0259ms\u00f6hb\u0259tl\u0259r Erm\u0259nistan &#8211; AB\u015e ikit\u0259r\u0259fli m\u00fcnasib\u0259tl\u0259ri v\u0259 onlar\u0131n g\u0259l\u0259c\u0259k inki\u015faf\u0131 m\u0259s\u0259l\u0259l\u0259rini m\u00fczakir\u0259 edibl\u0259r. T\u0259r\u0259fl\u0259r h\u0259m\u00e7inin Erm\u0259nistan &#8211; Az\u0259rbaycan m\u00fcnasib\u0259tl\u0259rinin t\u0259nziml\u0259nm\u0259si prosesi il\u0259 ba\u011fl\u0131 fikir m\u00fcbadil\u0259si apar\u0131blar\u201d, &#8211; m\u0259lumatda qeyd olunur.<\/p>\n<p>M\u0259nb\u0259: TASS<\/p>\n","protected":false},"excerpt":{"rendered":"<p>Erm\u0259nistan T\u0259hl\u00fck\u0259sizlik \u015euras\u0131n\u0131n katibi Armen Qriqoryan v\u0259 AB\u015e d\u00f6vl\u0259t katibinin k\u00f6m\u0259k\u00e7isi Ceyms O&#8217;Brayen Davosda \u0130r\u0259vanla Bak\u0131 aras\u0131nda m\u00fcnasib\u0259tl\u0259rin normalla\u015fd\u0131r\u0131lmas\u0131 prosesini m\u00fczakir\u0259 edibl\u0259r. Bu bar\u0259d\u0259 Erm\u0259nistan T\u0259hl\u00fck\u0259sizlik \u015euras\u0131n\u0131n M\u0259tbuat Xidm\u0259ti m\u0259lumat yay\u0131b. \u201cH\u0259ms\u00f6hb\u0259tl\u0259r Erm\u0259nistan &#8211; AB\u015e ikit\u0259r\u0259fli m\u00fcnasib\u0259tl\u0259ri v\u0259 onlar\u0131n g\u0259l\u0259c\u0259k inki\u015faf\u0131 m\u0259s\u0259l\u0259l\u0259rini m\u00fczakir\u0259 edibl\u0259r. T\u0259r\u0259fl\u0259r h\u0259m\u00e7inin Erm\u0259nistan &#8211; Az\u0259rbaycan m\u00fcnasib\u0259tl\u0259rinin t\u0259nziml\u0259nm\u0259si prosesi il\u0259 ba\u011fl\u0131 fikir m\u00fcbadil\u0259si apar\u0131blar\u201d, &#8211; m\u0259lumatda qeyd olunur. M\u0259nb\u0259: TASS<\/p>\n","protected":false},"author":2,"featured_media":679730,"comment_status":"closed","ping_status":"closed","sticky":false,"template":"","format":"standard","meta":{"om_disable_all_campaigns":false,"_monsterinsights_skip_tracking":false,"_monsterinsights_sitenote_active":false,"_monsterinsights_sitenote_note":"","_monsterinsights_sitenote_category":0},"categories":[4],"tags":[],"aioseo_notices":[],"gutentor_comment":0,"rttpg_featured_image_url":{"full":["https:\/\/arantv.az\/wp-content\/uploads\/2024\/01\/D\u00a1D\u00bdD\u00b8D\u00bcD\u00beDo-N_DoN_D\u00b0D\u00bdD\u00b0-2024-01-14-162633.jpg",620,413,false],"landscape":["https:\/\/arantv.az\/wp-content\/uploads\/2024\/01\/D\u00a1D\u00bdD\u00b8D\u00bcD\u00beDo-N_DoN_D\u00b0D\u00bdD\u00b0-2024-01-14-162633.jpg",620,413,false],"portraits":["https:\/\/arantv.az\/wp-content\/uploads\/2024\/01\/D\u00a1D\u00bdD\u00b8D\u00bcD\u00beDo-N_DoN_D\u00b0D\u00bdD\u00b0-2024-01-14-162633.jpg",620,413,false],"thumbnail":["https:\/\/arantv.az\/wp-content\/uploads\/2024\/01\/D\u00a1D\u00bdD\u00b8D\u00bcD\u00beDo-N_DoN_D\u00b0D\u00bdD\u00b0-2024-01-14-162633-500x280.jpg",500,280,true],"medium":["https:\/\/arantv.az\/wp-content\/uploads\/2024\/01\/D\u00a1D\u00bdD\u00b8D\u00bcD\u00beDo-N_DoN_D\u00b0D\u00bdD\u00b0-2024-01-14-162633-548x365.jpg",548,365,true],"large":["https:\/\/arantv.az\/wp-content\/uploads\/2024\/01\/D\u00a1D\u00bdD\u00b8D\u00bcD\u00beDo-N_DoN_D\u00b0D\u00bdD\u00b0-2024-01-14-162633.jpg",620,413,false],"1536x1536":["https:\/\/arantv.az\/wp-content\/uploads\/2024\/01\/D\u00a1D\u00bdD\u00b8D\u00bcD\u00beDo-N_DoN_D\u00b0D\u00bdD\u00b0-2024-01-14-162633.jpg",620,413,false],"2048x2048":["https:\/\/arantv.az\/wp-content\/uploads\/2024\/01\/D\u00a1D\u00bdD\u00b8D\u00bcD\u00beDo-N_DoN_D\u00b0D\u00bdD\u00b0-2024-01-14-162633.jpg",620,413,false],"post-thumbnail":["https:\/\/arantv.az\/wp-content\/uploads\/2024\/01\/D\u00a1D\u00bdD\u00b8D\u00bcD\u00beDo-N_DoN_D\u00b0D\u00bdD\u00b0-2024-01-14-162633-240x172.jpg",240,172,true],"advps-thumb-one":["https:\/\/arantv.az\/wp-content\/uploads\/2024\/01\/D\u00a1D\u00bdD\u00b8D\u00bcD\u00beDo-N_DoN_D\u00b0D\u00bdD\u00b0-2024-01-14-162633.jpg",620,413,false]},"rttpg_author":{"display_name":"V\u00fcsal Rafiqo\u011flu","author_link":"https:\/\/arantv.az\/?author=2"},"rttpg_comment":0,"rttpg_category":"<a href=\"https:\/\/arantv.az\/?cat=4\" rel=\"category\">Siyas\u0259t<\/a>","rttpg_excerpt":"Erm\u0259nistan T\u0259hl\u00fck\u0259sizlik \u015euras\u0131n\u0131n katibi Armen Qriqoryan v\u0259 AB\u015e d\u00f6vl\u0259t katibinin k\u00f6m\u0259k\u00e7isi Ceyms O&#8217;Brayen Davosda \u0130r\u0259vanla Bak\u0131 aras\u0131nda m\u00fcnasib\u0259tl\u0259rin normalla\u015fd\u0131r\u0131lmas\u0131 prosesini m\u00fczakir\u0259 edibl\u0259r. Bu bar\u0259d\u0259 Erm\u0259nistan T\u0259hl\u00fck\u0259sizlik \u015euras\u0131n\u0131n M\u0259tbuat Xidm\u0259ti m\u0259lumat yay\u0131b. \u201cH\u0259ms\u00f6hb\u0259tl\u0259r Erm\u0259nistan &#8211; AB\u015e ikit\u0259r\u0259fli m\u00fcnasib\u0259tl\u0259ri v\u0259 onlar\u0131n g\u0259l\u0259c\u0259k inki\u015faf\u0131 m\u0259s\u0259l\u0259l\u0259rini m\u00fczakir\u0259 edibl\u0259r. T\u0259r\u0259fl\u0259r h\u0259m\u00e7inin Erm\u0259nistan &#8211; Az\u0259rbaycan m\u00fcnasib\u0259tl\u0259rinin t\u0259nziml\u0259nm\u0259si prosesi il\u0259 ba\u011fl\u0131 fikir&hellip;","_links":{"self":[{"href":"https:\/\/arantv.az\/index.php?rest_route=\/wp\/v2\/posts\/679729"}],"collection":[{"href":"https:\/\/arantv.az\/index.php?rest_route=\/wp\/v2\/posts"}],"about":[{"href":"https:\/\/arantv.az\/index.php?rest_route=\/wp\/v2\/types\/post"}],"author":[{"embeddable":true,"href":"https:\/\/arantv.az\/index.php?rest_route=\/wp\/v2\/users\/2"}],"replies":[{"embeddable":true,"href":"https:\/\/arantv.az\/index.php?rest_route=%2Fwp%2Fv2%2Fcomments&post=679729"}],"version-history":[{"count":0,"href":"https:\/\/arantv.az\/index.php?rest_route=\/wp\/v2\/posts\/679729\/revisions"}],"wp:featuredmedia":[{"embeddable":true,"href":"https:\/\/arantv.az\/index.php?rest_route=\/wp\/v2\/media\/679730"}],"wp:attachment":[{"href":"https:\/\/arantv.az\/index.php?rest_route=%2Fwp%2Fv2%2Fmedia&parent=679729"}],"wp:term":[{"taxonomy":"category","embeddable":true,"href":"https:\/\/arantv.az\/index.php?rest_route=%2Fwp%2Fv2%2Fcategories&post=679729"},{"taxonomy":"post_tag","embeddable":true,"href":"https:\/\/arantv.az\/index.php?rest_route=%2Fwp%2Fv2%2Ftags&post=679729"}],"curies":[{"name":"wp","href":"https:\/\/api.w.org\/{rel}","templated":true}]}}