{"id":679735,"date":"2024-01-14T18:18:38","date_gmt":"2024-01-14T14:18:38","guid":{"rendered":"https:\/\/arantv.az\/?p=679735"},"modified":"2024-01-14T18:18:38","modified_gmt":"2024-01-14T14:18:38","slug":"siginacaqdaki-usaqlarin-qar-sevinci","status":"publish","type":"post","link":"https:\/\/arantv.az\/?p=679735","title":{"rendered":"S\u0131\u011f\u0131nacaqdak\u0131 u\u015faqlar\u0131n qar sevinci"},"content":{"rendered":"<div class=\"entry-meta\">\n<p><img class=\"fotorama__img\" src=\"https:\/\/azertag.az\/files\/galleryphoto\/2024\/1\/1200x630\/17052295344182037138_1200x630.jpg\" \/><\/p>\n<\/div>\n<div class=\"news-gallery society\">\n<div class=\"fotorama-gallery fotorama fotorama1705241856381\">\n<div class=\"fotorama__wrap fotorama__wrap--css3 fotorama__wrap--slide fotorama__wrap--toggle-arrows fotorama__wrap--no-controls\">\n<div class=\"fotorama__nav-wrap\">\n<div class=\"fotorama__nav fotorama__nav--thumbs\">\n<div class=\"fotorama__nav__shaft\">\n<div class=\"fotorama__nav__frame fotorama__nav__frame--thumb\" tabindex=\"0\" role=\"button\">\n<div class=\"fotorama__thumb fotorama__loaded fotorama__loaded--img\"><img class=\"fotorama__img\" src=\"https:\/\/azertag.az\/files\/galleryphoto\/2024\/1\/1200x630\/17052295342692838851_1200x630.jpg\" \/><\/div>\n<\/div>\n<div class=\"fotorama__nav__frame fotorama__nav__frame--thumb\" tabindex=\"0\" role=\"button\">\n<div class=\"fotorama__thumb fotorama__loaded fotorama__loaded--img\"><img class=\"fotorama__img\" src=\"https:\/\/azertag.az\/files\/galleryphoto\/2024\/1\/1200x630\/17052295345762112223_1200x630.jpg\" \/><\/div>\n<\/div>\n<div class=\"fotorama__nav__frame fotorama__nav__frame--thumb\" tabindex=\"0\" role=\"button\">\n<div class=\"fotorama__thumb fotorama__loaded fotorama__loaded--img\"><img class=\"fotorama__img\" src=\"https:\/\/azertag.az\/files\/galleryphoto\/2024\/1\/1200x630\/17052295343148628637_1200x630.jpg\" \/><\/div>\n<\/div>\n<div class=\"fotorama__nav__frame fotorama__nav__frame--thumb\" tabindex=\"0\" role=\"button\">\n<div class=\"fotorama__thumb fotorama__loaded fotorama__loaded--img\"><img class=\"fotorama__img\" src=\"https:\/\/azertag.az\/files\/galleryphoto\/2024\/1\/1200x630\/17052295342384457318_1200x630.jpg\" \/><\/div>\n<\/div>\n<div class=\"fotorama__nav__frame fotorama__nav__frame--thumb\" tabindex=\"0\" role=\"button\">\n<div class=\"fotorama__thumb fotorama__loaded fotorama__loaded--img\"><img class=\"fotorama__img\" src=\"https:\/\/azertag.az\/files\/galleryphoto\/2024\/1\/1200x630\/170522953456114747_1200x630.jpg\" \/><\/div>\n<\/div>\n<div class=\"fotorama__nav__frame fotorama__nav__frame--thumb\" tabindex=\"0\" role=\"button\">\n<div class=\"fotorama__thumb fotorama__loaded fotorama__loaded--img\"><img class=\"fotorama__img\" src=\"https:\/\/azertag.az\/files\/galleryphoto\/2024\/1\/1200x630\/17052295344743929668_1200x630.jpg\" \/><\/div>\n<\/div>\n<div class=\"fotorama__nav__frame fotorama__nav__frame--thumb\" tabindex=\"0\" role=\"button\">\n<div class=\"fotorama__thumb fotorama__loaded fotorama__loaded--img\"><img class=\"fotorama__img\" src=\"https:\/\/azertag.az\/files\/galleryphoto\/2024\/1\/1200x630\/17052295342955452214_1200x630.jpg\" \/><\/div>\n<\/div>\n<\/div>\n<\/div>\n<\/div>\n<\/div>\n<\/div>\n<\/div>\n<div class=\"news-body\">\n<p>&nbsp;<\/p>\n<p>\u201cAz\u0259rbaycan U\u015faqlar\u0131\u201d \u0130ctimai Birliyinin U\u015faq S\u0131\u011f\u0131naca\u011f\u0131- Reinteqrasiya M\u0259rk\u0259zi yeni ilin ilk qar\u0131n\u0131 sevincl\u0259 qar\u015f\u0131lay\u0131b.<\/p>\n<p><a class=\"azertac-link\" href=\"https:\/\/azertag.az\/\" target=\"_blank\" rel=\"noopener\">AZ\u018fRTAC<\/a>\u00a0s\u0131\u011f\u0131nacaqdak\u0131 u\u015faqlar\u0131n qar sevincini t\u0259qdim edir.<\/p>\n<p>Qeyd ed\u0259k ki, haz\u0131rda s\u0131\u011f\u0131nacaqda 30-dan \u00e7ox u\u015faq m\u0259skunla\u015f\u0131b.<\/p>\n<\/div>\n","protected":false},"excerpt":{"rendered":"<p>&nbsp; \u201cAz\u0259rbaycan U\u015faqlar\u0131\u201d \u0130ctimai Birliyinin U\u015faq S\u0131\u011f\u0131naca\u011f\u0131- Reinteqrasiya M\u0259rk\u0259zi yeni ilin ilk qar\u0131n\u0131 sevincl\u0259 qar\u015f\u0131lay\u0131b. AZ\u018fRTAC\u00a0s\u0131\u011f\u0131nacaqdak\u0131 u\u015faqlar\u0131n qar sevincini t\u0259qdim edir. Qeyd ed\u0259k ki, haz\u0131rda s\u0131\u011f\u0131nacaqda 30-dan \u00e7ox u\u015faq m\u0259skunla\u015f\u0131b.<\/p>\n","protected":false},"author":2,"featured_media":679736,"comment_status":"closed","ping_status":"closed","sticky":false,"template":"","format":"standard","meta":{"om_disable_all_campaigns":false,"_monsterinsights_skip_tracking":false,"_monsterinsights_sitenote_active":false,"_monsterinsights_sitenote_note":"","_monsterinsights_sitenote_category":0},"categories":[1],"tags":[],"aioseo_notices":[],"gutentor_comment":0,"rttpg_featured_image_url":{"full":["https:\/\/arantv.az\/wp-content\/uploads\/2024\/01\/17052295342955452214_1200x630.jpg",945,630,false],"landscape":["https:\/\/arantv.az\/wp-content\/uploads\/2024\/01\/17052295342955452214_1200x630.jpg",945,630,false],"portraits":["https:\/\/arantv.az\/wp-content\/uploads\/2024\/01\/17052295342955452214_1200x630.jpg",945,630,false],"thumbnail":["https:\/\/arantv.az\/wp-content\/uploads\/2024\/01\/17052295342955452214_1200x630-500x280.jpg",500,280,true],"medium":["https:\/\/arantv.az\/wp-content\/uploads\/2024\/01\/17052295342955452214_1200x630-548x365.jpg",548,365,true],"large":["https:\/\/arantv.az\/wp-content\/uploads\/2024\/01\/17052295342955452214_1200x630-840x560.jpg",640,427,true],"1536x1536":["https:\/\/arantv.az\/wp-content\/uploads\/2024\/01\/17052295342955452214_1200x630.jpg",945,630,false],"2048x2048":["https:\/\/arantv.az\/wp-content\/uploads\/2024\/01\/17052295342955452214_1200x630.jpg",945,630,false],"post-thumbnail":["https:\/\/arantv.az\/wp-content\/uploads\/2024\/01\/17052295342955452214_1200x630-240x172.jpg",240,172,true],"advps-thumb-one":["https:\/\/arantv.az\/wp-content\/uploads\/2024\/01\/17052295342955452214_1200x630-945x620.jpg",945,620,true]},"rttpg_author":{"display_name":"V\u00fcsal Rafiqo\u011flu","author_link":"https:\/\/arantv.az\/?author=2"},"rttpg_comment":0,"rttpg_category":"<a href=\"https:\/\/arantv.az\/?cat=1\" rel=\"category\">C\u0259miyy\u0259t<\/a>","rttpg_excerpt":"&nbsp; \u201cAz\u0259rbaycan U\u015faqlar\u0131\u201d \u0130ctimai Birliyinin U\u015faq S\u0131\u011f\u0131naca\u011f\u0131- Reinteqrasiya M\u0259rk\u0259zi yeni ilin ilk qar\u0131n\u0131 sevincl\u0259 qar\u015f\u0131lay\u0131b. AZ\u018fRTAC\u00a0s\u0131\u011f\u0131nacaqdak\u0131 u\u015faqlar\u0131n qar sevincini t\u0259qdim edir. Qeyd ed\u0259k ki, haz\u0131rda s\u0131\u011f\u0131nacaqda 30-dan \u00e7ox u\u015faq m\u0259skunla\u015f\u0131b.","_links":{"self":[{"href":"https:\/\/arantv.az\/index.php?rest_route=\/wp\/v2\/posts\/679735"}],"collection":[{"href":"https:\/\/arantv.az\/index.php?rest_route=\/wp\/v2\/posts"}],"about":[{"href":"https:\/\/arantv.az\/index.php?rest_route=\/wp\/v2\/types\/post"}],"author":[{"embeddable":true,"href":"https:\/\/arantv.az\/index.php?rest_route=\/wp\/v2\/users\/2"}],"replies":[{"embeddable":true,"href":"https:\/\/arantv.az\/index.php?rest_route=%2Fwp%2Fv2%2Fcomments&post=679735"}],"version-history":[{"count":0,"href":"https:\/\/arantv.az\/index.php?rest_route=\/wp\/v2\/posts\/679735\/revisions"}],"wp:featuredmedia":[{"embeddable":true,"href":"https:\/\/arantv.az\/index.php?rest_route=\/wp\/v2\/media\/679736"}],"wp:attachment":[{"href":"https:\/\/arantv.az\/index.php?rest_route=%2Fwp%2Fv2%2Fmedia&parent=679735"}],"wp:term":[{"taxonomy":"category","embeddable":true,"href":"https:\/\/arantv.az\/index.php?rest_route=%2Fwp%2Fv2%2Fcategories&post=679735"},{"taxonomy":"post_tag","embeddable":true,"href":"https:\/\/arantv.az\/index.php?rest_route=%2Fwp%2Fv2%2Ftags&post=679735"}],"curies":[{"name":"wp","href":"https:\/\/api.w.org\/{rel}","templated":true}]}}