{"id":680507,"date":"2024-01-16T17:57:57","date_gmt":"2024-01-16T13:57:57","guid":{"rendered":"https:\/\/arantv.az\/?p=680507"},"modified":"2024-01-16T17:57:57","modified_gmt":"2024-01-16T13:57:57","slug":"az%c9%99rbaycanin-guam-da-s%c9%99drliyinin-prioritetl%c9%99ri-aciqlanib","status":"publish","type":"post","link":"https:\/\/arantv.az\/?p=680507","title":{"rendered":"Az\u0259rbaycan\u0131n GUAM-da s\u0259drliyinin prioritetl\u0259ri a\u00e7\u0131qlan\u0131b"},"content":{"rendered":"<p>Az\u0259rbaycan\u0131n 2024-c\u00fc il \u00fc\u00e7\u00fcn Demokratiya v\u0259 \u0130qtisadi \u0130nki\u015faf Namin\u0259 T\u0259\u015fkilatda (GUAM) s\u0259drliyinin \u0259sas istiqam\u0259tl\u0259ri m\u00fc\u0259yy\u0259n edilib.<\/p>\n<p>Bu bar\u0259d\u0259 qurumun m\u0259tbuat xidm\u0259ti\u00a0x\u0259b\u0259r verib.<\/p>\n<p>Qeyd olunub ki, Az\u0259rbaycan s\u0259drlik m\u00fcdd\u0259tind\u0259 t\u0259\u015fkilat\u0131n m\u0259qs\u0259dl\u0259rinin h\u0259yata ke\u00e7irilm\u0259sin\u0259 t\u00f6hf\u0259 verm\u0259y\u0259, x\u00fcsusil\u0259 d\u0259 minat\u0259mizl\u0259m\u0259 v\u0259 m\u00fcnaqi\u015f\u0259d\u0259n sonrak\u0131 b\u0259rpa v\u0259 yenid\u0259nqurma sah\u0259sind\u0259 t\u0259cr\u00fcb\u0259 v\u0259 bilik m\u00fcbadil\u0259si, n\u0259qliyyat v\u0259 logistika sah\u0259sind\u0259 \u0259m\u0259kda\u015fl\u0131\u011f\u0131n g\u00fccl\u0259ndirilm\u0259sin\u0259 \u00e7al\u0131\u015facaq. Eyni zamanda r\u0259q\u0259msalla\u015fma sah\u0259sind\u0259 f\u0259aliyy\u0259tin stimulla\u015fd\u0131r\u0131lmas\u0131, n\u0259qliyyat d\u0259hlizl\u0259rinin r\u0259q\u0259msalla\u015fd\u0131r\u0131lmas\u0131, enerji t\u0259hl\u00fck\u0259sizliyi sah\u0259si v\u0259 s. kimi \u0259m\u0259kda\u015fl\u0131q sah\u0259l\u0259rin\u0259 diqq\u0259t yetir\u0259c\u0259k.<\/p>\n<p>Bundan \u0259lav\u0259, Az\u0259rbaycan\u0131n s\u0259drliyi beyn\u0259lxalq platformalar &#8211; BMT, AT\u018fT, Avropa \u015euras\u0131 v\u0259 dig\u0259r beyn\u0259lxalq t\u0259\u015fkilatlar \u00e7\u0259r\u00e7iv\u0259sind\u0259 GUAM-a \u00fczv d\u00f6vl\u0259tl\u0259rin birg\u0259 s\u0259yl\u0259rini \u0259laq\u0259l\u0259ndirm\u0259y\u0259 davam ed\u0259c\u0259k. S\u0259drlik, h\u0259m\u00e7inin t\u0259\u015fkilat\u0131n s\u0259m\u0259r\u0259liliyinin art\u0131r\u0131lmas\u0131na diqq\u0259t yetir\u0259c\u0259k.<\/p>\n<p>Qeyd ed\u0259k ki, Az\u0259rbaycan 2024-c\u00fc ild\u0259\u00a0Milli Koordinatorlar \u015euras\u0131 v\u0259 Xarici \u0130\u015fl\u0259r Nazirl\u0259ri \u015euras\u0131n\u0131n iclaslar\u0131n\u0131 da t\u0259\u015fkil ed\u0259c\u0259k.<\/p>\n","protected":false},"excerpt":{"rendered":"<p>Az\u0259rbaycan\u0131n 2024-c\u00fc il \u00fc\u00e7\u00fcn Demokratiya v\u0259 \u0130qtisadi \u0130nki\u015faf Namin\u0259 T\u0259\u015fkilatda (GUAM) s\u0259drliyinin \u0259sas istiqam\u0259tl\u0259ri m\u00fc\u0259yy\u0259n edilib. Bu bar\u0259d\u0259 qurumun m\u0259tbuat xidm\u0259ti\u00a0x\u0259b\u0259r verib. Qeyd olunub ki, Az\u0259rbaycan s\u0259drlik m\u00fcdd\u0259tind\u0259 t\u0259\u015fkilat\u0131n m\u0259qs\u0259dl\u0259rinin h\u0259yata ke\u00e7irilm\u0259sin\u0259 t\u00f6hf\u0259 verm\u0259y\u0259, x\u00fcsusil\u0259 d\u0259 minat\u0259mizl\u0259m\u0259 v\u0259 m\u00fcnaqi\u015f\u0259d\u0259n sonrak\u0131 b\u0259rpa v\u0259 yenid\u0259nqurma sah\u0259sind\u0259 t\u0259cr\u00fcb\u0259 v\u0259 bilik m\u00fcbadil\u0259si, n\u0259qliyyat v\u0259 logistika sah\u0259sind\u0259 \u0259m\u0259kda\u015fl\u0131\u011f\u0131n g\u00fccl\u0259ndirilm\u0259sin\u0259 \u00e7al\u0131\u015facaq. Eyni zamanda r\u0259q\u0259msalla\u015fma sah\u0259sind\u0259 f\u0259aliyy\u0259tin stimulla\u015fd\u0131r\u0131lmas\u0131, n\u0259qliyyat d\u0259hlizl\u0259rinin r\u0259q\u0259msalla\u015fd\u0131r\u0131lmas\u0131, enerji t\u0259hl\u00fck\u0259sizliyi sah\u0259si v\u0259 s. kimi \u0259m\u0259kda\u015fl\u0131q sah\u0259l\u0259rin\u0259 diqq\u0259t yetir\u0259c\u0259k. Bundan \u0259lav\u0259, Az\u0259rbaycan\u0131n s\u0259drliyi beyn\u0259lxalq platformalar &#8211; BMT, AT\u018fT, Avropa \u015euras\u0131 v\u0259 dig\u0259r beyn\u0259lxalq t\u0259\u015fkilatlar \u00e7\u0259r\u00e7iv\u0259sind\u0259&hellip;<\/p>\n","protected":false},"author":2,"featured_media":680508,"comment_status":"closed","ping_status":"closed","sticky":false,"template":"","format":"standard","meta":{"om_disable_all_campaigns":false,"_monsterinsights_skip_tracking":false,"_monsterinsights_sitenote_active":false,"_monsterinsights_sitenote_note":"","_monsterinsights_sitenote_category":0},"categories":[4],"tags":[],"aioseo_notices":[],"gutentor_comment":0,"rttpg_featured_image_url":{"full":["https:\/\/arantv.az\/wp-content\/uploads\/2024\/01\/56fcc072-c122-3090-bc66-6c8f6a38aaa9_850.jpg",620,413,false],"landscape":["https:\/\/arantv.az\/wp-content\/uploads\/2024\/01\/56fcc072-c122-3090-bc66-6c8f6a38aaa9_850.jpg",620,413,false],"portraits":["https:\/\/arantv.az\/wp-content\/uploads\/2024\/01\/56fcc072-c122-3090-bc66-6c8f6a38aaa9_850.jpg",620,413,false],"thumbnail":["https:\/\/arantv.az\/wp-content\/uploads\/2024\/01\/56fcc072-c122-3090-bc66-6c8f6a38aaa9_850-500x280.jpg",500,280,true],"medium":["https:\/\/arantv.az\/wp-content\/uploads\/2024\/01\/56fcc072-c122-3090-bc66-6c8f6a38aaa9_850-548x365.jpg",548,365,true],"large":["https:\/\/arantv.az\/wp-content\/uploads\/2024\/01\/56fcc072-c122-3090-bc66-6c8f6a38aaa9_850.jpg",620,413,false],"1536x1536":["https:\/\/arantv.az\/wp-content\/uploads\/2024\/01\/56fcc072-c122-3090-bc66-6c8f6a38aaa9_850.jpg",620,413,false],"2048x2048":["https:\/\/arantv.az\/wp-content\/uploads\/2024\/01\/56fcc072-c122-3090-bc66-6c8f6a38aaa9_850.jpg",620,413,false],"post-thumbnail":["https:\/\/arantv.az\/wp-content\/uploads\/2024\/01\/56fcc072-c122-3090-bc66-6c8f6a38aaa9_850-240x172.jpg",240,172,true],"advps-thumb-one":["https:\/\/arantv.az\/wp-content\/uploads\/2024\/01\/56fcc072-c122-3090-bc66-6c8f6a38aaa9_850.jpg",620,413,false]},"rttpg_author":{"display_name":"V\u00fcsal Rafiqo\u011flu","author_link":"https:\/\/arantv.az\/?author=2"},"rttpg_comment":0,"rttpg_category":"<a href=\"https:\/\/arantv.az\/?cat=4\" rel=\"category\">Siyas\u0259t<\/a>","rttpg_excerpt":"Az\u0259rbaycan\u0131n 2024-c\u00fc il \u00fc\u00e7\u00fcn Demokratiya v\u0259 \u0130qtisadi \u0130nki\u015faf Namin\u0259 T\u0259\u015fkilatda (GUAM) s\u0259drliyinin \u0259sas istiqam\u0259tl\u0259ri m\u00fc\u0259yy\u0259n edilib. Bu bar\u0259d\u0259 qurumun m\u0259tbuat xidm\u0259ti\u00a0x\u0259b\u0259r verib. Qeyd olunub ki, Az\u0259rbaycan s\u0259drlik m\u00fcdd\u0259tind\u0259 t\u0259\u015fkilat\u0131n m\u0259qs\u0259dl\u0259rinin h\u0259yata ke\u00e7irilm\u0259sin\u0259 t\u00f6hf\u0259 verm\u0259y\u0259, x\u00fcsusil\u0259 d\u0259 minat\u0259mizl\u0259m\u0259 v\u0259 m\u00fcnaqi\u015f\u0259d\u0259n sonrak\u0131 b\u0259rpa v\u0259 yenid\u0259nqurma sah\u0259sind\u0259 t\u0259cr\u00fcb\u0259 v\u0259 bilik m\u00fcbadil\u0259si, n\u0259qliyyat v\u0259 logistika sah\u0259sind\u0259 \u0259m\u0259kda\u015fl\u0131\u011f\u0131n g\u00fccl\u0259ndirilm\u0259sin\u0259 \u00e7al\u0131\u015facaq.&hellip;","_links":{"self":[{"href":"https:\/\/arantv.az\/index.php?rest_route=\/wp\/v2\/posts\/680507"}],"collection":[{"href":"https:\/\/arantv.az\/index.php?rest_route=\/wp\/v2\/posts"}],"about":[{"href":"https:\/\/arantv.az\/index.php?rest_route=\/wp\/v2\/types\/post"}],"author":[{"embeddable":true,"href":"https:\/\/arantv.az\/index.php?rest_route=\/wp\/v2\/users\/2"}],"replies":[{"embeddable":true,"href":"https:\/\/arantv.az\/index.php?rest_route=%2Fwp%2Fv2%2Fcomments&post=680507"}],"version-history":[{"count":0,"href":"https:\/\/arantv.az\/index.php?rest_route=\/wp\/v2\/posts\/680507\/revisions"}],"wp:featuredmedia":[{"embeddable":true,"href":"https:\/\/arantv.az\/index.php?rest_route=\/wp\/v2\/media\/680508"}],"wp:attachment":[{"href":"https:\/\/arantv.az\/index.php?rest_route=%2Fwp%2Fv2%2Fmedia&parent=680507"}],"wp:term":[{"taxonomy":"category","embeddable":true,"href":"https:\/\/arantv.az\/index.php?rest_route=%2Fwp%2Fv2%2Fcategories&post=680507"},{"taxonomy":"post_tag","embeddable":true,"href":"https:\/\/arantv.az\/index.php?rest_route=%2Fwp%2Fv2%2Ftags&post=680507"}],"curies":[{"name":"wp","href":"https:\/\/api.w.org\/{rel}","templated":true}]}}