{"id":680560,"date":"2024-01-16T18:19:17","date_gmt":"2024-01-16T14:19:17","guid":{"rendered":"https:\/\/arantv.az\/?p=680560"},"modified":"2024-01-16T18:19:17","modified_gmt":"2024-01-16T14:19:17","slug":"h%c9%99rbi-xidm%c9%99td%c9%99n-yayinan-m%c9%99cburi-kockunl%c9%99r%c9%99-muavin%c9%99t-verilm%c9%99y%c9%99c%c9%99k","status":"publish","type":"post","link":"https:\/\/arantv.az\/?p=680560","title":{"rendered":"H\u0259rbi xidm\u0259td\u0259n yay\u0131nan m\u0259cburi k\u00f6\u00e7k\u00fcnl\u0259r\u0259 m\u00fcavin\u0259t VER\u0130LM\u018fY\u018fC\u018fK"},"content":{"rendered":"<p>Ayl\u0131q m\u00fcavin\u0259t m\u00fcdd\u0259tli h\u0259qiqi h\u0259rbi xidm\u0259td\u0259n boyun qa\u00e7\u0131rm\u0131\u015f m\u0259cburi k\u00f6\u00e7k\u00fcn statusu olan \u015f\u0259xsl\u0259r\u0259 \u015famil edilm\u0259y\u0259c\u0259k.<\/p>\n<p>Bizim.Media\u00a0<a title=\"xeberler son xeberler 2024\" href=\"https:\/\/big.az\/\" target=\"_blank\" rel=\"noopener\">x\u0259b\u0259r<\/a>\u00a0verir ki, Nazirl\u0259r Kabineti bununla ba\u011fl\u0131 &#8220;M\u0259cburi k\u00f6\u00e7k\u00fcnl\u0259r v\u0259 onlara b\u0259rab\u0259r tutulan \u015f\u0259xsl\u0259r \u00fc\u00e7\u00fcn yem\u0259k x\u0259rci m\u00fcavin\u0259ti, habel\u0259 kommunal v\u0259 dig\u0259r xidm\u0259tl\u0259r \u00fczr\u0259 d\u00f6vl\u0259t b\u00fcdc\u0259sind\u0259n \u00f6d\u0259ni\u015fl\u0259r \u0259v\u0259zin\u0259 vahid ayl\u0131q m\u00fcavin\u0259tin \u00f6d\u0259nilm\u0259si Qaydas\u0131&#8221;nda d\u0259yi\u015fiklik edib.<\/p>\n<p>Bundan \u0259vv\u0259l s\u0259f\u0259rb\u0259rlik \u00fczr\u0259 hrbi xidm\u0259t\u0259 \u00e7a\u011f\u0131r\u0131\u015fdan boyun qa\u00e7\u0131ran m\u0259cburi k\u00f6\u00e7k\u00fcn statusu olan \u015f\u0259xsl\u0259r\u0259 bu m\u00fcavin\u0259t \u015famil edilm\u0259yib.<\/p>\n<p>Qeyd ed\u0259k ki, bu Qayda m\u0259cburi k\u00f6\u00e7k\u00fcnl\u0259r v\u0259 onlara b\u0259rab\u0259r tutulan \u015f\u0259xsl\u0259r \u00fc\u00e7\u00fcn vahid ayl\u0131q m\u00fcavin\u0259tin m\u00fc\u0259yy\u0259n edilm\u0259si haqq\u0131nda&#8221; Az\u0259rbaycan Respublikas\u0131 Prezidentinin 2017-ci il 23 yanvar tarixli 1206 n\u00f6mr\u0259li F\u0259rman\u0131n\u0131n 2.1-ci b\u0259ndinin icras\u0131n\u0131 t\u0259min etm\u0259k m\u0259qs\u0259di il\u0259 haz\u0131rlanm\u0131\u015fd\u0131r, m\u0259cburi k\u00f6\u00e7k\u00fcnl\u0259r v\u0259 onlara b\u0259rab\u0259r tutulan \u015f\u0259xsl\u0259r \u00fc\u00e7\u00fcn yem\u0259k x\u0259rci m\u00fcavin\u0259ti, habel\u0259 kommunal v\u0259 dig\u0259r xidm\u0259tl\u0259r \u00fczr\u0259 d\u00f6vl\u0259t b\u00fcdc\u0259sind\u0259n \u00f6d\u0259ni\u015fl\u0259r \u0259v\u0259zin\u0259, vahid ayl\u0131q m\u00fcavin\u0259tin (bundan sonra \u2013 ayl\u0131q m\u00fcavin\u0259t) \u00f6d\u0259nilm\u0259si qaydalar\u0131n\u0131 m\u00fc\u0259yy\u0259n edir.<\/p>\n","protected":false},"excerpt":{"rendered":"<p>Ayl\u0131q m\u00fcavin\u0259t m\u00fcdd\u0259tli h\u0259qiqi h\u0259rbi xidm\u0259td\u0259n boyun qa\u00e7\u0131rm\u0131\u015f m\u0259cburi k\u00f6\u00e7k\u00fcn statusu olan \u015f\u0259xsl\u0259r\u0259 \u015famil edilm\u0259y\u0259c\u0259k. Bizim.Media\u00a0x\u0259b\u0259r\u00a0verir ki, Nazirl\u0259r Kabineti bununla ba\u011fl\u0131 &#8220;M\u0259cburi k\u00f6\u00e7k\u00fcnl\u0259r v\u0259 onlara b\u0259rab\u0259r tutulan \u015f\u0259xsl\u0259r \u00fc\u00e7\u00fcn yem\u0259k x\u0259rci m\u00fcavin\u0259ti, habel\u0259 kommunal v\u0259 dig\u0259r xidm\u0259tl\u0259r \u00fczr\u0259 d\u00f6vl\u0259t b\u00fcdc\u0259sind\u0259n \u00f6d\u0259ni\u015fl\u0259r \u0259v\u0259zin\u0259 vahid ayl\u0131q m\u00fcavin\u0259tin \u00f6d\u0259nilm\u0259si Qaydas\u0131&#8221;nda d\u0259yi\u015fiklik edib. Bundan \u0259vv\u0259l s\u0259f\u0259rb\u0259rlik \u00fczr\u0259 hrbi xidm\u0259t\u0259 \u00e7a\u011f\u0131r\u0131\u015fdan boyun qa\u00e7\u0131ran m\u0259cburi k\u00f6\u00e7k\u00fcn statusu olan \u015f\u0259xsl\u0259r\u0259 bu m\u00fcavin\u0259t \u015famil edilm\u0259yib. Qeyd ed\u0259k ki, bu Qayda m\u0259cburi k\u00f6\u00e7k\u00fcnl\u0259r v\u0259 onlara b\u0259rab\u0259r tutulan \u015f\u0259xsl\u0259r \u00fc\u00e7\u00fcn vahid ayl\u0131q m\u00fcavin\u0259tin m\u00fc\u0259yy\u0259n edilm\u0259si haqq\u0131nda&#8221; Az\u0259rbaycan Respublikas\u0131 Prezidentinin 2017-ci&hellip;<\/p>\n","protected":false},"author":2,"featured_media":680561,"comment_status":"closed","ping_status":"closed","sticky":false,"template":"","format":"standard","meta":{"om_disable_all_campaigns":false,"_monsterinsights_skip_tracking":false,"_monsterinsights_sitenote_active":false,"_monsterinsights_sitenote_note":"","_monsterinsights_sitenote_category":0},"categories":[1],"tags":[],"aioseo_notices":[],"gutentor_comment":0,"rttpg_featured_image_url":{"full":["https:\/\/arantv.az\/wp-content\/uploads\/2024\/01\/muavinet_81705408745.jpg",649,292,false],"landscape":["https:\/\/arantv.az\/wp-content\/uploads\/2024\/01\/muavinet_81705408745.jpg",649,292,false],"portraits":["https:\/\/arantv.az\/wp-content\/uploads\/2024\/01\/muavinet_81705408745.jpg",649,292,false],"thumbnail":["https:\/\/arantv.az\/wp-content\/uploads\/2024\/01\/muavinet_81705408745-500x280.jpg",500,280,true],"medium":["https:\/\/arantv.az\/wp-content\/uploads\/2024\/01\/muavinet_81705408745.jpg",649,292,false],"large":["https:\/\/arantv.az\/wp-content\/uploads\/2024\/01\/muavinet_81705408745.jpg",640,288,false],"1536x1536":["https:\/\/arantv.az\/wp-content\/uploads\/2024\/01\/muavinet_81705408745.jpg",649,292,false],"2048x2048":["https:\/\/arantv.az\/wp-content\/uploads\/2024\/01\/muavinet_81705408745.jpg",649,292,false],"post-thumbnail":["https:\/\/arantv.az\/wp-content\/uploads\/2024\/01\/muavinet_81705408745-240x172.jpg",240,172,true],"advps-thumb-one":["https:\/\/arantv.az\/wp-content\/uploads\/2024\/01\/muavinet_81705408745.jpg",649,292,false]},"rttpg_author":{"display_name":"V\u00fcsal Rafiqo\u011flu","author_link":"https:\/\/arantv.az\/?author=2"},"rttpg_comment":0,"rttpg_category":"<a href=\"https:\/\/arantv.az\/?cat=1\" rel=\"category\">C\u0259miyy\u0259t<\/a>","rttpg_excerpt":"Ayl\u0131q m\u00fcavin\u0259t m\u00fcdd\u0259tli h\u0259qiqi h\u0259rbi xidm\u0259td\u0259n boyun qa\u00e7\u0131rm\u0131\u015f m\u0259cburi k\u00f6\u00e7k\u00fcn statusu olan \u015f\u0259xsl\u0259r\u0259 \u015famil edilm\u0259y\u0259c\u0259k. Bizim.Media\u00a0x\u0259b\u0259r\u00a0verir ki, Nazirl\u0259r Kabineti bununla ba\u011fl\u0131 &#8220;M\u0259cburi k\u00f6\u00e7k\u00fcnl\u0259r v\u0259 onlara b\u0259rab\u0259r tutulan \u015f\u0259xsl\u0259r \u00fc\u00e7\u00fcn yem\u0259k x\u0259rci m\u00fcavin\u0259ti, habel\u0259 kommunal v\u0259 dig\u0259r xidm\u0259tl\u0259r \u00fczr\u0259 d\u00f6vl\u0259t b\u00fcdc\u0259sind\u0259n \u00f6d\u0259ni\u015fl\u0259r \u0259v\u0259zin\u0259 vahid ayl\u0131q m\u00fcavin\u0259tin \u00f6d\u0259nilm\u0259si Qaydas\u0131&#8221;nda d\u0259yi\u015fiklik edib. Bundan \u0259vv\u0259l s\u0259f\u0259rb\u0259rlik \u00fczr\u0259 hrbi xidm\u0259t\u0259&hellip;","_links":{"self":[{"href":"https:\/\/arantv.az\/index.php?rest_route=\/wp\/v2\/posts\/680560"}],"collection":[{"href":"https:\/\/arantv.az\/index.php?rest_route=\/wp\/v2\/posts"}],"about":[{"href":"https:\/\/arantv.az\/index.php?rest_route=\/wp\/v2\/types\/post"}],"author":[{"embeddable":true,"href":"https:\/\/arantv.az\/index.php?rest_route=\/wp\/v2\/users\/2"}],"replies":[{"embeddable":true,"href":"https:\/\/arantv.az\/index.php?rest_route=%2Fwp%2Fv2%2Fcomments&post=680560"}],"version-history":[{"count":0,"href":"https:\/\/arantv.az\/index.php?rest_route=\/wp\/v2\/posts\/680560\/revisions"}],"wp:featuredmedia":[{"embeddable":true,"href":"https:\/\/arantv.az\/index.php?rest_route=\/wp\/v2\/media\/680561"}],"wp:attachment":[{"href":"https:\/\/arantv.az\/index.php?rest_route=%2Fwp%2Fv2%2Fmedia&parent=680560"}],"wp:term":[{"taxonomy":"category","embeddable":true,"href":"https:\/\/arantv.az\/index.php?rest_route=%2Fwp%2Fv2%2Fcategories&post=680560"},{"taxonomy":"post_tag","embeddable":true,"href":"https:\/\/arantv.az\/index.php?rest_route=%2Fwp%2Fv2%2Ftags&post=680560"}],"curies":[{"name":"wp","href":"https:\/\/api.w.org\/{rel}","templated":true}]}}